{"id":81460,"date":"2022-04-07T15:13:57","date_gmt":"2022-04-07T18:13:57","guid":{"rendered":"https:\/\/pdt-rj.org.br\/?p=81460"},"modified":"2022-04-07T15:13:57","modified_gmt":"2022-04-07T18:13:57","slug":"japeri-oferece-tratamento-dentario-gratuito-para-criancas","status":"publish","type":"post","link":"https:\/\/pdt-rj.org.br\/index.php\/japeri-oferece-tratamento-dentario-gratuito-para-criancas\/","title":{"rendered":"Japeri oferece tratamento dent\u00e1rio gratuito para crian\u00e7as"},"content":{"rendered":"<p class=\"has-text-align-center\"><strong>Centro de Especialidades Odontol\u00f3gicas realiza cerca de 250 atendimentos de odontopediatria ao m\u00eas<\/strong><\/p>\n<p class=\"has-text-align-justify\">Cuidar dos dentes desde crian\u00e7a faz toda diferen\u00e7a no futuro. Pensando nisso, a Prefeitura de Japeri, administrada pelo PDT, oferece tratamento dent\u00e1rio gratuito para os baixinhos da cidade, no Centro de Especialidades Odontol\u00f3gicas. O espa\u00e7o, que funciona anexo \u00e0 Unidade Mista de Engenheiro Pedreira, atende desde beb\u00eas at\u00e9 12 anos.<\/p>\n<p class=\"has-text-align-justify\">Com mais de 250 atendimentos de odontopediatria ao m\u00eas, o Centro, vinculado \u00e0 Secretaria Municipal de Sa\u00fade, oferece servi\u00e7os de remo\u00e7\u00e3o de c\u00e1ries, curativos, canal, extra\u00e7\u00e3o de dentes de leite e muito mais.<\/p>\n<p class=\"has-text-align-justify\">\u201cO cuidado com a sa\u00fade bucal das crian\u00e7as n\u00e3o \u00e9 s\u00f3 responsabilidade do dentista, mas tamb\u00e9m dos pais. O acompanhamento deles com um profissional e uma boa higiene em casa far\u00e1 toda diferen\u00e7a na vida desses pequenos\u201d, explicou a coordenadora de Sa\u00fade Bucal, Ma\u00edra Felix.<\/p>\n<p class=\"has-text-align-justify\">A pequena Marcela dos Santos (7), foi uma das pacientes do Centro. Acompanhada pela m\u00e3e, Cristina Oliveira (42), ela fez sua primeira consulta no local. \u201cAdorei o atendimento aqui. A dentista tamb\u00e9m foi super atenciosa com a minha filha. Distraiu ela ao m\u00e1ximo com brinquedos, v\u00eddeos e hist\u00f3rias para que ela n\u00e3o ficasse com medo\u201d, contou a moradora do bairro Belo Horizonte.<\/p>\n<p class=\"has-text-align-justify\">Para agendar uma consulta, basta os pais compareceram \u00e0 Av. Tancredo Neves, 634-716, Parque Mucaj\u00e1, de segunda a sexta-feira, das 8h \u00e0s 17h, com identidade, CPF, comprovante de resid\u00eancia e cart\u00e3o do SUS pr\u00f3prio e do menor.<\/p>\n<!-- AddThis Advanced Settings generic via filter on the_content --><!-- AddThis Share Buttons generic via filter on the_content -->","protected":false},"excerpt":{"rendered":"<p>Centro de Especialidades Odontol\u00f3gicas realiza cerca de 250 atendimentos de odontopediatria ao m\u00eas Cuidar dos dentes desde crian\u00e7a faz toda diferen\u00e7a no futuro. Pensando nisso, a Prefeitura de Japeri, administrada pelo PDT, oferece tratamento dent\u00e1rio gratuito para os baixinhos da cidade, no Centro de Especialidades Odontol\u00f3gicas. O espa\u00e7o, que funciona anexo \u00e0 Unidade Mista de&#8230;<!-- AddThis Advanced Settings generic via filter on wp_trim_excerpt --><!-- AddThis Share Buttons generic via filter on wp_trim_excerpt --><\/p>\n","protected":false},"author":17,"featured_media":81461,"comment_status":"closed","ping_status":"closed","sticky":false,"template":"","format":"standard","meta":{"_monsterinsights_skip_tracking":false,"_monsterinsights_sitenote_active":false,"_monsterinsights_sitenote_note":"","_monsterinsights_sitenote_category":0,"_uf_show_specific_survey":0,"_uf_disable_surveys":false,"footnotes":""},"categories":[1390,1402],"tags":[],"class_list":["post-81460","post","type-post","status-publish","format-standard","has-post-thumbnail","hentry","category-editorias","category-cidades"],"acf":[],"_links":{"self":[{"href":"https:\/\/pdt-rj.org.br\/index.php\/wp-json\/wp\/v2\/posts\/81460","targetHints":{"allow":["GET"]}}],"collection":[{"href":"https:\/\/pdt-rj.org.br\/index.php\/wp-json\/wp\/v2\/posts"}],"about":[{"href":"https:\/\/pdt-rj.org.br\/index.php\/wp-json\/wp\/v2\/types\/post"}],"author":[{"embeddable":true,"href":"https:\/\/pdt-rj.org.br\/index.php\/wp-json\/wp\/v2\/users\/17"}],"replies":[{"embeddable":true,"href":"https:\/\/pdt-rj.org.br\/index.php\/wp-json\/wp\/v2\/comments?post=81460"}],"version-history":[{"count":1,"href":"https:\/\/pdt-rj.org.br\/index.php\/wp-json\/wp\/v2\/posts\/81460\/revisions"}],"predecessor-version":[{"id":81462,"href":"https:\/\/pdt-rj.org.br\/index.php\/wp-json\/wp\/v2\/posts\/81460\/revisions\/81462"}],"wp:featuredmedia":[{"embeddable":true,"href":"https:\/\/pdt-rj.org.br\/index.php\/wp-json\/wp\/v2\/media\/81461"}],"wp:attachment":[{"href":"https:\/\/pdt-rj.org.br\/index.php\/wp-json\/wp\/v2\/media?parent=81460"}],"wp:term":[{"taxonomy":"category","embeddable":true,"href":"https:\/\/pdt-rj.org.br\/index.php\/wp-json\/wp\/v2\/categories?post=81460"},{"taxonomy":"post_tag","embeddable":true,"href":"https:\/\/pdt-rj.org.br\/index.php\/wp-json\/wp\/v2\/tags?post=81460"}],"curies":[{"name":"wp","href":"https:\/\/api.w.org\/{rel}","templated":true}]}}