{"id":81412,"date":"2022-04-04T15:21:04","date_gmt":"2022-04-04T18:21:04","guid":{"rendered":"http:\/\/pdt-rj.org.br\/?p=81412"},"modified":"2022-04-05T15:07:09","modified_gmt":"2022-04-05T18:07:09","slug":"adriano-pires-indicado-por-bolsonaro-para-presidir-a-petrobras-desiste-do-cargo","status":"publish","type":"post","link":"https:\/\/pdt-rj.org.br\/index.php\/adriano-pires-indicado-por-bolsonaro-para-presidir-a-petrobras-desiste-do-cargo\/","title":{"rendered":"Adriano Pires, indicado por Bolsonaro para presidir a Petrobr\u00e1s, desiste do cargo"},"content":{"rendered":"<p>Indicado por Bolsonaro trabalhou na Ag\u00eancia Nacional de Petr\u00f3leo (ANP) e \u00e9 fundador do Centro Brasileiro de Infraestrutura (CBIE)<\/p>\n<p>O jornal \u201cO Globo\u201d anunciou, na tarde desta segunda (4\/4), citando fontes do Planalto, que o lobista Adriano Pires, indica\u00e7\u00e3o de Bolsonaro para substituir o general Silva e Luna na presid\u00eancia da Petrobr\u00e1s \u2013 a maior empresa do Brasil &#8211; desistiu do cargo. Outro indicado de Bolsonaro, este para a presid\u00eancia do Conselho de Administra\u00e7\u00e3o, Rodolfo Landim, investigado por malversa\u00e7\u00e3o de fundos pelo TCU, tamb\u00e9m recusou a indica\u00e7\u00e3o presidencial.<\/p>\n<p>Adriano Pires foi uma escolha do \u201ccentr\u00e3o\u201d, maioria governista que domina o Congresso, que segundo o jornal \u201cO Globo\u201d queria uma presid\u00eancia da estatal \u201ccom melhor comunica\u00e7\u00e3o no ano eleitoral, principalmente para explicar \u00e0 popula\u00e7\u00e3o o reajuste no pre\u00e7o dos combust\u00edveis\u201d.<\/p>\n<p>Segundo as fontes do Globo, Adriano Pires teria dito que n\u00e3o queria ser submetido a desgastes e ataques no comando da Petrobras, j\u00e1 que todos viam na sua nomea\u00e7\u00e3o um conflito de interesses com a estatal porque trabalha, como lobista, para todas as petrol\u00edferas estrangeiras que atuam no Brasil e querem abocanhar jazidas e subsidi\u00e1rias da Petrobr\u00e1s, via privatiza\u00e7\u00f5es \u2013 apoiadas por Adriano Pires.<\/p>\n<p>A desist\u00eancia de Pires, comunicada ao Planalto, pegou setores do governo de surpresa.<\/p>\n<p>At\u00e9 hoje cedo, defensores do nome de Pires diziam que a indica\u00e7\u00e3o dele estava mantida e que n\u00e3o havia plano B para a vaga. Ainda n\u00e3o h\u00e1 defini\u00e7\u00e3o sobre quem vai substituir Silva e Luna no comando da Petrobras.<\/p>\n<p>Pires, que j\u00e1 trabalhou na Ag\u00eancia Nacional de Petr\u00f3leo (ANP) e \u00e9 fundador do Centro Brasileiro de Infraestrutura (CBIE), foi indicado pelo governo Bolsonaro para substituir o general Silva e Luna no comando da estatal. Imediatamente, logo que seu nome foi anunciado, o Minist\u00e9rio P\u00fablico junto ao Tribunal de Contas da Uni\u00e3o pediu uma investiga\u00e7\u00e3o para que fosse verificado conflito de interesses, uma vez que ele atua na rede privada.<\/p>\n<p><strong>Pr\u00e9-sal e Petrobr\u00e1s<\/strong><\/p>\n<p>A Petrobr\u00e1s informou na sexta-feira passada (1\/4) que descobriu uma nova acumula\u00e7\u00e3o de petr\u00f3leo no pr\u00e9-sal da por\u00e7\u00e3o sul da Bacia de Campos, no po\u00e7o 1-BRSA-1383A-RJS (Alto de Cabo Frio Central Noroeste). O po\u00e7o est\u00e1 localizado a 230 km da cidade do Rio de Janeiro (RJ), em profundidade d\u2019\u00e1gua de 1.833 metros.<br \/>\nA Petrobras afirmou que as opera\u00e7\u00f5es de perfura\u00e7\u00e3o do po\u00e7o continuar\u00e3o at\u00e9 a profundidade final, \u201cvisando avaliar as dimens\u00f5es da nova acumula\u00e7\u00e3o, al\u00e9m de caracterizar a qualidade dos fluidos e dos reservat\u00f3rios constatados\u201d.<\/p>\n<p>Segundo o jornalista Paulo Motoryn, do blog \u201cBrasil de Fato\u201d, Pires \u00e9 dono de uma empresa &#8220;fantasma&#8221; com capital milion\u00e1rio em \u00e1rea residencial , no condom\u00ednio Roland Garros, na orla de Niter\u00f3i, que oficialmente \u00e9 exclusivamente residencial. A empresa chamada Tapd Nit Consultoria Empresarial, sediada no pr\u00e9dio residencial, tem capital registrado de 1,2 milh\u00e3o de reais. O \u201cBrasil de Fato\u201d n\u00e3o localizou nenhum site oficial ou p\u00e1gina da empresa na rede social corporativa LinkedIn.<\/p>\n<p>Tamb\u00e9m n\u00e3o h\u00e1 nenhum tipo de men\u00e7\u00e3o na internet ao nome da firma. De acordo com a Receita Federal, familiares de Pires s\u00e3o os s\u00f3cios-administradores. Al\u00e9m de Adriano Pires, o quadro societ\u00e1rio da Tapd Nit Consultoria Empresarial contempla a esposa de Adriano, Maria Tereza dos Santos Rodrigues, e seus filhos, Pedro Rodrigues e Deborah Rodrigues. Na Receita Federal, a descri\u00e7\u00e3o da atividade econ\u00f4mica principal da empresa \u00e9 de \u201cservi\u00e7os combinados de escrit\u00f3rio e apoio administrativo\u201d. Como &#8220;atividade secund\u00e1ria&#8221;, aparece que a empresa pode atuar em &#8220;gerenciamento de im\u00f3veis&#8221;. Em seus curr\u00edculos dispon\u00edveis no LinkedIn, Adriano Pires, Pedro e Deborah, n\u00e3o exibem o cargo ocupado na empresa como uma experi\u00eancia profissional.<\/p>\n<p>Pedro e Deborah trabalham com Pires. Ele, inclusive, assina artigos ao lado de Pires no site Poder360 e tem um canal no YouTube chamado \u201cManual do Brasil\u201d. Ela chegou a atuar por dois anos como assessora do Minist\u00e9rio da Economia, em cargo de confian\u00e7a, sob o comando de Paulo Guedes.<\/p>\n<p>Publicamente, Pires fundou e dirige uma empresa de consultoria, o Centro Brasileiro de Infraestrutura (CBIE), que h\u00e1 mais de 20 anos trabalha ou trabalhou para as principais multinacionais de petr\u00f3leo, g\u00e1s e energia.<\/p>\n<p>De acordo com reportagem do jornalista Rubens Valente, no UOL, contudo, a lista dos seus clientes n\u00e3o \u00e9 informada em nenhum endere\u00e7o p\u00fablico e, quando foram indagados sobre isso, o CBIE e Pires se recusaram a fornec\u00ea-la.  Procurado com uma s\u00e9rie de perguntas sobre os clientes da sua consultoria, o CBIE informou a Valente, por email na ter\u00e7a-feira  da semana passada quando da indica\u00e7\u00e3o (29): &#8220;Infelizmente n\u00e3o podemos atend\u00ea-lo, pois o prof. Adriano Pires est\u00e1 em per\u00edodo de sil\u00eancio&#8221;.<\/p>\n<p>Em 2019, nomeado pelo atual governo para integrar o Conselho Nacional de Pol\u00edtica Energ\u00e9tica (CNPE), Adriano Pires teve a oportunidade de esclarecer esse ponto, mas estrategicamente renunciou a cadeira de conselheiro do  \u00f3rg\u00e3o vinculado ao governo Bolsonaro assim que o tema dos seus clientes foi alvo de questionamento.<\/p>\n<p>Em dezembro do ano passado o site The Intercept Brasil aponta, com base na entrevista de um empres\u00e1rio que preferiu n\u00e3o se identificar para evitar preju\u00edzos profissionais, que Adriano Pires opera em \u201ctodo tipo de privatiza\u00e7\u00e3o, vantagem a particulares, defesa de interesses estrangeiros no setor el\u00e9trico e de petr\u00f3leo\u201d.<br \/>\nA reportagem aponta que Pires atuou com afinco por uma lei que beneficiasse a Comg\u00e1s, empresa sobre a qual ele costuma escrever artigos favor\u00e1veis e que tamb\u00e9m seria cliente da sua consultoria, segundo fontes do setor afirmaram ao \u201cIntercept\u201d. A apura\u00e7\u00e3o do ve\u00edculo aponta ainda que Pires atuou em diversas outras pautas em favor de empresas do setor de \u00f3leo e g\u00e1s que contratam seus servi\u00e7os, citando como exemplos a Comg\u00e1s e a Cosan.<\/p>\n<p>A Federa\u00e7\u00e3o \u00danica dos Petroleiros (FUP), ligada ao PT, afirmou que Adriano Pires, caso assumisse o comando da Petrobr\u00e1s, intensificaria a venda do patrim\u00f4nio da empresa, como j\u00e1 fizeram com a BR Distribuidora, dutos de g\u00e1s, plataformas, campos maduros e at\u00e9 jazidas do pr\u00e9-sal;  al\u00e9m de trabalhar para que o \u2018fracking\u2019 fosse permitido no Brasil, apesar dos impactos ambientais que provoca, como contamina\u00e7\u00e3o da \u00e1gua e do solo, al\u00e9m dos riscos de explos\u00e3o com a libera\u00e7\u00e3o de g\u00e1s metano, consumo excessivo de \u00e1gua, e polui\u00e7\u00e3o por uso de subst\u00e2ncias qu\u00edmicas.<\/p>\n<!-- AddThis Advanced Settings generic via filter on the_content --><!-- AddThis Share Buttons generic via filter on the_content -->","protected":false},"excerpt":{"rendered":"<p>Indicado por Bolsonaro trabalhou na Ag\u00eancia Nacional de Petr\u00f3leo (ANP) e \u00e9 fundador do Centro Brasileiro de Infraestrutura (CBIE) O jornal \u201cO Globo\u201d anunciou, na tarde desta segunda (4\/4), citando fontes do Planalto, que o lobista Adriano Pires, indica\u00e7\u00e3o de Bolsonaro para substituir o general Silva e Luna na presid\u00eancia da Petrobr\u00e1s \u2013 a maior&#8230;<!-- AddThis Advanced Settings generic via filter on wp_trim_excerpt --><!-- AddThis Share Buttons generic via filter on wp_trim_excerpt --><\/p>\n","protected":false},"author":17,"featured_media":81413,"comment_status":"closed","ping_status":"closed","sticky":false,"template":"","format":"standard","meta":{"_monsterinsights_skip_tracking":false,"_monsterinsights_sitenote_active":false,"_monsterinsights_sitenote_note":"","_monsterinsights_sitenote_category":0,"_uf_show_specific_survey":0,"_uf_disable_surveys":false,"footnotes":""},"categories":[1390,1402],"tags":[],"class_list":["post-81412","post","type-post","status-publish","format-standard","has-post-thumbnail","hentry","category-editorias","category-cidades"],"acf":[],"_links":{"self":[{"href":"https:\/\/pdt-rj.org.br\/index.php\/wp-json\/wp\/v2\/posts\/81412","targetHints":{"allow":["GET"]}}],"collection":[{"href":"https:\/\/pdt-rj.org.br\/index.php\/wp-json\/wp\/v2\/posts"}],"about":[{"href":"https:\/\/pdt-rj.org.br\/index.php\/wp-json\/wp\/v2\/types\/post"}],"author":[{"embeddable":true,"href":"https:\/\/pdt-rj.org.br\/index.php\/wp-json\/wp\/v2\/users\/17"}],"replies":[{"embeddable":true,"href":"https:\/\/pdt-rj.org.br\/index.php\/wp-json\/wp\/v2\/comments?post=81412"}],"version-history":[{"count":5,"href":"https:\/\/pdt-rj.org.br\/index.php\/wp-json\/wp\/v2\/posts\/81412\/revisions"}],"predecessor-version":[{"id":81418,"href":"https:\/\/pdt-rj.org.br\/index.php\/wp-json\/wp\/v2\/posts\/81412\/revisions\/81418"}],"wp:featuredmedia":[{"embeddable":true,"href":"https:\/\/pdt-rj.org.br\/index.php\/wp-json\/wp\/v2\/media\/81413"}],"wp:attachment":[{"href":"https:\/\/pdt-rj.org.br\/index.php\/wp-json\/wp\/v2\/media?parent=81412"}],"wp:term":[{"taxonomy":"category","embeddable":true,"href":"https:\/\/pdt-rj.org.br\/index.php\/wp-json\/wp\/v2\/categories?post=81412"},{"taxonomy":"post_tag","embeddable":true,"href":"https:\/\/pdt-rj.org.br\/index.php\/wp-json\/wp\/v2\/tags?post=81412"}],"curies":[{"name":"wp","href":"https:\/\/api.w.org\/{rel}","templated":true}]}}