{"id":81370,"date":"2022-04-01T14:15:06","date_gmt":"2022-04-01T17:15:06","guid":{"rendered":"http:\/\/pdt-rj.org.br\/?p=81370"},"modified":"2022-04-07T14:10:05","modified_gmt":"2022-04-07T17:10:05","slug":"sou-uma-construcao-coletiva-diz-ivanir-dos-santos-com-pre-candidatura-ao-senado-no-rj","status":"publish","type":"post","link":"https:\/\/pdt-rj.org.br\/index.php\/sou-uma-construcao-coletiva-diz-ivanir-dos-santos-com-pre-candidatura-ao-senado-no-rj\/","title":{"rendered":"\u201cSou uma constru\u00e7\u00e3o coletiva\u201d, diz Ivanir dos Santos com pr\u00e9-candidatura ao Senado no Rio de Janeiro"},"content":{"rendered":"<p><strong>Babala\u00f4 efetivou tamb\u00e9m sua filia\u00e7\u00e3o com apoio de movimentos e lideran\u00e7as pol\u00edticas e sociais<\/strong><\/p>\n<p>Com a presen\u00e7a de lideran\u00e7as sociais e pol\u00edticas, o babala\u00f4 e Ivanir dos Santos efetivou, nesta sexta-feira (1), sua filia\u00e7\u00e3o ao PDT e a pr\u00e9-candidatura ao Senado Federal pelo PDT do Rio de Janeiro. O ato foi realizado na sede da Funda\u00e7\u00e3o Leonel Brizola \u2013 Alberto Pasqualini (FLB-AP), no Centro do Rio de Janeiro (RJ), e transmitido pelo <a href=\"https:\/\/www.facebook.com\/watch\/live\/?ref=watch_permalink&amp;v=489540959320897\">Facebook<\/a>.<\/p>\n<p>Atrav\u00e9s do di\u00e1logo e da inclus\u00e3o pelo PDT e movimentos sociais, Ivanir, que \u00e9 um e<span class=\"s1\">xpoente no combate ao racismo e na defesa de direitos humanos<\/span><span class=\"s1\">, <\/span> almeja intensificar, no parlamento, a defesa da liberdade e da democracia.<\/p>\n<p>\u201cNingu\u00e9m \u00e9 nada sozinho. Essa uni\u00e3o representa uma for\u00e7a muito grande. Por isso, eu sou uma constru\u00e7\u00e3o coletiva. O caminho \u00e9 improv\u00e1vel, mas estamos cumprindo uma miss\u00e3o\u201d, afirmou, ao contar sua trajet\u00f3ria de vida.<\/p>\n<p>Abordando o legado do ex-governador Leonel Brizola nas comunidades, o p\u00f3s-doutor salientou que o l\u00edder pedetista teve \u201ccoragem para fazer diferente\u201d.<\/p>\n<p>\u201cSou muito comprometido. Em 82, fiz a campanha de Leonel Brizola. Foi a primeira vez, publicamente, que ouvi: \u2018os negros ser\u00e3o respeitados\u2019. Ele foi o primeiro branco antirracista desse pa\u00eds. Nas comunidades, Brizola vive\u201d.<\/p>\n<p>O presidente nacional do PDT, Carlos Lupi, explicou que a chegada de Ivanir representa uma atitude para \u201cquebrar barreiras\u201d.<\/p>\n<p>\u201c\u00c9 um orgulho contar com voc\u00ea nas nossas fileiras. Sua hist\u00f3ria simboliza a batalha do trabalhismo, em conjunto com povo, para mudar o nosso pa\u00eds\u201d, disse, ao valorizar a primeira pr\u00e9-candidatura apresentada para an\u00e1lise interna do partido.<\/p>\n<p>\u201cN\u00e3o v\u00e3o nos calar. A for\u00e7a da nossa voz e origens ser\u00e1 respeitada. Vamos sobreviver porque temos ra\u00edzes. \u00c9 a liberta\u00e7\u00e3o!\u201d, acrescentou.<\/p>\n<p>O presidente nacional do PDT Ax\u00e9, Marcelo Monteiro, salientou que a movimenta\u00e7\u00e3o simboliza uma pluralidade fundamental.<\/p>\n<p>\u201cN\u00e3o queremos ser toleradas. N\u00f3s queremos respeito! A gente precisa, neste momento, ser aben\u00e7oado por todas as lideran\u00e7as de ra\u00edzes africanas do estado. Nosso povo de Ax\u00e9 est\u00e1 na luta! Ancestrais, como Abdias do Nascimento, Edialeda Nascimento e Carlos Alberto Ca\u00f3, est\u00e3o aqui presentes\u201d, pontuou.<\/p>\n<p>Para o deputado federal Paulo Ramos, o \u201cPDT \u00e9 o mais leg\u00edtimo partido pol\u00edtico da defesa das ra\u00edzes africanas\u201d.<\/p>\n<p>\u201cO partido sempre teve os melhores quadros, como o Abdias Nascimento. Ele gritaria Ax\u00e9, com for\u00e7a, se estivesse aqui. [..] Estamos atravessando um momento dos maiores retrocessos. \u00c9 uma luta racista inaceit\u00e1vel e parte, diretamente, do ainda mandat\u00e1rio da na\u00e7\u00e3o\u201d, lembrou, ao criticar a gest\u00e3o da Funda\u00e7\u00e3o Palmares.<\/p>\n<p>Vereador de Niter\u00f3i, Binho criticou a gest\u00e3o estadual ao mostrar a relev\u00e2ncia de alternativas qualificadas, n\u00e3o s\u00f3 no Executivo, mas tamb\u00e9m no Legislativo.<\/p>\n<p>\u201cO estado do Rio precisa novamente de pol\u00edticas para o povo. Sua pr\u00e9-candidatura \u00e9 uma op\u00e7\u00e3o efetiva para ajudar neste resgate. Tem total legitimidade para enfrentar as nossas batalhas, como a educa\u00e7\u00e3o\u201c, afirmou, ao exaltar a lideran\u00e7a de Carlos Lupi e o crescimento da sigla em todo o pa\u00eds.<\/p>\n<p>Ao abordar a quest\u00e3o da transversalidade entre g\u00eanero e ra\u00e7a, a deputada estadual Martha Rocha tamb\u00e9m ratificou a hist\u00f3ria trabalhista.<\/p>\n<p>\u201cTemos muito orgulho de todos que nos antecederam. Com essa hist\u00f3ria, \u00e9 uma satisfa\u00e7\u00e3o poder contar com a for\u00e7a do Ivanir\u201d, concluiu.<\/p>\n<p>O evento contou ainda com a presen\u00e7a de outras lideran\u00e7as nacionais e estaduais, incluindo o deputado federal, David Miranda, o presidente do PDT na capital, Augusto Ribeiro, o vice-presidente nacional do Movimento Negro, Luiz Eduardo (Negrogun), e o produtor cultural e fundadores da Central \u00danica das Favelas \u2013\u00a0CUFA, Anderson Quack.<\/p>\n<p class=\"p2\"><strong><span class=\"s1\">Vida popular <\/span><\/strong><\/p>\n<p class=\"p2\"><span class=\"s1\">Defensor das religi\u00f5es de ra\u00edzes africanas, o pedetista \u00e9 morador da Mangueira, na Zona Norte, e construiu sua trajet\u00f3ria em a\u00e7\u00f5es de destaque no estado, como a implanta\u00e7\u00e3o da primeira Secretaria de Direitos Humanos, a interlocu\u00e7\u00e3o da Anistia Internacional e a articula\u00e7\u00e3o do Centro de Articula\u00e7\u00e3o de Popula\u00e7\u00f5es Marginalizadas.<\/span><\/p>\n<p class=\"p2\"><span class=\"s1\">P\u00f3s-doutor em Hist\u00f3ria Comparada, Ivanir atua h\u00e1 mais de 40 anos no Movimento Negro, onde tamb\u00e9m acumula marcantes contribui\u00e7\u00f5es, como na implementa\u00e7\u00e3o da Lei Ca\u00f3 (7.716\/89), que levou o nome do autor: deputado federal pedetista Carlos Alberto Ca\u00f3. Considerada um marco, incluiu, na Constitui\u00e7\u00e3o, o inciso que estabelece que racismo \u00e9 crime inafian\u00e7\u00e1vel e imprescrit\u00edvel.<\/span><\/p>\n<p class=\"p2\"><span class=\"s1\">Na Universidade Federal do Rio de Janeiro (UFRJ), apresentou a tese sobre \u201cinterfaces pol\u00edticas e sociais das religi\u00f5es de matrizes africanas, no Rio de Janeiro, contra os processos de intoler\u00e2ncia religiosa\u201d.<\/span><\/p>\n<!-- AddThis Advanced Settings generic via filter on the_content --><!-- AddThis Share Buttons generic via filter on the_content -->","protected":false},"excerpt":{"rendered":"<p>Babala\u00f4 efetivou tamb\u00e9m sua filia\u00e7\u00e3o com apoio de movimentos e lideran\u00e7as pol\u00edticas e sociais Com a presen\u00e7a de lideran\u00e7as sociais e pol\u00edticas, o babala\u00f4 e Ivanir dos Santos efetivou, nesta sexta-feira (1), sua filia\u00e7\u00e3o ao PDT e a pr\u00e9-candidatura ao Senado Federal pelo PDT do Rio de Janeiro. O ato foi realizado na sede da&#8230;<!-- AddThis Advanced Settings generic via filter on wp_trim_excerpt --><!-- AddThis Share Buttons generic via filter on wp_trim_excerpt --><\/p>\n","protected":false},"author":17,"featured_media":81373,"comment_status":"closed","ping_status":"closed","sticky":false,"template":"","format":"standard","meta":{"_monsterinsights_skip_tracking":false,"_monsterinsights_sitenote_active":false,"_monsterinsights_sitenote_note":"","_monsterinsights_sitenote_category":0,"_uf_show_specific_survey":0,"_uf_disable_surveys":false,"footnotes":""},"categories":[1390,1402],"tags":[],"class_list":["post-81370","post","type-post","status-publish","format-standard","has-post-thumbnail","hentry","category-editorias","category-cidades"],"acf":[],"_links":{"self":[{"href":"https:\/\/pdt-rj.org.br\/index.php\/wp-json\/wp\/v2\/posts\/81370","targetHints":{"allow":["GET"]}}],"collection":[{"href":"https:\/\/pdt-rj.org.br\/index.php\/wp-json\/wp\/v2\/posts"}],"about":[{"href":"https:\/\/pdt-rj.org.br\/index.php\/wp-json\/wp\/v2\/types\/post"}],"author":[{"embeddable":true,"href":"https:\/\/pdt-rj.org.br\/index.php\/wp-json\/wp\/v2\/users\/17"}],"replies":[{"embeddable":true,"href":"https:\/\/pdt-rj.org.br\/index.php\/wp-json\/wp\/v2\/comments?post=81370"}],"version-history":[{"count":12,"href":"https:\/\/pdt-rj.org.br\/index.php\/wp-json\/wp\/v2\/posts\/81370\/revisions"}],"predecessor-version":[{"id":81454,"href":"https:\/\/pdt-rj.org.br\/index.php\/wp-json\/wp\/v2\/posts\/81370\/revisions\/81454"}],"wp:featuredmedia":[{"embeddable":true,"href":"https:\/\/pdt-rj.org.br\/index.php\/wp-json\/wp\/v2\/media\/81373"}],"wp:attachment":[{"href":"https:\/\/pdt-rj.org.br\/index.php\/wp-json\/wp\/v2\/media?parent=81370"}],"wp:term":[{"taxonomy":"category","embeddable":true,"href":"https:\/\/pdt-rj.org.br\/index.php\/wp-json\/wp\/v2\/categories?post=81370"},{"taxonomy":"post_tag","embeddable":true,"href":"https:\/\/pdt-rj.org.br\/index.php\/wp-json\/wp\/v2\/tags?post=81370"}],"curies":[{"name":"wp","href":"https:\/\/api.w.org\/{rel}","templated":true}]}}