{"id":81355,"date":"2022-03-31T09:02:21","date_gmt":"2022-03-31T12:02:21","guid":{"rendered":"http:\/\/pdt-rj.org.br\/?p=81355"},"modified":"2022-04-01T09:22:21","modified_gmt":"2022-04-01T12:22:21","slug":"valorizacao-e-ancestralidade-roteiro-resgata-historias-e-cultura-dos-quilombos-de-cabo-frio","status":"publish","type":"post","link":"https:\/\/pdt-rj.org.br\/index.php\/valorizacao-e-ancestralidade-roteiro-resgata-historias-e-cultura-dos-quilombos-de-cabo-frio\/","title":{"rendered":"Valoriza\u00e7\u00e3o e ancestralidade: roteiro resgata hist\u00f3rias e cultura dos quilombos de Cabo Frio"},"content":{"rendered":"<p><strong>Al\u00e9m do circuito, Centro de Tradi\u00e7\u00f5es e atividades educacionais contam a influ\u00eancia quilombola na sociedade<\/strong><\/p>\n<p>Para resgatar e proteger a hist\u00f3ria e a ancestralidade, um Roteiro Tur\u00edstico de Base Comunit\u00e1ria, voltado para os quilombos de Cabo Frio, est\u00e1 sendo preparado de forma conjunta entre o poder p\u00fablico e lideran\u00e7as locais. Com o objetivo de difundir o conhecimento sobre as ra\u00edzes hist\u00f3ricas no entorno da Fazenda Campos Novos, o projeto \u00e9 baseado na hist\u00f3ria local e nas din\u00e2micas sociais de cada quilombo, incluindo culin\u00e1ria, dan\u00e7a, costumes e outras influ\u00eancias.<\/p>\n<p>Al\u00e9m do roteiro, a Prefeitura de Cabo Frio est\u00e1 movimentando outras frentes de trabalho que difundem as influ\u00eancias quilombolas e afro-brasileiras, como a Feira do Produtor Rural e o ensino da cultura afro-brasileira nas escolas municipais, al\u00e9m de cuidados espec\u00edficos para a sa\u00fade da comunidade, entre outras a\u00e7\u00f5es.<\/p>\n<p>O Roteiro Tur\u00edstico de Base Comunit\u00e1ria ser\u00e1 voltado para os quilombos Maria Romana, Preto Forro, Botafogo, Maria Joaquina e Esp\u00edrito Santo. A ideia \u00e9 que o percurso inclua paradas para as atividades em cada quilombo, totalizando aproximadamente um trajeto de 32 km, a partir do n\u00facleo quilombola em Botafogo. Em cada espa\u00e7o deve ser abordada a hist\u00f3ria local e as din\u00e2micas sociais.<\/p>\n<p><strong>Centro de Refer\u00eancia da Heran\u00e7a Africana e Tradi\u00e7\u00f5es Quilombolas<\/strong><\/p>\n<p>Al\u00e9m do Roteiro Tur\u00edstico de Base Comunit\u00e1ria, Tamoios abrigar\u00e1 o Centro de Refer\u00eancia da Heran\u00e7a Africana e Tradi\u00e7\u00f5es Quilombolas, na Fazenda Campos Novos. A implanta\u00e7\u00e3o do Centro \u00e9 baseada na import\u00e2ncia hist\u00f3rica da Fazenda de Campos Novos para a popula\u00e7\u00e3o negra de Cabo Frio, desde a sua inaugura\u00e7\u00e3o, em 1630.<\/p>\n<p>O Centro de Refer\u00eancia da Heran\u00e7a Africana e Tradi\u00e7\u00f5es Quilombolas ter\u00e1 o objetivo de colaborar para a manuten\u00e7\u00e3o da mem\u00f3ria hist\u00f3rica dos \u00faltimos s\u00e9culos, e que continua sendo constru\u00edda pelos remanescentes de quilombolas. A iniciativa \u00e9 mais um fruto da parceria estabelecida entre a Prefeitura de Cabo Frio e a Universidade Estadual do Norte Fluminense Darcy Ribeiro (UENF).<\/p>\n<p>O Centro de Refer\u00eancia da Heran\u00e7a Africana e Tradi\u00e7\u00f5es Quilombolas ficar\u00e1 localizado junto a um museu cient\u00edfico e \u00e0 escola de extens\u00e3o da universidade. A implanta\u00e7\u00e3o do Centro de Refer\u00eancia passa ainda pela cria\u00e7\u00e3o de uma Comiss\u00e3o Mista de Estudos, com participa\u00e7\u00e3o governamental e atua\u00e7\u00e3o direta da sociedade civil. A forma\u00e7\u00e3o tem dura\u00e7\u00e3o de dois meses, podendo ser prorrogada por igual per\u00edodo.<\/p>\n<p><strong>Ensino p\u00fablico que d\u00e1 luz \u00e0s ra\u00edzes<\/strong><\/p>\n<p>O Servi\u00e7o de Ensino de Hist\u00f3ria e Cultura afro-brasileira e ind\u00edgena da Secretaria de Educa\u00e7\u00e3o, dinamizado pela professora Aline Costa dos Santos, oferece capacita\u00e7\u00e3o aos professores da rede em observ\u00e2ncia a Lei N\u00ba 10.639\/2003 e N\u00ba 11.645\/2008, que tornaram obrigat\u00f3rio o ensino sobre Hist\u00f3ria e Cultura Afro-Brasileira e ind\u00edgena nas escolas, as Diretrizes Curriculares Nacionais para a Educa\u00e7\u00e3o das Rela\u00e7\u00f5es \u00c9tnico\u2010raciais (2007) e as Diretrizes Curriculares Nacionais para a Educa\u00e7\u00e3o Escolar Quilombola (2012). Entre as forma\u00e7\u00f5es oferecidas desde 2021 em Cabo Frio est\u00e3o atividades relacionadas \u00e0 educa\u00e7\u00e3o antirracista, artes afro, literatura afro-brasileira e resgate da cultura ind\u00edgena.<\/p>\n<p>Ao longo do ano, atividades de empoderamento negro e resgate hist\u00f3rico foram realizadas, como oficinas de turbantes, desfile de beleza negra e oficina com roda de conversa sobre abayomis e dan\u00e7a afro em escolas de atendimento a remanescentes quilombolas. Al\u00e9m disso a equipe da Secretaria de Educa\u00e7\u00e3o atua na edi\u00e7\u00e3o e organiza\u00e7\u00e3o de mais um volume de caderno pedag\u00f3gico que ser\u00e1 encaminhado \u00e0s Unidades Escolares com sugest\u00f5es de atividades, materiais e textos de estudo e aplica\u00e7\u00e3o de projetos e atividades sobre cultura afro e ind\u00edgena.<\/p>\n<p>Est\u00e3o previstas, para o atual ano letivo, atividades sobre etnomatem\u00e1tica e em parceria com a Universidade Federal do Rio de Janeiro (UFRJ), o Instituto Federal Baiano (UFB), Instituto Federal Fluminense \u2013 Campus Cabo Frio (IFF \u2013 Cabo Frio), para momentos formativos com tem\u00e1ticas voltadas \u00e0 educa\u00e7\u00e3o quilombola e implementa\u00e7\u00e3o das leis.<\/p>\n<p>\u201cFoi um ano muito proveitoso com as atividades promovidas pelo servi\u00e7o de Ensino de Hist\u00f3ria e Cultura afro-brasileira e ind\u00edgena, com total apoio da Secretaria de Educa\u00e7\u00e3o e da Prefeitura. E com as parcerias para o ano de 2022 poderemos fazer ainda mais nas a\u00e7\u00f5es de empoderamento e visibilidade da Hist\u00f3ria e Cultura Afro-Brasileira e ind\u00edgena nas escolas da rede municipal de Cabo Frio\u201d, comentou a professora Aline Costa dos Santos.<\/p>\n<p>Para a secret\u00e1ria de Educa\u00e7\u00e3o, Elic\u00e9a da Silveira, a aplica\u00e7\u00e3o das Leis N\u00ba10.639 e N\u00ba11645 s\u00e3o de grande import\u00e2ncia para que os alunos compreendam as rela\u00e7\u00f5es da popula\u00e7\u00e3o negra e ind\u00edgena na sociedade cabo-friense e no contexto do pa\u00eds.<\/p>\n<p>\u201cA Secretaria de Educa\u00e7\u00e3o conta com excelentes profissionais na Ger\u00eancia Educacional que tratam da aplica\u00e7\u00e3o dos conte\u00fados e da fomenta\u00e7\u00e3o de atividades que atendam o que \u00e9 exigido pelas duas leis. E n\u00e3o apenas como forma de cumprir o que est\u00e1 previsto, mas para que os mais de 40 mil alunos da rede entendam o papel de cada um na constru\u00e7\u00e3o do coletivo\u201d, comentou.<\/p>\n<!-- AddThis Advanced Settings generic via filter on the_content --><!-- AddThis Share Buttons generic via filter on the_content -->","protected":false},"excerpt":{"rendered":"<p>Al\u00e9m do circuito, Centro de Tradi\u00e7\u00f5es e atividades educacionais contam a influ\u00eancia quilombola na sociedade Para resgatar e proteger a hist\u00f3ria e a ancestralidade, um Roteiro Tur\u00edstico de Base Comunit\u00e1ria, voltado para os quilombos de Cabo Frio, est\u00e1 sendo preparado de forma conjunta entre o poder p\u00fablico e lideran\u00e7as locais. Com o objetivo de difundir&#8230;<!-- AddThis Advanced Settings generic via filter on wp_trim_excerpt --><!-- AddThis Share Buttons generic via filter on wp_trim_excerpt --><\/p>\n","protected":false},"author":17,"featured_media":81356,"comment_status":"closed","ping_status":"closed","sticky":false,"template":"","format":"standard","meta":{"_monsterinsights_skip_tracking":false,"_monsterinsights_sitenote_active":false,"_monsterinsights_sitenote_note":"","_monsterinsights_sitenote_category":0,"_uf_show_specific_survey":0,"_uf_disable_surveys":false,"footnotes":""},"categories":[1390,1402],"tags":[],"class_list":["post-81355","post","type-post","status-publish","format-standard","has-post-thumbnail","hentry","category-editorias","category-cidades"],"acf":[],"_links":{"self":[{"href":"https:\/\/pdt-rj.org.br\/index.php\/wp-json\/wp\/v2\/posts\/81355","targetHints":{"allow":["GET"]}}],"collection":[{"href":"https:\/\/pdt-rj.org.br\/index.php\/wp-json\/wp\/v2\/posts"}],"about":[{"href":"https:\/\/pdt-rj.org.br\/index.php\/wp-json\/wp\/v2\/types\/post"}],"author":[{"embeddable":true,"href":"https:\/\/pdt-rj.org.br\/index.php\/wp-json\/wp\/v2\/users\/17"}],"replies":[{"embeddable":true,"href":"https:\/\/pdt-rj.org.br\/index.php\/wp-json\/wp\/v2\/comments?post=81355"}],"version-history":[{"count":1,"href":"https:\/\/pdt-rj.org.br\/index.php\/wp-json\/wp\/v2\/posts\/81355\/revisions"}],"predecessor-version":[{"id":81357,"href":"https:\/\/pdt-rj.org.br\/index.php\/wp-json\/wp\/v2\/posts\/81355\/revisions\/81357"}],"wp:featuredmedia":[{"embeddable":true,"href":"https:\/\/pdt-rj.org.br\/index.php\/wp-json\/wp\/v2\/media\/81356"}],"wp:attachment":[{"href":"https:\/\/pdt-rj.org.br\/index.php\/wp-json\/wp\/v2\/media?parent=81355"}],"wp:term":[{"taxonomy":"category","embeddable":true,"href":"https:\/\/pdt-rj.org.br\/index.php\/wp-json\/wp\/v2\/categories?post=81355"},{"taxonomy":"post_tag","embeddable":true,"href":"https:\/\/pdt-rj.org.br\/index.php\/wp-json\/wp\/v2\/tags?post=81355"}],"curies":[{"name":"wp","href":"https:\/\/api.w.org\/{rel}","templated":true}]}}