{"id":81333,"date":"2022-03-30T17:26:49","date_gmt":"2022-03-30T20:26:49","guid":{"rendered":"http:\/\/pdt-rj.org.br\/?p=81333"},"modified":"2022-04-07T14:13:36","modified_gmt":"2022-04-07T17:13:36","slug":"novo-livro-sobre-brizola-chega-com-novidades-sobre-a-campanha-de-62-e-a-legalidade","status":"publish","type":"post","link":"https:\/\/pdt-rj.org.br\/index.php\/novo-livro-sobre-brizola-chega-com-novidades-sobre-a-campanha-de-62-e-a-legalidade\/","title":{"rendered":"Novo livro sobre Brizola chega com novidades sobre a campanha de 62 e a Legalidade"},"content":{"rendered":"<p><em><strong>Everton Gomes coordena atividades para que a milit\u00e2ncia conhe\u00e7a a obra prefaciada por Lupi<\/strong><\/em><\/p>\n<p>Neste ano do centen\u00e1rio de nascimento de Leonel Brizola, outra data importante de sua trajet\u00f3ria pol\u00edtica foi lembrada: os 60 anos de sua elei\u00e7\u00e3o pela Guanabara, quando tornou-se o deputado federal mais votado do Pa\u00eds \u2013 at\u00e9 a presente .<\/p>\n<p>A vida de Brizola, sua carreira pol\u00edtica no Rio Grande do Sul, o contexto pol\u00edtico do governo trabalhista de Jo\u00e3o Goulart e a recente cria\u00e7\u00e3o do estado da Guanabara, governado por Carlos Lacerda (UDN), foram tamb\u00e9m objetos de an\u00e1lise no livro \u201cBrizola 62: da Guanabara para o Brasil\u201d, de autoria do historiador Guilherme Galv\u00e3o Lopes.<\/p>\n<p>Doutorando em Hist\u00f3ria e Ci\u00eancia Pol\u00edtica pela Funda\u00e7\u00e3o Get\u00falio Vargas (FGV), pesquisador de Estudos Pol\u00edticos da Universidade Federal Rural do Rio de Janeiro (UFRRJ) e do Instituto de Finan\u00e7as Funcionais para o Desenvolvimento (IFFD Brasil), Guilherme Galv\u00e3o afirma que as elei\u00e7\u00f5es de 1962 mudaram para sempre os rumos da pol\u00edtica do Rio de Janeiro.<\/p>\n<p>Algumas das consequ\u00eancias daquela elei\u00e7\u00e3o s\u00e3o n\u00edtidas e permanentes. A primeira e mais importante foi a consolida\u00e7\u00e3o de Brizola como lideran\u00e7a pol\u00edtica nacional, em um processo iniciado com a Legalidade, no ano anterior. Al\u00e9m disso, o governador ga\u00facho foi o deputado mais votado, com cerca de 27% dos votos na Guanabara, derrotando a UDN em seu principal reduto eleitoral. Desta forma, Brizola se credenciou como potencial candidato presidencial em 1965, elei\u00e7\u00e3o que n\u00e3o ocorreu por conta do golpe. Mesmo assim, Brizola permaneceu no imagin\u00e1rio pol\u00edtico carioca e fluminense, o que possibilitou a retomada de sua carreira 20 anos depois, quando foi eleito governador do Rio pela primeira vez.<\/p>\n<p>Everton Gomes, integrante da dire\u00e7\u00e3o nacional, est\u00e1 organizando algumas atividades para que militantes do partido e jovens conhe\u00e7am um pouco do relato contido no livro.<\/p>\n<p>\u201cDifundir a hist\u00f3ria do nosso maior l\u00edder \u00e9 importante para que as novas gera\u00e7\u00f5es saibam a dimens\u00e3o dos nossos prop\u00f3sitos\u201d, diz ele.<\/p>\n<p>O livro possui pref\u00e1cio do presidente nacional do PDT, Carlos Lupi, e sua contra capa \u00e9 assinada pelo cientista pol\u00edtico Samuel Braun, da Universidade Federal do Rio de Janeiro (UFRJ). Publicado pelo Clube dos Autores, o livro j\u00e1 est\u00e1 dispon\u00edvel para venda, e o lan\u00e7amento oficial est\u00e1 previsto para ocorrer em abril.<\/p>\n<p>Link para aquisi\u00e7\u00e3o do livro:<a href=\"https:\/\/clubedeautores.com.br\/livro\/brizola-62-da-guanabara-para-o-brasil\" target=\"_blank\" rel=\"external noopener noreferrer\" data-wpel-link=\"external\">\u00a0https:\/\/clubedeautores.com.br\/livro\/brizola-62-da-guanabara-para-o-brasil<\/a><\/p>\n<!-- AddThis Advanced Settings generic via filter on the_content --><!-- AddThis Share Buttons generic via filter on the_content -->","protected":false},"excerpt":{"rendered":"<p>Everton Gomes coordena atividades para que a milit\u00e2ncia conhe\u00e7a a obra prefaciada por Lupi Neste ano do centen\u00e1rio de nascimento de Leonel Brizola, outra data importante de sua trajet\u00f3ria pol\u00edtica foi lembrada: os 60 anos de sua elei\u00e7\u00e3o pela Guanabara, quando tornou-se o deputado federal mais votado do Pa\u00eds \u2013 at\u00e9 a presente . A&#8230;<!-- AddThis Advanced Settings generic via filter on wp_trim_excerpt --><!-- AddThis Share Buttons generic via filter on wp_trim_excerpt --><\/p>\n","protected":false},"author":17,"featured_media":81334,"comment_status":"closed","ping_status":"closed","sticky":false,"template":"","format":"standard","meta":{"_monsterinsights_skip_tracking":false,"_monsterinsights_sitenote_active":false,"_monsterinsights_sitenote_note":"","_monsterinsights_sitenote_category":0,"_uf_show_specific_survey":0,"_uf_disable_surveys":false,"footnotes":""},"categories":[1390,1401],"tags":[],"class_list":["post-81333","post","type-post","status-publish","format-standard","has-post-thumbnail","hentry","category-editorias","category-nacional"],"acf":[],"_links":{"self":[{"href":"https:\/\/pdt-rj.org.br\/index.php\/wp-json\/wp\/v2\/posts\/81333","targetHints":{"allow":["GET"]}}],"collection":[{"href":"https:\/\/pdt-rj.org.br\/index.php\/wp-json\/wp\/v2\/posts"}],"about":[{"href":"https:\/\/pdt-rj.org.br\/index.php\/wp-json\/wp\/v2\/types\/post"}],"author":[{"embeddable":true,"href":"https:\/\/pdt-rj.org.br\/index.php\/wp-json\/wp\/v2\/users\/17"}],"replies":[{"embeddable":true,"href":"https:\/\/pdt-rj.org.br\/index.php\/wp-json\/wp\/v2\/comments?post=81333"}],"version-history":[{"count":4,"href":"https:\/\/pdt-rj.org.br\/index.php\/wp-json\/wp\/v2\/posts\/81333\/revisions"}],"predecessor-version":[{"id":81456,"href":"https:\/\/pdt-rj.org.br\/index.php\/wp-json\/wp\/v2\/posts\/81333\/revisions\/81456"}],"wp:featuredmedia":[{"embeddable":true,"href":"https:\/\/pdt-rj.org.br\/index.php\/wp-json\/wp\/v2\/media\/81334"}],"wp:attachment":[{"href":"https:\/\/pdt-rj.org.br\/index.php\/wp-json\/wp\/v2\/media?parent=81333"}],"wp:term":[{"taxonomy":"category","embeddable":true,"href":"https:\/\/pdt-rj.org.br\/index.php\/wp-json\/wp\/v2\/categories?post=81333"},{"taxonomy":"post_tag","embeddable":true,"href":"https:\/\/pdt-rj.org.br\/index.php\/wp-json\/wp\/v2\/tags?post=81333"}],"curies":[{"name":"wp","href":"https:\/\/api.w.org\/{rel}","templated":true}]}}