{"id":81324,"date":"2022-03-24T17:19:34","date_gmt":"2022-03-24T20:19:34","guid":{"rendered":"http:\/\/pdt-rj.org.br\/?p=81324"},"modified":"2022-03-30T17:21:20","modified_gmt":"2022-03-30T20:21:20","slug":"david-miranda-ocupacao-do-jacarezinho","status":"publish","type":"post","link":"https:\/\/pdt-rj.org.br\/index.php\/david-miranda-ocupacao-do-jacarezinho\/","title":{"rendered":"David Miranda: Ocupa\u00e7\u00e3o do Jacarezinho"},"content":{"rendered":"<p><strong>No cl\u00e1ssico \u201cOs Miser\u00e1veis\u201d, Victor Hugo apresenta como principal personagem um homem pobre condenado por ter roubado p\u00e3o. Percebe-se, infelizmente, que o Rio de Janeiro n\u00e3o mudou muito em rela\u00e7\u00e3o ao s\u00e9culo 19<\/strong><\/p>\n<p>O Jacarezinho \u00e9 uma favela em que popula\u00e7\u00e3o busca ter voz e, para isso, h\u00e1 um grande n\u00famero de moradores atuando em associa\u00e7\u00f5es e entidades pol\u00edticas, sociais e culturais. A comunidade surgiu de um quilombo, de organiza\u00e7\u00e3o de negros fugitivos do massacre da escravid\u00e3o. Por isso mesmo, houve grande indigna\u00e7\u00e3o com a forma desastrosa como foi instalada a ocupa\u00e7\u00e3o policial, que depois soube-se que era uma ocupa\u00e7\u00e3o social, comandada pelo governador Cl\u00e1udio Castro.<\/p>\n<p>Na noite de 18 de janeiro passado, comecei a receber den\u00fancias de moradores apavorados com os blindados e policiais fortemente armados nas cercanias daquela favela onde nasci e fui criado. Obviamente, ali ningu\u00e9m dormiu, inclusive minha fam\u00edlia e amigos. Ao amanhecer do dia seguinte, aconteceu a entrada de 1.200 policiais. A comunidade viu as ruas serem ocupadas sem saber sequer qual era a garantia de seus direitos naquela invas\u00e3o de agentes da pol\u00edcia.<\/p>\n<p>Era o in\u00edcio do programa do governador Cl\u00e1udio Castro intitulado Cidade Integrada. Os relatos de moradores sobre invas\u00e3o de casas, ataques, furtos, tiroteios e at\u00e9 torturas e mortes por parte de policiais n\u00e3o cessaram. Para tentar acompanhar mais de perto, as minhas idas e de meus assessores ao local tornaram-se frequentes.<\/p>\n<p>Vinte dias depois, Yago de Souza, um jovem negro de 21 anos, foi preso pela \u201cocupa\u00e7\u00e3o\u201d ao ter sa\u00eddo de uma mercearia em que fora comprar p\u00e3o. H\u00e1 ainda outro agravante: a regi\u00e3o \u00e9 a mesma onde, em maio do ano passado, policiais executaram 29 pessoas na opera\u00e7\u00e3o mais letal da hist\u00f3ria do Rio de Janeiro, deixando a comunidade em estado de trauma.<\/p>\n<p>Ap\u00f3s o massacre, surgiu ali um laborat\u00f3rio de dados, o LabJaca, criado por jovens do Jacarezinho, dedicado a an\u00e1lises e estudos dos territ\u00f3rios populares. Para se ter ideia, o LabJaca avaliou, por exemplo, que o pre\u00e7o mais baixo de um fuzil da pol\u00edcia de Cl\u00e1udio Castro poderia sustentar um aluno da rede p\u00fablica por um ano, incluindo todas as necessidades escolares.<\/p>\n<p>No cl\u00e1ssico Os Miser\u00e1veis, Victor Hugo apresenta como principal personagem um homem pobre condenado por ter roubado p\u00e3o. Percebe-se, infelizmente, que o Rio de Janeiro n\u00e3o mudou muito em rela\u00e7\u00e3o ao s\u00e9culo 19. J\u00e1 houve tempo em que um governador chamado Leonel Brizola fortalecia a atua\u00e7\u00e3o da Seguran\u00e7a P\u00fablica aliada aos Direitos Humanos.<\/p>\n<p>Nos \u00faltimos anos, o Rio de Janeiro teve, em curto per\u00edodo de tempo, dois governantes: um que estimulava a pol\u00edcia a \u201cmirar na cabecinha, e, dele, a popula\u00e7\u00e3o fluminense herdou Cl\u00e1udio Castro, um administrador cujo programa social no Jacarezinho ainda n\u00e3o disse a que veio neste ano eleitoral.<br \/>\nPrecisamos estar atentos e fortes. N\u00e3o temos o direito de esquecer que a favela do Jacarezinho continua ocupada por policiais. A nossa vigil\u00e2ncia tem que se impor o tempo todo.<\/p>\n<p>O que se espera s\u00e3o incentivos e pol\u00edticas p\u00fablicas dos governantes, contemplando projetos comunit\u00e1rios j\u00e1 existentes e a criatividade e talento de muitos que ali vivem. Viol\u00eancia e pol\u00edtica eleitoreira, n\u00e3o.<\/p>\n<p><strong>*David Miranda \u00e9 deputado federal pelo Rio de Janeiro.<\/strong><\/p>\n<!-- AddThis Advanced Settings generic via filter on the_content --><!-- AddThis Share Buttons generic via filter on the_content -->","protected":false},"excerpt":{"rendered":"<p>No cl\u00e1ssico \u201cOs Miser\u00e1veis\u201d, Victor Hugo apresenta como principal personagem um homem pobre condenado por ter roubado p\u00e3o. Percebe-se, infelizmente, que o Rio de Janeiro n\u00e3o mudou muito em rela\u00e7\u00e3o ao s\u00e9culo 19 O Jacarezinho \u00e9 uma favela em que popula\u00e7\u00e3o busca ter voz e, para isso, h\u00e1 um grande n\u00famero de moradores atuando em&#8230;<!-- AddThis Advanced Settings generic via filter on wp_trim_excerpt --><!-- AddThis Share Buttons generic via filter on wp_trim_excerpt --><\/p>\n","protected":false},"author":17,"featured_media":81326,"comment_status":"closed","ping_status":"closed","sticky":false,"template":"","format":"standard","meta":{"_monsterinsights_skip_tracking":false,"_monsterinsights_sitenote_active":false,"_monsterinsights_sitenote_note":"","_monsterinsights_sitenote_category":0,"_uf_show_specific_survey":0,"_uf_disable_surveys":false,"footnotes":""},"categories":[1584,1390],"tags":[],"class_list":["post-81324","post","type-post","status-publish","format-standard","has-post-thumbnail","hentry","category-artigos","category-editorias"],"acf":[],"_links":{"self":[{"href":"https:\/\/pdt-rj.org.br\/index.php\/wp-json\/wp\/v2\/posts\/81324","targetHints":{"allow":["GET"]}}],"collection":[{"href":"https:\/\/pdt-rj.org.br\/index.php\/wp-json\/wp\/v2\/posts"}],"about":[{"href":"https:\/\/pdt-rj.org.br\/index.php\/wp-json\/wp\/v2\/types\/post"}],"author":[{"embeddable":true,"href":"https:\/\/pdt-rj.org.br\/index.php\/wp-json\/wp\/v2\/users\/17"}],"replies":[{"embeddable":true,"href":"https:\/\/pdt-rj.org.br\/index.php\/wp-json\/wp\/v2\/comments?post=81324"}],"version-history":[{"count":3,"href":"https:\/\/pdt-rj.org.br\/index.php\/wp-json\/wp\/v2\/posts\/81324\/revisions"}],"predecessor-version":[{"id":81329,"href":"https:\/\/pdt-rj.org.br\/index.php\/wp-json\/wp\/v2\/posts\/81324\/revisions\/81329"}],"wp:featuredmedia":[{"embeddable":true,"href":"https:\/\/pdt-rj.org.br\/index.php\/wp-json\/wp\/v2\/media\/81326"}],"wp:attachment":[{"href":"https:\/\/pdt-rj.org.br\/index.php\/wp-json\/wp\/v2\/media?parent=81324"}],"wp:term":[{"taxonomy":"category","embeddable":true,"href":"https:\/\/pdt-rj.org.br\/index.php\/wp-json\/wp\/v2\/categories?post=81324"},{"taxonomy":"post_tag","embeddable":true,"href":"https:\/\/pdt-rj.org.br\/index.php\/wp-json\/wp\/v2\/tags?post=81324"}],"curies":[{"name":"wp","href":"https:\/\/api.w.org\/{rel}","templated":true}]}}