{"id":81271,"date":"2022-03-28T07:52:55","date_gmt":"2022-03-28T10:52:55","guid":{"rendered":"http:\/\/pdt-rj.org.br\/?p=81271"},"modified":"2022-03-30T17:19:05","modified_gmt":"2022-03-30T20:19:05","slug":"pdt-vai-ao-stf-contra-censura-praticada-por-ministro-do-tse","status":"publish","type":"post","link":"https:\/\/pdt-rj.org.br\/index.php\/pdt-vai-ao-stf-contra-censura-praticada-por-ministro-do-tse\/","title":{"rendered":"PDT vai ao STF contra censura praticada por ministro do TSE"},"content":{"rendered":"<p><strong>Decis\u00e3o monocr\u00e1tica tentou calar artistas do Lollapalooza que se manifestaram contra o governo<\/strong><\/p>\n<p>O PDT foi ao Supremo Tribunal Federal (STF), hoje (28), reclamar da decis\u00e3o do ministro Raul Ara\u00fajo Filho, do Tribunal Superior Eleitoral (TSE), que proibiu manifesta\u00e7\u00f5es pol\u00edticas no Festival Lollapalooza, realizado em S\u00e3o Paulo nos \u00faltimos dias 25, 26 e 27. Apesar do evento j\u00e1 ter acontecido, a Reclama\u00e7\u00e3o Constitucional com pedido de Tutela de Urg\u00eancia quer invalidar o ato monocr\u00e1tico do ministro do TSE.<\/p>\n<p>A decis\u00e3o tomada no \u00faltimo domingo foi uma resposta de Ara\u00fajo ao pedido realizado pelo PL, partido do presidente da Rep\u00fablica Jair Bolsonaro, que argumentou que as manifesta\u00e7\u00f5es pol\u00edticas caracterizavam propaganda pol\u00edtico-eleitoral. Como esperado, os artistas n\u00e3o obedeceram \u00e0 determina\u00e7\u00e3o do TSE e se posicionaram contra o governo federal em diversas oportunidades.<\/p>\n<p>Em sua a\u00e7\u00e3o, o PDT considerou que a medida adotada pelo ministro do \u00f3rg\u00e3o m\u00e1ximo da Justi\u00e7a Eleitoral do pa\u00eds \u00e9 autorit\u00e1ria, configura censura e se afasta dos direitos garantidos pela Constitui\u00e7\u00e3o Federal. Segundo o partido, Raul Ara\u00fajo Filho tamb\u00e9m desconsiderou a fun\u00e7\u00e3o social cr\u00edtica da arte e da m\u00fasica, historicamente conhecida no Brasil.<\/p>\n<p>\u201cNa conjuntura pol\u00edtica atual, \u00e9 autorit\u00e1rio presumir que a ARTE, em suas m\u00faltiplas formas de express\u00e3o, seja apol\u00edtica, herm\u00e9tica, isenta de valores e bandeiras de representa\u00e7\u00e3o. A arte \u2013 sobretudo a m\u00fasica \u2013 consubstancia-se em um instrumento de intelec\u00e7\u00e3o e condensa\u00e7\u00e3o da realidade, em suas m\u00faltiplas formas. Portanto, arte sem ideia, sem filosofia \u2013 sem pol\u00edtica! \u2013 n\u00e3o \u00e9 arte, \u00e9 mero entretenimento\u201d, diz o documento pedetista.<\/p>\n<p>Ainda de acordo com o PDT, a manifesta\u00e7\u00e3o pol\u00edtica no Lollapalooza \u00e9 um reflexo dos resultados da p\u00e9ssima gest\u00e3o federal como aumento da desigualdade social, da fome e do autoritarismo no Brasil. Os gritos de \u201cfora Bolsonaro\u201d foram uma catarse democr\u00e1tica da juventude que vive em um pa\u00eds sem oportunidades ou perspectivas.<\/p>\n<p>\u201cComo \u00e9 natural em diversos espet\u00e1culos desse nicho, a pol\u00edtica chega aos palcos e toma as multid\u00f5es, sem aten\u00e7\u00e3o aos rigores formais e burocr\u00e1ticos do calend\u00e1rio eleitoral, fazendo-o na perfectibiliza\u00e7\u00e3o do mais leg\u00edtimo significado de democracia\u201d.<\/p>\n<p>Ao STF, o PDT pede que os efeitos da decis\u00e3o monocr\u00e1tica do ministro Ara\u00fajo sejam sustados e que a mesma seja cassada.<\/p>\n<!-- AddThis Advanced Settings generic via filter on the_content --><!-- AddThis Share Buttons generic via filter on the_content -->","protected":false},"excerpt":{"rendered":"<p>Decis\u00e3o monocr\u00e1tica tentou calar artistas do Lollapalooza que se manifestaram contra o governo O PDT foi ao Supremo Tribunal Federal (STF), hoje (28), reclamar da decis\u00e3o do ministro Raul Ara\u00fajo Filho, do Tribunal Superior Eleitoral (TSE), que proibiu manifesta\u00e7\u00f5es pol\u00edticas no Festival Lollapalooza, realizado em S\u00e3o Paulo nos \u00faltimos dias 25, 26 e 27. Apesar&#8230;<!-- AddThis Advanced Settings generic via filter on wp_trim_excerpt --><!-- AddThis Share Buttons generic via filter on wp_trim_excerpt --><\/p>\n","protected":false},"author":17,"featured_media":81298,"comment_status":"closed","ping_status":"closed","sticky":false,"template":"","format":"standard","meta":{"_monsterinsights_skip_tracking":false,"_monsterinsights_sitenote_active":false,"_monsterinsights_sitenote_note":"","_monsterinsights_sitenote_category":0,"_uf_show_specific_survey":0,"_uf_disable_surveys":false,"footnotes":""},"categories":[1390,1402],"tags":[],"class_list":["post-81271","post","type-post","status-publish","format-standard","has-post-thumbnail","hentry","category-editorias","category-cidades"],"acf":[],"_links":{"self":[{"href":"https:\/\/pdt-rj.org.br\/index.php\/wp-json\/wp\/v2\/posts\/81271","targetHints":{"allow":["GET"]}}],"collection":[{"href":"https:\/\/pdt-rj.org.br\/index.php\/wp-json\/wp\/v2\/posts"}],"about":[{"href":"https:\/\/pdt-rj.org.br\/index.php\/wp-json\/wp\/v2\/types\/post"}],"author":[{"embeddable":true,"href":"https:\/\/pdt-rj.org.br\/index.php\/wp-json\/wp\/v2\/users\/17"}],"replies":[{"embeddable":true,"href":"https:\/\/pdt-rj.org.br\/index.php\/wp-json\/wp\/v2\/comments?post=81271"}],"version-history":[{"count":4,"href":"https:\/\/pdt-rj.org.br\/index.php\/wp-json\/wp\/v2\/posts\/81271\/revisions"}],"predecessor-version":[{"id":81321,"href":"https:\/\/pdt-rj.org.br\/index.php\/wp-json\/wp\/v2\/posts\/81271\/revisions\/81321"}],"wp:featuredmedia":[{"embeddable":true,"href":"https:\/\/pdt-rj.org.br\/index.php\/wp-json\/wp\/v2\/media\/81298"}],"wp:attachment":[{"href":"https:\/\/pdt-rj.org.br\/index.php\/wp-json\/wp\/v2\/media?parent=81271"}],"wp:term":[{"taxonomy":"category","embeddable":true,"href":"https:\/\/pdt-rj.org.br\/index.php\/wp-json\/wp\/v2\/categories?post=81271"},{"taxonomy":"post_tag","embeddable":true,"href":"https:\/\/pdt-rj.org.br\/index.php\/wp-json\/wp\/v2\/tags?post=81271"}],"curies":[{"name":"wp","href":"https:\/\/api.w.org\/{rel}","templated":true}]}}