{"id":81251,"date":"2022-03-28T07:23:42","date_gmt":"2022-03-28T10:23:42","guid":{"rendered":"http:\/\/pdt-rj.org.br\/?p=81251"},"modified":"2022-04-18T16:10:43","modified_gmt":"2022-04-18T19:10:43","slug":"david-miranda-amplia-no-pdt-potencial-dos-projetos-de-ciro-gomes-e-rodrigo-neves","status":"publish","type":"post","link":"https:\/\/pdt-rj.org.br\/index.php\/david-miranda-amplia-no-pdt-potencial-dos-projetos-de-ciro-gomes-e-rodrigo-neves\/","title":{"rendered":"David Miranda amplia, no PDT, potencial dos projetos de Ciro Gomes e Rodrigo Neves"},"content":{"rendered":"<p><strong>Com Lupi, pr\u00e9-candidatos a presidente e a governador participaram, no Rio, da filia\u00e7\u00e3o do parlamentar<\/strong><\/p>\n<p>A filia\u00e7\u00e3o do deputado federal David Miranda ao PDT foi realizada nesta segunda-feira (28), no Centro do Rio de Janeiro (RJ), com a presen\u00e7a dos pr\u00e9-candidatos pedetistas a presidente da Rep\u00fablica e a governador, Ciro Gomes e Rodrigo Neves. Para lideran\u00e7as e militantes, ambos frisaram a relev\u00e2ncia do parlamentar na amplia\u00e7\u00e3o do potencial dos projetos nacional e estadual de desenvolvimento.<\/p>\n<p>Na chegada \u00e0 sede da Funda\u00e7\u00e3o Leonel Brizola \u2013 Alberto Pasqualini (FLB-AP), David foi recebido pelos integrantes do grupo Afox\u00e9 Filhos de Gandhi. Estiveram presentes tamb\u00e9m parentes e amigos de carioca da favela do Jacarezinho, onde nasceu, foi criado e atua por melhorias locais ao lado dos moradores.<\/p>\n<p>\u201cEu fui aluno de CIEP e me sinto fruto de uma educa\u00e7\u00e3o pensada para emancipar os pobres.<br \/>\n\u00c9 para resgatar e atualizar esse legado hist\u00f3rico de Brizola e Darcy Ribeiro que escolhi mudar para o PDT. Queremos alian\u00e7a com o povo, e um forte projeto econ\u00f4mico nacional. Queremos estar do lado de quem tem hist\u00f3rico de projeto para os pobres\u201d, disse David.<\/p>\n<p>Para Ciro Gomes, \u201cDavid \u00e9 um deputado de todas as causas, especialmente da democracia\u201d, que ajudar\u00e1 em pilares fundamentais dos projetos trabalhistas.<\/p>\n<p>\u201cNuma hora como essa, a potencialidade do David garante um diferencial no enfrentamento \u00e0 discrimina\u00e7\u00e3o e no combate ao governo Bolsonaro. Ele mostra que lutar \u00e9 preciso. Quer ajudar a construir algo diferente\u201d, completou .<\/p>\n<p>Ao elogiar a hist\u00f3ria de David, Rodrigo Neves ressaltou que o Jacarezinho \u00e9 uma \u201cfavela que sofre uma ocupa\u00e7\u00e3o eleitoreira\u201d e ele expressa a luta de milhares de jovens negros por direitos\u201d.<\/p>\n<p>\u201c\u00c9 um quadro exemplar do campo progressista. Tenho muita satisfa\u00e7\u00e3o de ter o David no PDT\u201d, comentou o ex-prefeito de Niter\u00f3i.<\/p>\n<p>\u201cO David passou pelo Ciep de Brizola e Darcy RIbeiro. \u00c9 uma trajet\u00f3ria vinculada ao trabalhismo\u201d, acrescentou.<\/p>\n<p>Para o presidente do PDT, Carlos Lupi, a chegada do deputado amplia a for\u00e7a e a presen\u00e7a do trabalhismo em um momento decisivo da democracia brasileira.<\/p>\n<p>\u201c\u00c9 uma nova etapa de luta em prol do povo brasileiro. O PDT \u00e9 o partido dos exclu\u00eddos e o David simboliza a nossa hist\u00f3ria de batalha. Vamos seguir buscando o desenvolvimento econ\u00f4mico com responsabilidade social. E os projetos do Ciro Gomes e Rodrigo Neves ser\u00e3o refor\u00e7ados com a experi\u00eancia e comprometimento do David\u201d, disse.<\/p>\n<p>A deputada estadual Martha Rocha garantiu que o trabalhismo far\u00e1 cada vez mais diferen\u00e7a com a contribui\u00e7\u00e3o de novos quadros qualificados.<\/p>\n<p>\u201c\u00c9 muito importante tudo o que voc\u00ea representa, principalmente no campo da diversidade. Vamos caminhar juntos para seguir buscando o melhor para o povo do Rio\u201d, comentou.<\/p>\n<p><strong>Trajet\u00f3ria<\/strong><\/p>\n<p>David Miranda \u00e9 deputado federal pelo Rio de Janeiro e ex-vereador, tem 36 anos e \u00e9 graduado em comunica\u00e7\u00e3o. Atuante e contestador, foi o primeiro parlamentar da C\u00e2mara Municipal assumidamente gay.<\/p>\n<p>Casado h\u00e1 17 anos com o advogado e jornalista americano Glenn Greenwald, hoje tem tr\u00eas filhos com ele, Jo\u00e3o Victor, Jonathas e Marcelo.<\/p>\n<p>Sua presen\u00e7a no parlamento tem, como principais pautas, as quest\u00f5es de direitos humanos, como a luta por melhor condi\u00e7\u00e3o de vida da popula\u00e7\u00e3o das favelas e periferias, a defesa dos direitos LGBTQIA+ e o combate ao racismo.<\/p>\n<!-- AddThis Advanced Settings generic via filter on the_content --><!-- AddThis Share Buttons generic via filter on the_content -->","protected":false},"excerpt":{"rendered":"<p>Com Lupi, pr\u00e9-candidatos a presidente e a governador participaram, no Rio, da filia\u00e7\u00e3o do parlamentar A filia\u00e7\u00e3o do deputado federal David Miranda ao PDT foi realizada nesta segunda-feira (28), no Centro do Rio de Janeiro (RJ), com a presen\u00e7a dos pr\u00e9-candidatos pedetistas a presidente da Rep\u00fablica e a governador, Ciro Gomes e Rodrigo Neves. Para&#8230;<!-- AddThis Advanced Settings generic via filter on wp_trim_excerpt --><!-- AddThis Share Buttons generic via filter on wp_trim_excerpt --><\/p>\n","protected":false},"author":17,"featured_media":81252,"comment_status":"closed","ping_status":"closed","sticky":false,"template":"","format":"standard","meta":{"_monsterinsights_skip_tracking":false,"_monsterinsights_sitenote_active":false,"_monsterinsights_sitenote_note":"","_monsterinsights_sitenote_category":0,"_uf_show_specific_survey":0,"_uf_disable_surveys":false,"footnotes":""},"categories":[1390,5417,5416,1401,5415],"tags":[],"class_list":["post-81251","post","type-post","status-publish","format-standard","has-post-thumbnail","hentry","category-editorias","category-carlos-lupi","category-ciro-gomes","category-nacional","category-rodrigo-neves"],"acf":[],"_links":{"self":[{"href":"https:\/\/pdt-rj.org.br\/index.php\/wp-json\/wp\/v2\/posts\/81251","targetHints":{"allow":["GET"]}}],"collection":[{"href":"https:\/\/pdt-rj.org.br\/index.php\/wp-json\/wp\/v2\/posts"}],"about":[{"href":"https:\/\/pdt-rj.org.br\/index.php\/wp-json\/wp\/v2\/types\/post"}],"author":[{"embeddable":true,"href":"https:\/\/pdt-rj.org.br\/index.php\/wp-json\/wp\/v2\/users\/17"}],"replies":[{"embeddable":true,"href":"https:\/\/pdt-rj.org.br\/index.php\/wp-json\/wp\/v2\/comments?post=81251"}],"version-history":[{"count":4,"href":"https:\/\/pdt-rj.org.br\/index.php\/wp-json\/wp\/v2\/posts\/81251\/revisions"}],"predecessor-version":[{"id":81445,"href":"https:\/\/pdt-rj.org.br\/index.php\/wp-json\/wp\/v2\/posts\/81251\/revisions\/81445"}],"wp:featuredmedia":[{"embeddable":true,"href":"https:\/\/pdt-rj.org.br\/index.php\/wp-json\/wp\/v2\/media\/81252"}],"wp:attachment":[{"href":"https:\/\/pdt-rj.org.br\/index.php\/wp-json\/wp\/v2\/media?parent=81251"}],"wp:term":[{"taxonomy":"category","embeddable":true,"href":"https:\/\/pdt-rj.org.br\/index.php\/wp-json\/wp\/v2\/categories?post=81251"},{"taxonomy":"post_tag","embeddable":true,"href":"https:\/\/pdt-rj.org.br\/index.php\/wp-json\/wp\/v2\/tags?post=81251"}],"curies":[{"name":"wp","href":"https:\/\/api.w.org\/{rel}","templated":true}]}}