{"id":81248,"date":"2022-03-30T07:20:22","date_gmt":"2022-03-30T10:20:22","guid":{"rendered":"http:\/\/pdt-rj.org.br\/?p=81248"},"modified":"2022-04-01T14:38:56","modified_gmt":"2022-04-01T17:38:56","slug":"ivanir-dos-santos-apresenta-pre-candidatura-ao-senado-pelo-pdt-do-rio-de-janeiro","status":"publish","type":"post","link":"https:\/\/pdt-rj.org.br\/index.php\/ivanir-dos-santos-apresenta-pre-candidatura-ao-senado-pelo-pdt-do-rio-de-janeiro\/","title":{"rendered":"Ivanir dos Santos apresenta pr\u00e9-candidatura ao Senado pelo PDT do Rio de Janeiro"},"content":{"rendered":"<p><strong>Ato mobiliza, na sede da Funda\u00e7\u00e3o, lideran\u00e7as sociais e pol\u00edticas de todas as regi\u00f5es do estado<\/strong><\/p>\n<p>O babala\u00f4 Ivanir dos Santos oficializar\u00e1, nesta sexta-feira (1), sua pr\u00e9-candidatura ao Senado Federal pelo PDT do Rio de Janeiro. Na sede da Funda\u00e7\u00e3o Leonel Brizola \u2013 Alberto Pasqualini (FLB-AP), no Centro da capital, o ato contar\u00e1 com a participa\u00e7\u00e3o do presidente nacional do partido, Carlos Lupi, e de lideran\u00e7as sociais e pol\u00edticas fluminenses.<\/p>\n<p>Expoente no combate ao racismo e na defesa de direitos humanos, com destaque para as religi\u00f5es de matriz africana, o pedetista, que \u00e9 morador da Mangueira, na Zona Norte, construiu sua trajet\u00f3ria em a\u00e7\u00f5es de destaque no estado, como a implanta\u00e7\u00e3o da primeira Secretaria de Direitos Humanos, a interlocu\u00e7\u00e3o da Anistia Internacional e a articula\u00e7\u00e3o do Centro de Articula\u00e7\u00e3o de Popula\u00e7\u00f5es Marginalizadas.<\/p>\n<p>P\u00f3s-doutor em Hist\u00f3ria Comparada, Ivanir atua h\u00e1 mais de 30 anos no Movimento Negro, onde tamb\u00e9m acumula marcantes contribui\u00e7\u00f5es, como na implementa\u00e7\u00e3o da Lei Ca\u00f3 (7.716\/89), que levou o nome do autor: deputado federal pedetista Carlos Alberto Ca\u00f3. Considerada um marco, incluiu, na Constitui\u00e7\u00e3o, o inciso que estabelece que racismo \u00e9 crime inafian\u00e7\u00e1vel e imprescrit\u00edvel.<\/p>\n<p>Na Universidade Federal do Rio de Janeiro (UFRJ), apresentou a tese sobre \u201cinterfaces pol\u00edticas e sociais das religi\u00f5es de matrizes africanas, no Rio de Janeiro, contra os processos de intoler\u00e2ncia religiosa\u201d.<\/p>\n<p>Evento: Ivanir dos Santos apresenta pr\u00e9-candidatura ao Senado<\/p>\n<p>Data: 1 de Abril<\/p>\n<p>Hor\u00e1rio: 12h<\/p>\n<p>Local: Sede da Funda\u00e7\u00e3o Leonel Brizola \u2013 Alberto Pasqualini (FLB-AP) \u2013 Rua do Teatro, 39, Centro do Rio de Janeiro (RJ)<\/p>\n<!-- AddThis Advanced Settings generic via filter on the_content --><!-- AddThis Share Buttons generic via filter on the_content -->","protected":false},"excerpt":{"rendered":"<p>Ato mobiliza, na sede da Funda\u00e7\u00e3o, lideran\u00e7as sociais e pol\u00edticas de todas as regi\u00f5es do estado O babala\u00f4 Ivanir dos Santos oficializar\u00e1, nesta sexta-feira (1), sua pr\u00e9-candidatura ao Senado Federal pelo PDT do Rio de Janeiro. Na sede da Funda\u00e7\u00e3o Leonel Brizola \u2013 Alberto Pasqualini (FLB-AP), no Centro da capital, o ato contar\u00e1 com a&#8230;<!-- AddThis Advanced Settings generic via filter on wp_trim_excerpt --><!-- AddThis Share Buttons generic via filter on wp_trim_excerpt --><\/p>\n","protected":false},"author":17,"featured_media":81249,"comment_status":"closed","ping_status":"closed","sticky":false,"template":"","format":"standard","meta":{"_monsterinsights_skip_tracking":false,"_monsterinsights_sitenote_active":false,"_monsterinsights_sitenote_note":"","_monsterinsights_sitenote_category":0,"_uf_show_specific_survey":0,"_uf_disable_surveys":false,"footnotes":""},"categories":[1390,1402],"tags":[],"class_list":["post-81248","post","type-post","status-publish","format-standard","has-post-thumbnail","hentry","category-editorias","category-cidades"],"acf":[],"_links":{"self":[{"href":"https:\/\/pdt-rj.org.br\/index.php\/wp-json\/wp\/v2\/posts\/81248","targetHints":{"allow":["GET"]}}],"collection":[{"href":"https:\/\/pdt-rj.org.br\/index.php\/wp-json\/wp\/v2\/posts"}],"about":[{"href":"https:\/\/pdt-rj.org.br\/index.php\/wp-json\/wp\/v2\/types\/post"}],"author":[{"embeddable":true,"href":"https:\/\/pdt-rj.org.br\/index.php\/wp-json\/wp\/v2\/users\/17"}],"replies":[{"embeddable":true,"href":"https:\/\/pdt-rj.org.br\/index.php\/wp-json\/wp\/v2\/comments?post=81248"}],"version-history":[{"count":4,"href":"https:\/\/pdt-rj.org.br\/index.php\/wp-json\/wp\/v2\/posts\/81248\/revisions"}],"predecessor-version":[{"id":81385,"href":"https:\/\/pdt-rj.org.br\/index.php\/wp-json\/wp\/v2\/posts\/81248\/revisions\/81385"}],"wp:featuredmedia":[{"embeddable":true,"href":"https:\/\/pdt-rj.org.br\/index.php\/wp-json\/wp\/v2\/media\/81249"}],"wp:attachment":[{"href":"https:\/\/pdt-rj.org.br\/index.php\/wp-json\/wp\/v2\/media?parent=81248"}],"wp:term":[{"taxonomy":"category","embeddable":true,"href":"https:\/\/pdt-rj.org.br\/index.php\/wp-json\/wp\/v2\/categories?post=81248"},{"taxonomy":"post_tag","embeddable":true,"href":"https:\/\/pdt-rj.org.br\/index.php\/wp-json\/wp\/v2\/tags?post=81248"}],"curies":[{"name":"wp","href":"https:\/\/api.w.org\/{rel}","templated":true}]}}