{"id":81245,"date":"2022-03-29T07:17:08","date_gmt":"2022-03-29T10:17:08","guid":{"rendered":"http:\/\/pdt-rj.org.br\/?p=81245"},"modified":"2022-04-18T16:10:53","modified_gmt":"2022-04-18T19:10:53","slug":"ciro-gomes-promove-seminario-sobre-petrobras-no-rio-de-janeiro","status":"publish","type":"post","link":"https:\/\/pdt-rj.org.br\/index.php\/ciro-gomes-promove-seminario-sobre-petrobras-no-rio-de-janeiro\/","title":{"rendered":"Ciro Gomes promove semin\u00e1rio sobre Petrobras no Rio de Janeiro"},"content":{"rendered":"<p>Ciro Gomes realizar\u00e1 nesta quarta -feira (30\/3), no Rio de Janeiro, um semin\u00e1rio para apresentar propostas para a Petrobras e mudan\u00e7a na sua Pol\u00edtica de Pre\u00e7os.<\/p>\n<p>A ideia da equipe de Ciro, comandada pelo professor da FGV, Nelso Marconi, \u00e9 que todos os pontos sejam apresentados a especialistas independentes que criticar\u00e3o as propostas, sugerindo mudan\u00e7as e melhorias.<\/p>\n<p>O semin\u00e1rio ser\u00e1 dividido em tr\u00eas mesas (Pol\u00edtica de pre\u00e7os; controle p\u00fablico e privatiza\u00e7\u00e3o; energias do futuro) e acontecer\u00e1 na sede do PDT carioca, \u00e0s 9h.<\/p>\n<p>Entre os convidados est\u00e3o professores, t\u00e9cnicos e pesquisadores.<\/p>\n<p>\u00c9 obrigat\u00f3rio o uso de m\u00e1scara e a apresenta\u00e7\u00e3o do comprovante de vacina\u00e7\u00e3o.<\/p>\n<p>Haver\u00e1 coletiva de imprensa ao final do evento.<\/p>\n<p><strong>Servi\u00e7o<\/strong><\/p>\n<p>9h: Semin\u00e1rio \u201cPetrobras n\u00e3o \u00e9 problema, Petrobras \u00e9 solu\u00e7\u00e3o\u201d, com coordena\u00e7\u00e3o do professor Nelson Marconi e participa\u00e7\u00e3o de t\u00e9cnicos independentes convidados. Haver\u00e1 coletiva de imprensa ap\u00f3s o evento.<\/p>\n<p>Credenciamento com Bruno Ribeiro: +55 61 99829-9477<\/p>\n<p>Onde: Sede do PDT\/RJ, Rua do Teatro, 39, Pra\u00e7a Tiradentes, Centro do Rio<\/p>\n<!-- AddThis Advanced Settings generic via filter on the_content --><!-- AddThis Share Buttons generic via filter on the_content -->","protected":false},"excerpt":{"rendered":"<p>Ciro Gomes realizar\u00e1 nesta quarta -feira (30\/3), no Rio de Janeiro, um semin\u00e1rio para apresentar propostas para a Petrobras e mudan\u00e7a na sua Pol\u00edtica de Pre\u00e7os. A ideia da equipe de Ciro, comandada pelo professor da FGV, Nelso Marconi, \u00e9 que todos os pontos sejam apresentados a especialistas independentes que criticar\u00e3o as propostas, sugerindo mudan\u00e7as&#8230;<!-- AddThis Advanced Settings generic via filter on wp_trim_excerpt --><!-- AddThis Share Buttons generic via filter on wp_trim_excerpt --><\/p>\n","protected":false},"author":17,"featured_media":81246,"comment_status":"closed","ping_status":"closed","sticky":false,"template":"","format":"standard","meta":{"_monsterinsights_skip_tracking":false,"_monsterinsights_sitenote_active":false,"_monsterinsights_sitenote_note":"","_monsterinsights_sitenote_category":0,"_uf_show_specific_survey":0,"_uf_disable_surveys":false,"footnotes":""},"categories":[1390,5416,1401],"tags":[],"class_list":["post-81245","post","type-post","status-publish","format-standard","has-post-thumbnail","hentry","category-editorias","category-ciro-gomes","category-nacional"],"acf":[],"_links":{"self":[{"href":"https:\/\/pdt-rj.org.br\/index.php\/wp-json\/wp\/v2\/posts\/81245","targetHints":{"allow":["GET"]}}],"collection":[{"href":"https:\/\/pdt-rj.org.br\/index.php\/wp-json\/wp\/v2\/posts"}],"about":[{"href":"https:\/\/pdt-rj.org.br\/index.php\/wp-json\/wp\/v2\/types\/post"}],"author":[{"embeddable":true,"href":"https:\/\/pdt-rj.org.br\/index.php\/wp-json\/wp\/v2\/users\/17"}],"replies":[{"embeddable":true,"href":"https:\/\/pdt-rj.org.br\/index.php\/wp-json\/wp\/v2\/comments?post=81245"}],"version-history":[{"count":4,"href":"https:\/\/pdt-rj.org.br\/index.php\/wp-json\/wp\/v2\/posts\/81245\/revisions"}],"predecessor-version":[{"id":81323,"href":"https:\/\/pdt-rj.org.br\/index.php\/wp-json\/wp\/v2\/posts\/81245\/revisions\/81323"}],"wp:featuredmedia":[{"embeddable":true,"href":"https:\/\/pdt-rj.org.br\/index.php\/wp-json\/wp\/v2\/media\/81246"}],"wp:attachment":[{"href":"https:\/\/pdt-rj.org.br\/index.php\/wp-json\/wp\/v2\/media?parent=81245"}],"wp:term":[{"taxonomy":"category","embeddable":true,"href":"https:\/\/pdt-rj.org.br\/index.php\/wp-json\/wp\/v2\/categories?post=81245"},{"taxonomy":"post_tag","embeddable":true,"href":"https:\/\/pdt-rj.org.br\/index.php\/wp-json\/wp\/v2\/tags?post=81245"}],"curies":[{"name":"wp","href":"https:\/\/api.w.org\/{rel}","templated":true}]}}