{"id":81242,"date":"2022-03-29T07:04:57","date_gmt":"2022-03-29T10:04:57","guid":{"rendered":"http:\/\/pdt-rj.org.br\/?p=81242"},"modified":"2022-04-18T15:48:34","modified_gmt":"2022-04-18T18:48:34","slug":"rodrigo-neves-e-eduardo-paes-selam-alianca-entre-pdt-e-psd-no-rio-de-janeiro","status":"publish","type":"post","link":"https:\/\/pdt-rj.org.br\/index.php\/rodrigo-neves-e-eduardo-paes-selam-alianca-entre-pdt-e-psd-no-rio-de-janeiro\/","title":{"rendered":"Rodrigo Neves e Eduardo Paes selam alian\u00e7a entre PDT e PSD no Rio de Janeiro"},"content":{"rendered":"<p><strong>Pr\u00e9-candidato a governador pelo PDT recebe apoio do prefeito do Rio em evento no Centro do Rio<\/strong><\/p>\n<p>Em evento realizado na noite desta ter\u00e7a-feira (29), na sede da Associa\u00e7\u00e3o Brasileira de Imprensa (ABI), no Centro do Rio de Janeiro, o pr\u00e9-candidato a governador pelo PDT, Rodrigo Neves, e o prefeito carioca, Eduardo Paes, reafirmaram a alian\u00e7a eleitoral entre PDT e PSD para as pr\u00f3ximas elei\u00e7\u00f5es.<\/p>\n<p>O encontro contou com a presen\u00e7a do presidenci\u00e1vel Ciro Gomes, do presidente nacional do PDT, Carlos Lupi, do ex-presidente da Ordem dos Advogados do Brasil (OAB), Felipe Santa Cruz, e de lideran\u00e7as pol\u00edticas e sociais de todo o estado do Rio de Janeiro, que lotaram audit\u00f3rio, sagu\u00e3o, depend\u00eancias e at\u00e9 a cal\u00e7ada da ABI com cerca de mil pessoas, que acompanharam os discursos por meio de tel\u00f5es.<\/p>\n<p>\u201cN\u00f3s estamos construindo uma alian\u00e7a pol\u00edtica que re\u00fane as duas melhores escolas de gest\u00e3o p\u00fablica do nosso estado. A unidade e o di\u00e1logo s\u00e3o fundamentais e fico muito feliz por todo esse apoio para a reconstru\u00e7\u00e3o do nosso estado\u201d, disse Neves.<\/p>\n<p>\u201cTenho certeza de que o encontro desta noite vai se traduzir em um trabalho conjunto, para a gente reconstruir o estado do Rio de Janeiro. H\u00e1 solu\u00e7\u00e3o, mas \u00e9 preciso um governo estadual que funcione, com boa gest\u00e3o, transpar\u00eancia e compromisso com o povo\u201d, completou.<\/p>\n<p>Aproveitando uma fala do pedetista Miro Teixeira, de que este \u00e9 o momento de \u2018assinar a papelada do casamento\u2019, Eduardo Paes disse que o casamento est\u00e1 sacramentado e elogiou Rodrigo Neves, citando sua trajet\u00f3ria como gestor p\u00fablico.<\/p>\n<p>\u201cO Rodrigo Neves foi um grande vereador, foi um grande deputado, foi um super-prefeito para Niter\u00f3i &#8211; a gente sabe a transforma\u00e7\u00e3o que ele fez em Niter\u00f3i\u201d, listou Paes.<\/p>\n<p>E se dirigindo diretamente a Neves, o prefeito do Rio ratificou a alian\u00e7a.<\/p>\n<p>\u201cTodos n\u00f3s aqui te admiramos e temos certeza da sua capacidade e das possibilidades que voc\u00ea pode trazer, junto com o Felipe [Santa Cruz], para a gente do nosso estado\u201d.<\/p>\n<!-- AddThis Advanced Settings generic via filter on the_content --><!-- AddThis Share Buttons generic via filter on the_content -->","protected":false},"excerpt":{"rendered":"<p>Pr\u00e9-candidato a governador pelo PDT recebe apoio do prefeito do Rio em evento no Centro do Rio Em evento realizado na noite desta ter\u00e7a-feira (29), na sede da Associa\u00e7\u00e3o Brasileira de Imprensa (ABI), no Centro do Rio de Janeiro, o pr\u00e9-candidato a governador pelo PDT, Rodrigo Neves, e o prefeito carioca, Eduardo Paes, reafirmaram a&#8230;<!-- AddThis Advanced Settings generic via filter on wp_trim_excerpt --><!-- AddThis Share Buttons generic via filter on wp_trim_excerpt --><\/p>\n","protected":false},"author":17,"featured_media":81243,"comment_status":"closed","ping_status":"closed","sticky":false,"template":"","format":"standard","meta":{"_monsterinsights_skip_tracking":false,"_monsterinsights_sitenote_active":false,"_monsterinsights_sitenote_note":"","_monsterinsights_sitenote_category":0,"_uf_show_specific_survey":0,"_uf_disable_surveys":false,"footnotes":""},"categories":[1390,5414,5415],"tags":[],"class_list":["post-81242","post","type-post","status-publish","format-standard","has-post-thumbnail","hentry","category-editorias","category-estado","category-rodrigo-neves"],"acf":[],"_links":{"self":[{"href":"https:\/\/pdt-rj.org.br\/index.php\/wp-json\/wp\/v2\/posts\/81242","targetHints":{"allow":["GET"]}}],"collection":[{"href":"https:\/\/pdt-rj.org.br\/index.php\/wp-json\/wp\/v2\/posts"}],"about":[{"href":"https:\/\/pdt-rj.org.br\/index.php\/wp-json\/wp\/v2\/types\/post"}],"author":[{"embeddable":true,"href":"https:\/\/pdt-rj.org.br\/index.php\/wp-json\/wp\/v2\/users\/17"}],"replies":[{"embeddable":true,"href":"https:\/\/pdt-rj.org.br\/index.php\/wp-json\/wp\/v2\/comments?post=81242"}],"version-history":[{"count":6,"href":"https:\/\/pdt-rj.org.br\/index.php\/wp-json\/wp\/v2\/posts\/81242\/revisions"}],"predecessor-version":[{"id":81465,"href":"https:\/\/pdt-rj.org.br\/index.php\/wp-json\/wp\/v2\/posts\/81242\/revisions\/81465"}],"wp:featuredmedia":[{"embeddable":true,"href":"https:\/\/pdt-rj.org.br\/index.php\/wp-json\/wp\/v2\/media\/81243"}],"wp:attachment":[{"href":"https:\/\/pdt-rj.org.br\/index.php\/wp-json\/wp\/v2\/media?parent=81242"}],"wp:term":[{"taxonomy":"category","embeddable":true,"href":"https:\/\/pdt-rj.org.br\/index.php\/wp-json\/wp\/v2\/categories?post=81242"},{"taxonomy":"post_tag","embeddable":true,"href":"https:\/\/pdt-rj.org.br\/index.php\/wp-json\/wp\/v2\/tags?post=81242"}],"curies":[{"name":"wp","href":"https:\/\/api.w.org\/{rel}","templated":true}]}}