{"id":81210,"date":"2022-02-05T15:44:16","date_gmt":"2022-02-05T18:44:16","guid":{"rendered":"http:\/\/pdt-rj.org.br\/?p=81210"},"modified":"2022-04-18T15:49:19","modified_gmt":"2022-04-18T18:49:19","slug":"rodrigo-neves-valoriza-forca-e-experiencia-da-chapa-pdt-psd-para-reconstruir-o-rio-de-janeij","status":"publish","type":"post","link":"https:\/\/pdt-rj.org.br\/index.php\/rodrigo-neves-valoriza-forca-e-experiencia-da-chapa-pdt-psd-para-reconstruir-o-rio-de-janeij\/","title":{"rendered":"Rodrigo Neves valoriza for\u00e7a e experi\u00eancia da chapa PDT-PSD para reconstruir o Rio de janeiJ"},"content":{"rendered":"<p class=\"yiv4803543192MsoNormal\"><em><b>Pr\u00e9-candidato\u00a0<span class=\"yiv4803543192\">pedetista<\/span>\u00a0abordou a forma\u00e7\u00e3o da alian\u00e7a regional selada por Carlos Lupi e Eduardo Paes<\/b><\/em><\/p>\n<p class=\"yiv4803543192MsoNormal\">A for\u00e7a e a experi\u00eancia da chapa \u00fanica entre PDT e PSD para reconstruir o estado do Rio de Janeiro foram enaltecidas pelo\u00a0<span class=\"yiv4803543192\">pr\u00e9<\/span>-candidato\u00a0<span class=\"yiv4803543192\">pedetista<\/span>, Rodrigo Neves, em entrevista para a R\u00e1dio Tupi nesta sexta-feira (4). O ex-prefeito de Niter\u00f3i (RJ) colocou a alian\u00e7a regional, que tamb\u00e9m conta com o ex-presidente da Ordem dos Advogados do Brasil (OAB) Felipe Santa Cruz (PSD) como op\u00e7\u00e3o, no patamar de \u201cprimeira via\u201d.<\/p>\n<p class=\"yiv4803543192MsoNormal\">Na conversa com a jornalista Isabele Benito, o\u00a0<span class=\"yiv4803543192\">pedetista<\/span>\u00a0ratificou a import\u00e2ncia da articula\u00e7\u00e3o do presidente nacional do seu partido, Carlos Lupi, com o prefeito da capital, Eduardo Paes (PSD), que selou o acordo na \u00faltima quarta-feira (2). O grupo definir\u00e1, ao longo dos pr\u00f3ximos meses, o nome para encabe\u00e7ar a chapa de \u201cperfis complementares\u201d.<\/p>\n<p class=\"yiv4803543192MsoNormal\">\u201cEssa alian\u00e7a re\u00fane as duas melhores experi\u00eancias de governan\u00e7a e de gest\u00e3o p\u00fablica do Rio de Janeiro. A experi\u00eancia do Eduardo Paes e a tradi\u00e7\u00e3o do PDT e do Trabalhismo, que j\u00e1 governa, h\u00e1 quase 30 anos, Niter\u00f3i e fez dela a melhor em qualidade de vida do estado\u201d, destacou, mencionando o seu sucessor, o prefeito Axel Grael, bem como as gest\u00f5es de Leonel Brizola no Pal\u00e1cio Guanabara, que contaram com o apoio do soci\u00f3logo Darcy Ribeiro.<\/p>\n<p class=\"yiv4803543192MsoNormal\">\u201c\u00c9 uma alian\u00e7a muito forte para viabilizar uma alternativa ao Rio diante da trag\u00e9dia que a gente est\u00e1 vivendo em todas as \u00e1reas, como na social, com o desespero das pessoas sofrendo com o desemprego, fome, pobreza e dificuldades, como a falta de atendimento nas unidades de sa\u00fade\u201d, completou.<\/p>\n<p class=\"yiv4803543192MsoNormal\">A gravidade da \u201cpior crise\u201d na hist\u00f3ria fluminense, retratada ainda na educa\u00e7\u00e3o p\u00fablica com \u201ccrian\u00e7as e jovens, h\u00e1 quase dois anos, praticamente sem aulas\u201d, demanda representantes capazes de estancar \u201ca situa\u00e7\u00e3o dram\u00e1tica\u201d gerada nas \u00faltimas d\u00e9cadas.<\/p>\n<p class=\"yiv4803543192MsoNormal\">\u201cO fato de reunirmos as lideran\u00e7as que t\u00eam as melhores experi\u00eancias em gest\u00e3o \u00e9 muito bom para n\u00e3o s\u00f3 ganhar a elei\u00e7\u00e3o, porque vamos vencer, mas sobretudo para fazer um governo que seja capaz de reconstruir o Rio\u201d, projetou.<\/p>\n<p class=\"yiv4803543192MsoNormal\">\u201cN\u00f3s n\u00e3o podemos arriscar, nem errar nessa elei\u00e7\u00e3o de 2022, que, provavelmente, \u00e9 a mais importante desde a fus\u00e3o do Rio de Janeiro na d\u00e9cada de 70. Ent\u00e3o acredito que a gente precisa reunir todas as for\u00e7as democr\u00e1ticas e progressistas que tenham esse compromisso com a boa gest\u00e3o\u201d, finalizou.<\/p>\n<!-- AddThis Advanced Settings generic via filter on the_content --><!-- AddThis Share Buttons generic via filter on the_content -->","protected":false},"excerpt":{"rendered":"<p>Pr\u00e9-candidato\u00a0pedetista\u00a0abordou a forma\u00e7\u00e3o da alian\u00e7a regional selada por Carlos Lupi e Eduardo Paes A for\u00e7a e a experi\u00eancia da chapa \u00fanica entre PDT e PSD para reconstruir o estado do Rio de Janeiro foram enaltecidas pelo\u00a0pr\u00e9-candidato\u00a0pedetista, Rodrigo Neves, em entrevista para a R\u00e1dio Tupi nesta sexta-feira (4). O ex-prefeito de Niter\u00f3i (RJ) colocou a alian\u00e7a&#8230;<!-- AddThis Advanced Settings generic via filter on wp_trim_excerpt --><!-- AddThis Share Buttons generic via filter on wp_trim_excerpt --><\/p>\n","protected":false},"author":17,"featured_media":81211,"comment_status":"closed","ping_status":"closed","sticky":false,"template":"","format":"standard","meta":{"_monsterinsights_skip_tracking":false,"_monsterinsights_sitenote_active":false,"_monsterinsights_sitenote_note":"","_monsterinsights_sitenote_category":0,"_uf_show_specific_survey":0,"_uf_disable_surveys":false,"footnotes":""},"categories":[1390,1402,5415],"tags":[4025,565,2463,38,1602,3169,46],"class_list":["post-81210","post","type-post","status-publish","format-standard","has-post-thumbnail","hentry","category-editorias","category-cidades","category-rodrigo-neves","tag-axel-grael","tag-leonel-brizola","tag-niteroi-rj","tag-pdt","tag-rio-de-janeiro","tag-rodrigo-neves","tag-trabalhismo"],"acf":[],"_links":{"self":[{"href":"https:\/\/pdt-rj.org.br\/index.php\/wp-json\/wp\/v2\/posts\/81210","targetHints":{"allow":["GET"]}}],"collection":[{"href":"https:\/\/pdt-rj.org.br\/index.php\/wp-json\/wp\/v2\/posts"}],"about":[{"href":"https:\/\/pdt-rj.org.br\/index.php\/wp-json\/wp\/v2\/types\/post"}],"author":[{"embeddable":true,"href":"https:\/\/pdt-rj.org.br\/index.php\/wp-json\/wp\/v2\/users\/17"}],"replies":[{"embeddable":true,"href":"https:\/\/pdt-rj.org.br\/index.php\/wp-json\/wp\/v2\/comments?post=81210"}],"version-history":[{"count":3,"href":"https:\/\/pdt-rj.org.br\/index.php\/wp-json\/wp\/v2\/posts\/81210\/revisions"}],"predecessor-version":[{"id":81216,"href":"https:\/\/pdt-rj.org.br\/index.php\/wp-json\/wp\/v2\/posts\/81210\/revisions\/81216"}],"wp:featuredmedia":[{"embeddable":true,"href":"https:\/\/pdt-rj.org.br\/index.php\/wp-json\/wp\/v2\/media\/81211"}],"wp:attachment":[{"href":"https:\/\/pdt-rj.org.br\/index.php\/wp-json\/wp\/v2\/media?parent=81210"}],"wp:term":[{"taxonomy":"category","embeddable":true,"href":"https:\/\/pdt-rj.org.br\/index.php\/wp-json\/wp\/v2\/categories?post=81210"},{"taxonomy":"post_tag","embeddable":true,"href":"https:\/\/pdt-rj.org.br\/index.php\/wp-json\/wp\/v2\/tags?post=81210"}],"curies":[{"name":"wp","href":"https:\/\/api.w.org\/{rel}","templated":true}]}}