{"id":81134,"date":"2022-01-22T16:35:23","date_gmt":"2022-01-22T19:35:23","guid":{"rendered":"http:\/\/pdt-rj.org.br\/?p=81134"},"modified":"2022-02-01T23:31:58","modified_gmt":"2022-02-02T02:31:58","slug":"o-centenario-de-brizola","status":"publish","type":"post","link":"https:\/\/pdt-rj.org.br\/index.php\/o-centenario-de-brizola\/","title":{"rendered":"O Centen\u00e1rio de Brizola"},"content":{"rendered":"<p>Neste s\u00e1bado (22\/02\/22), Leonel de Moura Brizola completaria 100 anos. Uma das lideran\u00e7as produzidas e formadas pela pol\u00edtica brasileira mais conectadas com as entranhas do seu povo. Foi o \u00fanico a ser eleito governador em dois estados brasileiros, do Rio Grande do Sul e do Rio de Janeiro, al\u00e9m de ter sido prefeito de Porto Alegre (RS) e parlamentar. Sob os ideais trabalhistas, no Rio Grande, enquanto governador, promoveu a reforma agr\u00e1ria, sob a \u00e9gide de uma firme organiza\u00e7\u00e3o pol\u00edtica e social dos agricultores, e aqueceu a economia do estado por meio da agricultura familiar. Tinha um entendimento de induzir o desenvolvimento por meio da ind\u00fastria, tendo implantado a A\u00e7os Finos Piratini, a A\u00e7\u00facar Ga\u00facho e outras de trigo. Entendendo o Estado como coordenador estrat\u00e9gico desse desenvolvimento, nacionalizou, de forma c\u00e9lere, a Companhia El\u00e9trica para que n\u00e3o faltasse energia para as ind\u00fastrias, ap\u00f3s a recusa dos americanos em fazer as concess\u00f5es. Triplicou, assim, a produ\u00e7\u00e3o el\u00e9trica.<\/p>\n<p>Por outro lado, Brizola garantiu o acesso \u00e0 educa\u00e7\u00e3o em todas as partes do Estado, multiplicou o n\u00famero de escolas, criando uma rede p\u00fablica de ensino prim\u00e1rio e m\u00e9dio, al\u00e9m de formar e contratar dezenas de professores para o antigo \u201ccolegial\u201d. Para financiar toda a pol\u00edtica social do seu governo, criou de forma pioneira a Caixa Econ\u00f4mica Estadual com linhas de cr\u00e9dito popular e acess\u00edvel aos parques industriais. Um vision\u00e1rio em defesa do Brasil e da democracia de tal forma que foi o principal l\u00edder, mentor e organizador da Campanha da Legalidade, uma mobiliza\u00e7\u00e3o da sociedade civil e dos segmentos militares para defesa da posse do presidente eleito, Jo\u00e3o Goulart, em sucess\u00e3o \u00e0 J\u00e2nio Quadros que renunciara.<\/p>\n<p>Com a ditadura militar, mais a frente, foi obrigado a partir para o ex\u00edlio. No seu retorno, mesmo tendo perdido a sigla tradicional trabalhista no Brasil, reorganizou as lideran\u00e7as e fundou o PDT. Foi eleito governador do Rio de Janeiro com Darcy Ribeiro de vice. Juntos, implementaram os CIEPS (Centros Integrados de Educa\u00e7\u00e3o P\u00fablica), cujo projeto arquitet\u00f4nico era de Oscar Niemeyer, no qual, os alunos ficavam em hor\u00e1rio integral e tenham acesso \u00e0 alimenta\u00e7\u00e3o supervisionada por nutricionistas, cuidados odontol\u00f3gicos, pr\u00e1tica de esportes, leitura e de incentivo \u00e0 cultura. Valorizando o samba como express\u00e3o popular e nacional, construiu o Samb\u00f3dromo da Marqu\u00eas de Sapuca\u00ed, projeto de Niemeyer, para o desfile das Escolas de Samba do Rio de Janeiro. A estrutura fora do carnaval era utilizada como salas de aula. Uma simbiose entre a revolu\u00e7\u00e3o educacional e cultural. Como no Sul, emitiu t\u00edtulos de posse para as comunidades do Rio, fez regulariza\u00e7\u00e3o fundi\u00e1ria e alterou a condu\u00e7\u00e3o da seguran\u00e7a p\u00fablica, afirmando ser a necessidade daqueles locais a presen\u00e7a e os servi\u00e7os do Estado e n\u00e3o da pol\u00edcia militar. \u201cNo meu governo, pol\u00edcia n\u00e3o sobe o morro\u201d, dizia. N\u00e3o era um chamado \u00e0 impunidade, mas a ci\u00eancia de que o povo precisava emergencialmente de educa\u00e7\u00e3o, emprego e renda, e n\u00e3o de repress\u00e3o.<\/p>\n<p>Brizola era um l\u00edder popular, nacionalista e tamb\u00e9m preocupado com os povos ind\u00edgenas, com o povo negro e com a luta das mulheres. Abrigou no PDT nomes como M\u00e1rio Juruna, primeiro ind\u00edgena deputado federal; Carlos Alberto Oliveira, o Ca\u00f3, deputado constituinte respons\u00e1vel pela inclus\u00e3o na Constitui\u00e7\u00e3o do crime de racismo como inafian\u00e7\u00e1vel e imprescrit\u00edvel, militante negro, que tamb\u00e9m deu nome \u00e0 lei 7.716\/89, que regulamentou a previs\u00e3o constitucional; Abdias do Nascimento, L\u00e9lia Gonz\u00e1les, dirigentes do Movimento Negro Unificado, entre outras figuras, como a sambista Beth Carvalho. Dif\u00edcil era n\u00e3o ter em Brizola uma refer\u00eancia social.\u00a0 Al\u00e7ado pela popularidade, tentou ser presidente em algumas oportunidades, sem sucesso eleitoral, mas foi fundamental para forma\u00e7\u00e3o do Estado Brasileiro e da consci\u00eancia nacional. Neste centen\u00e1rio do nascimento de Brizola, com um Brasil t\u00e3o fragilizado, n\u00e3o \u00e9 desarrazoado dizer: que falta nos faz Leonel! Brizola segue vivo na mente e nos cora\u00e7\u00f5es do povo brasileiro como o melhor presidente que este pa\u00eds n\u00e3o teve.<\/p>\n<p>&nbsp;<\/p>\n<!-- AddThis Advanced Settings generic via filter on the_content --><!-- AddThis Share Buttons generic via filter on the_content -->","protected":false},"excerpt":{"rendered":"<p>Neste s\u00e1bado (22\/02\/22), Leonel de Moura Brizola completaria 100 anos. Uma das lideran\u00e7as produzidas e formadas pela pol\u00edtica brasileira mais conectadas com as entranhas do seu povo. Foi o \u00fanico a ser eleito governador em dois estados brasileiros, do Rio Grande do Sul e do Rio de Janeiro, al\u00e9m de ter sido prefeito de Porto&#8230;<!-- AddThis Advanced Settings generic via filter on wp_trim_excerpt --><!-- AddThis Share Buttons generic via filter on wp_trim_excerpt --><\/p>\n","protected":false},"author":17,"featured_media":81183,"comment_status":"closed","ping_status":"closed","sticky":false,"template":"","format":"standard","meta":{"_monsterinsights_skip_tracking":false,"_monsterinsights_sitenote_active":false,"_monsterinsights_sitenote_note":"","_monsterinsights_sitenote_category":0,"_uf_show_specific_survey":0,"_uf_disable_surveys":false,"footnotes":""},"categories":[1584,1390],"tags":[3227,2798,5408,1544,1545,277,5406,5407,565,3306,5405,1546,1439,1602,833],"class_list":["post-81134","post","type-post","status-publish","format-standard","has-post-thumbnail","hentry","category-artigos","category-editorias","tag-abdias-do-nascimento","tag-cao","tag-carlos-alberto-oliveira","tag-centros-integrados-de-educacao-publica","tag-cieps","tag-darcy-ribeiro","tag-escolas-de-samba-do-rio-de-janeiro","tag-lelia-gonzales","tag-leonel-brizola","tag-leonel-de-moura-brizola","tag-movimento-negro-unificado","tag-oscar-niemeyer","tag-porto-alegre-rs","tag-rio-de-janeiro","tag-rio-grande-do-sul"],"acf":[],"_links":{"self":[{"href":"https:\/\/pdt-rj.org.br\/index.php\/wp-json\/wp\/v2\/posts\/81134","targetHints":{"allow":["GET"]}}],"collection":[{"href":"https:\/\/pdt-rj.org.br\/index.php\/wp-json\/wp\/v2\/posts"}],"about":[{"href":"https:\/\/pdt-rj.org.br\/index.php\/wp-json\/wp\/v2\/types\/post"}],"author":[{"embeddable":true,"href":"https:\/\/pdt-rj.org.br\/index.php\/wp-json\/wp\/v2\/users\/17"}],"replies":[{"embeddable":true,"href":"https:\/\/pdt-rj.org.br\/index.php\/wp-json\/wp\/v2\/comments?post=81134"}],"version-history":[{"count":3,"href":"https:\/\/pdt-rj.org.br\/index.php\/wp-json\/wp\/v2\/posts\/81134\/revisions"}],"predecessor-version":[{"id":81185,"href":"https:\/\/pdt-rj.org.br\/index.php\/wp-json\/wp\/v2\/posts\/81134\/revisions\/81185"}],"wp:featuredmedia":[{"embeddable":true,"href":"https:\/\/pdt-rj.org.br\/index.php\/wp-json\/wp\/v2\/media\/81183"}],"wp:attachment":[{"href":"https:\/\/pdt-rj.org.br\/index.php\/wp-json\/wp\/v2\/media?parent=81134"}],"wp:term":[{"taxonomy":"category","embeddable":true,"href":"https:\/\/pdt-rj.org.br\/index.php\/wp-json\/wp\/v2\/categories?post=81134"},{"taxonomy":"post_tag","embeddable":true,"href":"https:\/\/pdt-rj.org.br\/index.php\/wp-json\/wp\/v2\/tags?post=81134"}],"curies":[{"name":"wp","href":"https:\/\/api.w.org\/{rel}","templated":true}]}}