{"id":81095,"date":"2022-01-21T17:46:35","date_gmt":"2022-01-21T20:46:35","guid":{"rendered":"http:\/\/pdt-rj.org.br\/?p=81095"},"modified":"2022-04-18T16:09:07","modified_gmt":"2022-04-18T19:09:07","slug":"discurso-de-ciro-gomes-na-convencao-nacional-do-pdt","status":"publish","type":"post","link":"https:\/\/pdt-rj.org.br\/index.php\/discurso-de-ciro-gomes-na-convencao-nacional-do-pdt\/","title":{"rendered":"Discurso de Ciro Gomes na Conven\u00e7\u00e3o Nacional do PDT"},"content":{"rendered":"<p><strong>Minhas irm\u00e3s e meus irm\u00e3os,<\/strong><\/p>\n<p>Eu sou daqueles que gostam de ver o sol nascer.\u00a0E de assistir, a subida aos c\u00e9us, do aro flamejante da esperan\u00e7a.<\/p>\n<p>Eu sou tamb\u00e9m dos que gostam de ver o sol do meio-dia acender sobre o mundo a chama da rebeldia.<\/p>\n<p>Eu sou daqueles que n\u00e3o usam a noite para dormir, mas para sonhar e construir a aurora radiante do novo dia.<\/p>\n<p>\u00c9 por isso que trago hoje para voc\u00eas a voz da <strong>Rebeldia da Esperan\u00e7a.<\/strong><\/p>\n<p>Rebeldia e esperan\u00e7a s\u00e3o as duas \u00fanicas energias capazes de retirar o Brasil das trevas e da estagna\u00e7\u00e3o onde nos encontramos.<br \/>\nElas t\u00eam que estar juntas e aliadas. Uma separada da outra n\u00e3o consegue, n\u00e3o alcan\u00e7a!<\/p>\n<p>A rebeldia sem esperan\u00e7a \u00e9 a rebeldia sem causa. E a esperan\u00e7a sem rebeldia \u00e9 um sonho que nasce moribundo.<\/p>\n<p>Mas quando se juntam rebeldia, esperan\u00e7a e um novo Projeto Nacional de Desenvolvimento est\u00e1 firmado um elo inquebrant\u00e1vel.<br \/>\nUma corrente capaz de eletrizar o Brasil e lev\u00e1-lo adiante. Mas esta n\u00e3o \u00e9 uma tarefa isolada de um presidente.<br \/>\n\u00c9 de toda uma na\u00e7\u00e3o de p\u00e9, mobilizada para transformar profundamente o Brasil. De p\u00e9, a cantar um hino de amor \u00e0 rebeldia e um c\u00e2ntico de f\u00e9 \u00e0 esperan\u00e7a.<\/p>\n<p><strong>Meus irm\u00e3os e minhas irm\u00e3s, <\/strong><\/p>\n<p>Mesmo que alguns n\u00e3o saibam \u2013 e outros tentem esconder \u2013 o Brasil foi sempre rebelde e esperan\u00e7oso.<\/p>\n<p>Mesmo hoje, quando um aparente marasmo parece cobrir tudo, esta mistura de rebeldia e esperan\u00e7a est\u00e1 latente em atitudes e a\u00e7\u00f5es de hero\u00edsmo individual.<\/p>\n<p>\u00c9 ela que anima a m\u00e3e solteira que se agarra \u00e0 vida como uma leoa a defender seus filhos.<\/p>\n<p>\u00c9 ela que d\u00e1 energia ao trabalhador que acorda na madrugada ainda escura, e parte para o trabalho espremido no metr\u00f4 ou no \u00f4nibus velho e desconfort\u00e1vel.<\/p>\n<p>\u00c9 ela que move os milh\u00f5es de empreendedores individuais que enfrentam todos os obst\u00e1culos para manter seus neg\u00f3cios e, quando fracassam, recome\u00e7am outra vez.<\/p>\n<p>\u00c9 ela que d\u00e1 for\u00e7a ao pequeno produtor rural que se recusa a irrigar sua lavoura com l\u00e1grimas e prefere irrig\u00e1-la com o suor do seu trabalho honesto.<\/p>\n<p>\u00c9 ela que alimenta o estudante pobre, \u00e1vido de conhecimento, a desafiar, sem medo, a falta de dinheiro e de tempo para estudar.<\/p>\n<p>\u00c9 ela que energiza o crente em Deus, que lan\u00e7a suas preces ao c\u00e9u, mas que sabe que a primeira reden\u00e7\u00e3o se d\u00e1 na terra, com o trabalho honesto e produtivo.\u00a0Esta poderosa energia vem dos prim\u00f3rdios da nossa hist\u00f3ria.<\/p>\n<p>Lutamos contra diversos opressores em busca da nossa liberdade.<\/p>\n<p>Lutamos contra a escravid\u00e3o, em dezenas de rebeli\u00f5es de negros brilhantes e destemidos.<\/p>\n<p>A esperan\u00e7a nos batizou mesmo antes que nasc\u00eassemos! Ela foi o signo da profecia de que nesta terra nasceria uma nova civiliza\u00e7\u00e3o. De que aqui seria o laborat\u00f3rio do Esp\u00edrito Santo. De que aqui se misturariam todas as ra\u00e7as e todas as culturas dando uma nova fei\u00e7\u00e3o de humanidade ao mundo. A parte principal destas profecias ainda est\u00e1 por se cumprir. S\u00f3 depende de n\u00f3s fazer com que tudo isso se materialize mais r\u00e1pido.<\/p>\n<p>Quero ser o presidente deste lindo povo para, juntos, ajudarmos a acelerar o cumprimento destas e outras profecias.<br \/>\nQuero ajudar a libertar o Brasil das garras do \u00f3dio e da mediocridade paralisante. Ajudar o Brasil a retomar seu destino e coloc\u00e1-lo no centro das decis\u00f5es mundiais.<\/p>\n<p>Quero ser o presidente da <strong>Rebeldia da Esperan\u00e7a!<\/strong><\/p>\n<p>Minhas irm\u00e3s e meus irm\u00e3os,<\/p>\n<p>S\u00e3o imensos os desafios que o mundo tem pela frente: buscar novas formas de defesa ambiental, novos modelos econ\u00f4micos, novas formas institucionais para a pol\u00edtica, novas formas de rela\u00e7\u00e3o de trabalho, novas tecnologias, novo modelo de rela\u00e7\u00e3o entre as na\u00e7\u00f5es, al\u00e9m da emergente e imponder\u00e1vel quest\u00e3o sanit\u00e1ria trazida pela pandemia, que parece longe de acabar. Por for\u00e7a dela, inclusive, estamos fazendo esta nossa conven\u00e7\u00e3o de forma virtual.<\/p>\n<p>No Brasil, como nossos pol\u00edticos n\u00e3o t\u00eam rebeldia, nem trazem esperan\u00e7a, estes desafios s\u00e3o particularmente gigantescos.<br \/>\nMuitos dos pretensos l\u00edderes vivem imersos em uma bolha de picaretagem, oportunismo e ignor\u00e2ncia, o que faz com que n\u00e3o pensem e n\u00e3o formulem novas ideias.<\/p>\n<p>Na verdade, o centro do mundo deles \u00e9 a subservi\u00eancia aos seus patr\u00f5es, que sempre lucram nas costas do povo. Por isso, mant\u00e9m h\u00e1 d\u00e9cadas a mesma pol\u00edtica econ\u00f4mica que paralisa o pa\u00eds, aumenta a pobreza e amplia a desigualdade. Eles fazem isso porque t\u00eam patr\u00f5es poderosos, vis\u00edveis ou ocultos. Nacionais ou multinacionais. Trabalham, na verdade, para estes sanguessugas e n\u00e3o para o povo batalhador. Eu sou bem diferente deles.<\/p>\n<p>Meu patr\u00e3o \u00e9 o povo e minha p\u00e1tria a minha patroa!<\/p>\n<p><strong>Meus irm\u00e3os e minhas irm\u00e3s, <\/strong><\/p>\n<p>Nunca vou me cansar de dizer que, por mais de 50 anos, de 1930 a 1980, fomos o pa\u00eds que mais cresceu no mundo. E nunca vou me cansar de dizer que depois disso viemos em progressivo decl\u00ednio, at\u00e9 que sobreveio a estagna\u00e7\u00e3o dos \u00faltimos dez anos.<\/p>\n<p>Paramos no tempo e no espa\u00e7o. Enquanto boa parte do mundo avan\u00e7ava, n\u00f3s come\u00e7amos a andar para tr\u00e1s. Caranguejos atolados no mangue do atraso.<\/p>\n<p>Gosto de lembrar, com amarga tristeza, que em 1980 nosso PIB per capita era 15 vezes maior que o chin\u00eas.<br \/>\nHoje n\u00e3o alcan\u00e7a 79%.<\/p>\n<p>Estamos perdendo nossa grandeza, exaurindo nossas riquezas, destruindo nosso meio ambiente e ampliando nossa pobreza.<br \/>\nE por que tudo isso aconteceu se, como antes, estamos debaixo do mesmo belo c\u00e9u azul, aben\u00e7oado pelo Cruzeiro?<br \/>\nSe pisamos a mesma terra f\u00e9rtil e somos o mesmo povo lindo e trabalhador?<\/p>\n<p>A resposta \u00e9 simples: unicamente por conta da pol\u00edtica e dos pol\u00edticos.<\/p>\n<p>Desde o famigerado Consenso de Washington, em 1989, que poderosos estrangeiros e seus asseclas nacionais conseguiram domesticar a pol\u00edtica e encapsular a economia, dos pa\u00edses mais pobres, na camisa de for\u00e7a do neoliberalismo.<\/p>\n<p>E o resultado disso? Fracasso sobre fracasso, trag\u00e9dia sobre trag\u00e9dia. Desemprego, fome, desmantelamento de ind\u00fastrias e estados nacionais, explos\u00e3o de refugiados a vagar perdidos pelo mundo.<\/p>\n<p>Aqui no Brasil, estagna\u00e7\u00e3o completa ou crescimentos curtos e enganadores. Voos de galinha para a renda e consumo do povo e permanentes voos de abutre para os rapinadores. Lucros imensos para os especuladores financeiros e migalhas para os pobres, em rid\u00edculas pol\u00edticas compensat\u00f3rias, que, ao inv\u00e9s de os envergonhar, servem curiosamente de orgulho e baz\u00f3fia para alguns que se dizem de esquerda.<\/p>\n<p>Nos empurraram para o quintal do mundo, e n\u00f3s aceitamos! Um quintal, sem tecnologia, sem m\u00e3o de obra qualificada, sem mercado internacional de manufaturados, com uma ind\u00fastria nacional enfraquecida. E n\u00f3s aceitamos!<\/p>\n<p>Nos mergulharam num primitivismo produtivo e educacional. E n\u00f3s aceitamos! Sem inclus\u00e3o produtiva e qualificadora, sem participa\u00e7\u00e3o nas decis\u00f5es internacionais. E n\u00f3s aceitamos!<\/p>\n<p>Sem condi\u00e7\u00f5es de explorar suas pr\u00f3prias riquezas, sem gerar poupan\u00e7a interna e dependendo sempre do capital especulativo internacional a quem oferec\u00edamos lucros com os maiores juros do mundo. E n\u00f3s aceitamos!<\/p>\n<p>Que triste espelho em que nos miramos, que r\u00e9gua estreita com que nos medimos!<br \/>\nTantos erros, engana\u00e7\u00e3o e manipula\u00e7\u00e3o grosseira s\u00f3 poderiam resultar nessa trag\u00e9dia que \u00e9 o governo Bolsonaro.<\/p>\n<p><strong>Minhas irm\u00e3s e meus irm\u00e3os,<\/strong><\/p>\n<p>Hoje estamos entre os pa\u00edses mais desiguais e que menos crescem no mundo. Com um dos maiores \u00edndices de desemprego e com um dos menores n\u00edveis de qualidade de ensino do planeta.<\/p>\n<p>Estamos entre os que menos investem em tecnologia, pesquisa e forma\u00e7\u00e3o de m\u00e3o de obra. Estamos entre os menos preparados para ingressar na economia do conhecimento. Estamos virando analfabetos digitais, tateando no mundo das novas tecnologias e da intelig\u00eancia artificial. Paradoxalmente, isso ocorre em um dos pa\u00edses com mais vitalidade cultural e humana, e de mais potencial de crescimento.<\/p>\n<p>A incompet\u00eancia de Bolsonaro apenas agravou uma situa\u00e7\u00e3o que piorava ano ap\u00f3s ano. E a pandemia \u2013 em si mesma e em sua m\u00e1 gest\u00e3o \u2013 apenas sacudiu instrumentos, pol\u00edticas e institui\u00e7\u00f5es j\u00e1 carcomidas por d\u00e9cadas. E foi potencializada criminosamente pela pol\u00edtica genocida que j\u00e1 nos ceifou mais de 620 mil vidas.<\/p>\n<p>Pergunto: \u00e9 este o legado de longo prazo deixado por partidos de esquerda e centro esquerda que ocuparam o poder por mais de vinte anos? Seria mesmo nosso destino cair, na sequ\u00eancia, nas m\u00e3os de uma direita obscurantista e criminosa, como a de Bolsonaro, que piorou tudo, mas que n\u00e3o pode ser condenada isoladamente?<\/p>\n<p>Seria exagero dizer que os presidentes, apesar de diferentes em muitas coisas, foram iguaizinhos em economia, e que o modelo econ\u00f4mico que copiaram uns dos outros nos trouxe a este beco sem sa\u00edda?<\/p>\n<p>Seria absurdo mostrar, que, com diferen\u00e7as apenas de escala e formatos, eles copiaram e repetiram os mesmos projetos e programas na \u00e1rea social, mudando apenas seus nomes?<\/p>\n<p>Seria mentira afirmar que eles, sem exce\u00e7\u00e3o, impuseram um tipo de governan\u00e7a que tem o conchavo e a corrup\u00e7\u00e3o como eixos?<br \/>\nN\u00e3o, n\u00e3o \u00e9 exagero, \u00e9 pura realidade.<\/p>\n<p>Este desmonte <strong>\u2013<\/strong> e repeti\u00e7\u00e3o do mesmo modelo <strong>\u2013<\/strong> j\u00e1 vem de muito tempo. Collor escancarou a porteira, Fernando Henrique preparou a mesa do banquete e Lula condimentou melhor os pratos. Depois de servir cerimoniosamente os tubar\u00f5es, Lula distribuiu, com compaix\u00e3o de filantropo, as sobras para os mais pobres.<\/p>\n<p>Anos atr\u00e1s t\u00ednhamos uma pol\u00edtica econ\u00f4mica t\u00e3o selvagem e elitista que fazia os ricos lucrarem sem parar com a infla\u00e7\u00e3o.<br \/>\nPor isso, levaram tantos anos se beneficiando dela e atrav\u00e9s dela.\u00a0A infla\u00e7\u00e3o era tributo cobrado dos pobres e dado aos ricos.<br \/>\nChegaram ao requinte de criar uma moeda para os afortunados: a corre\u00e7\u00e3o monet\u00e1ria.<\/p>\n<p>Quando este ciclo se exauriu, encontraram uma f\u00f3rmula engenhosamente perversa de conte-la, transformando os juros em falsa panaceia anti-inflacion\u00e1ria, mas que, na realidade, n\u00e3o passava <strong>\u2013 <\/strong>e n\u00e3o passa <strong>\u2013<\/strong> de uma m\u00e1quina absurda de gerar lucros para o setor financeiro, e de muleta para a falta de poupan\u00e7a interna.<\/p>\n<p>\u00c9, igualmente, uma m\u00e1quina cruel de triturar o corpo e o esp\u00edrito dos setores produtivos, em especial o setor industrial. Al\u00e9m de escravizar, no credi\u00e1rio extorsivo e na d\u00edvida aterradora, os consumidores pobres e de classe m\u00e9dia.<\/p>\n<p>O signo m\u00e1ximo desta \u00e9poca \u00e9 o tal trip\u00e9 macroecon\u00f4mico \u2013 meta de infla\u00e7\u00e3o, c\u00e2mbio flutuante e super\u00e1vit prim\u00e1rio \u2013 que deveria ter sido uma solu\u00e7\u00e3o tempor\u00e1ria, e de transi\u00e7\u00e3o, mas que permanece at\u00e9 hoje, proibindo o pa\u00eds de crescer. N\u00e3o satisfeitos, eles continuam a enganar letrados e iletrados repetindo a mentira de que n\u00e3o h\u00e1 outra solu\u00e7\u00e3o, sen\u00e3o esta.<\/p>\n<p>Entre 1980 e 2010, perdemos a voca\u00e7\u00e3o para o crescimento, e entre 2010 e 2020 o pa\u00eds cresceu ZERO, pela primeira vez em 120 anos! Mas em lugar de terem antevisto e evitado este desastre, fazendo as reformas estruturais que todos sabemos quais s\u00e3o, eles preferiram, por comodismo pol\u00edtico, jogo eleitoreiro e transa\u00e7\u00f5es escusas, manter o modelo econ\u00f4mico equivocado.<\/p>\n<p><strong>Meus irm\u00e3os e minhas irm\u00e3s,<\/strong><\/p>\n<p>Aproxima-se o momento eleitoral e eles repetem estas velhas mentiras econ\u00f4micas e as mesmas velhas mentiras pol\u00edticas.<br \/>\nMais uma vez querem anestesiar os brasileiros dizendo que \u00e9 melhor eleger quem vender uma falsa \u201cpaz e amor\u201d, do que algu\u00e9m que desafie e proponha mudan\u00e7as profundas neste modelo que nos aprisiona.<\/p>\n<p>Dizem que se mexermos no que a\u00ed est\u00e1 vir\u00e1 o caos, quando, na verdade, o caos vir\u00e1 se deixarmos tudo caminhar no rumo que eles tra\u00e7aram.\u00a0A formulazinha hip\u00f3crita da falsa \u201cpaz e amor\u201d \u00e9 a mais descarada forma de servid\u00e3o e corrup\u00e7\u00e3o que j\u00e1 inventaram.<br \/>\nQuem primeiro importou isso para o Brasil foi Fernando Henrique; e depois Lula o imitou de forma ostensiva e<br \/>\ndesavergonhada. Seus sucessores foram trope\u00e7ando na mediocridade repetitiva e mon\u00f3tona, at\u00e9 que os erros acumulados e a manipula\u00e7\u00e3o grosseira levaram a maioria dos brasileiros a votar, enganados, em um louco farsante.<\/p>\n<p>Repito: por mais que tivessem personalidades e estilos diferentes, todos estes presidentes repetiram <strong>\u2013<\/strong> e querem continuar repetindo <strong>\u2013<\/strong> a mesma hist\u00f3ria. O mesmo modelo econ\u00f4mico e a mesmo governan\u00e7a pol\u00edtica apoiada no conchavo e na corrup\u00e7\u00e3o.<\/p>\n<p>Enquanto isso, o povo sofre nas favelas e a classe trabalhadora v\u00ea seus direitos subtra\u00eddos, como ocorreu com a famigerada reforma trabalhista do governo Temer, que, como venho dizendo h\u00e1 quatro anos, precisa ser revista e melhorada.<\/p>\n<p>Mas esta revis\u00e3o tem de ser feita de maneira inteligente e sem submiss\u00e3o a press\u00f5es de nenhum dos lados. N\u00e3o pode servir para ampliar a informalidade e a precariza\u00e7\u00e3o do trabalho. Nem para destruir os sindicatos. Tampouco pode ceder a ativismos desenfreados de corpora\u00e7\u00f5es, nem fechar os olhos para novas realidades dos mercados nacional e mundial.<\/p>\n<p>A confus\u00e3o entre o p\u00fablico e o privado \u00e9 um dos tra\u00e7os mais arraigados e onipresentes da vida brasileira. Isso vem de muito tempo, passando de presidente a presidente, at\u00e9 chegar ao famigerado Jair Bolsonaro. Todos lan\u00e7aram seus juramentos e compromissos no fogo da vol\u00fapia e aliaram-se ao que havia <strong>\u2013<\/strong> e h\u00e1 <strong>\u2013<\/strong> de mais s\u00f3rdido na pol\u00edtica.<\/p>\n<p>Mentiram e mentem dizendo que esta \u00e9 a \u00fanica forma que se tem para governar.\u00a0Na verdade, \u00e9 o triste ref\u00fagio dos que governam de costas para o povo. Sem ouvi-lo e sem buscar seu apoio permanente.<\/p>\n<p>Alguns vendem agora uma falsa vers\u00e3o de uni\u00e3o nacional, cujas pontas do iceberg s\u00e3o as manobras feitas para substituir a vontade do eleitor por acordos de c\u00fapula.<\/p>\n<p>As uni\u00f5es nacionais s\u00e3o lindas e hist\u00f3ricas quando feitas em torno de projetos precisos, transparentes e corretos. E desastrosas quando feitas em torno de conchavos, de acordos de poder pelo poder; ou de ideias rom\u00e2nticas e mem\u00f3ria afetiva supostamente generosas, mas insinceras e comprometidas em suas origens e ess\u00eancias.<\/p>\n<p>Na hist\u00f3ria do mundo, algumas uni\u00f5es nacionais feitas \u00e0s pressas contra um inimigo comum, confundiram a percep\u00e7\u00e3o correta dos personagens: era f\u00e1cil enxergar o inimigo a combater, mas dif\u00edcil, por\u00e9m, de distinguir o projeto e o melhor aliado a se aproximar.<\/p>\n<p><strong>Minhas irm\u00e3s e meus irm\u00e3os, n\u00f3s sabemos bem quais os inimigos a combater.\u00a0<\/strong>Eles s\u00e3o a pobreza, a viol\u00eancia, a fome, a desigualdade, o desemprego, o subemprego, o baixo sal\u00e1rio, a p\u00e9ssima educa\u00e7\u00e3o, a sa\u00fade prec\u00e1ria, o baixo crescimento, a desindustrializa\u00e7\u00e3o, a corrup\u00e7\u00e3o, o racismo, a opress\u00e3o da mulher e a destrui\u00e7\u00e3o das pessoas e do meio ambiente.<\/p>\n<p>N\u00f3s sabemos quais as armas que devemos empunhar.\u00a0A principal, e mais abrangente delas, \u00e9 um moderno Projeto Nacional de Desenvolvimento que privilegie a produ\u00e7\u00e3o em lugar da especula\u00e7\u00e3o, que gere bons empregos, que estruture um cen\u00e1rio macroecon\u00f4mico favor\u00e1vel a quem produz, que modifique a pol\u00edtica de juros altos, a estrutura tribut\u00e1ria distorcida, a m\u00e1 qualidade dos gastos p\u00fablicos e que amplie o investimento nas \u00e1reas da educa\u00e7\u00e3o, da ci\u00eancia e da tecnologia. Ou seja: que desmonte o tal trip\u00e9 econ\u00f4mico e coloque de p\u00e9 uma economia din\u00e2mica e moderna, com infla\u00e7\u00e3o controlada, sem desequil\u00edbrios e sem d\u00e9ficit fiscal.<\/p>\n<p>Quem est\u00e1 dizendo que isto \u00e9 poss\u00edvel \u00e9 uma pessoa que foi prefeito, governador e ministro da Fazenda, sem um s\u00f3 dia de d\u00e9ficit, com infla\u00e7\u00e3o controlada, e grandes obras e projetos.<\/p>\n<p>Sei muito bem da import\u00e2ncia de um pa\u00eds viver sem infla\u00e7\u00e3o e com equil\u00edbrio fiscal. E sei como faz\u00ea-lo.<\/p>\n<p>Sei da import\u00e2ncia do equil\u00edbrio fiscal para se ter juros menores, e, em consequ\u00eancia, diminuir as despesas do governo, abrindo mais espa\u00e7o para financiar o crescimento e melhorar a qualidade dos servi\u00e7os p\u00fablicos. Mas sei, tamb\u00e9m, que \u00e9 poss\u00edvel conseguir este equil\u00edbrio sem sacrificar os mais pobres nem levar o pa\u00eds para a estagna\u00e7\u00e3o e o atraso. Precisamos faz\u00ea-lo n\u00e3o para agradar banqueiros ou especuladores, mas exatamente para n\u00e3o ficarmos sob seu jugo ou sua tutela.<\/p>\n<p>Um caminho errado para conseguir isso \u00e9 atrav\u00e9s de uma pol\u00edtica burra e draconiana como o famigerado \u201cTeto de Gastos\u201d de Temer, que deixa de fora a principal e mais extorsiva despesa, os juros, e aprisiona o investimento p\u00fablico em uma camisa de for\u00e7a.\u00a0Este tal teto de gastos \u00e9 a maior fraude j\u00e1 cometida contra o povo brasileiro. Ele s\u00f3 controla os investimentos que beneficiam o povo. E deixa totalmente livre a despesa financeira.<\/p>\n<p>Isso \u00e9 um roubo, uma vergonha, uma insensatez! O or\u00e7amento da Uni\u00e3o \u00e9 de 4,8 trilh\u00f5es de reais. Mas s\u00f3 se discute e controla 1,8 trilh\u00e3o, que \u00e9 o dinheiro da sa\u00fade, da educa\u00e7\u00e3o, da infraestrutura etc. J\u00e1 os 3 trilh\u00f5es de despesas com juros, amortiza\u00e7\u00e3o e renegocia\u00e7\u00f5es correm soltos para as m\u00e3os dos banqueiros. Correm t\u00e3o sem limite como a falta de vergonha dos que defendem tamanho absurdo.<\/p>\n<p>Para voc\u00eas terem uma ideia: com apenas 1% de aumento dos juros decretado pelo Banco Central, nossa d\u00edvida aumenta em 33 bilh\u00f5es de reais, em poucos segundos.<\/p>\n<p>Prometo, portanto, acabar com esta fic\u00e7\u00e3o fraudulenta chamada Teto de Gastos e colocar em seu lugar um modelo que vai tocar o pa\u00eds adiante, sem infla\u00e7\u00e3o e com equil\u00edbrio fiscal verdadeiro.<\/p>\n<p>Um Projeto Nacional de Desenvolvimento pactuado entre os setores p\u00fablico e privado, conseguir\u00e1 isso e muito mais.\u00a0Porque ele prev\u00ea tanto o desenvolvimento cient\u00edfico e tecnol\u00f3gico como a redu\u00e7\u00e3o de desigualdades entre as pessoas e entre as regi\u00f5es, trazendo profundas melhorias nos indicadores.\u00a0Mentem os que dizem que nosso Projeto Nacional de Desenvolvimento \u00e9 gestado em velhas ideias estatizantes.<\/p>\n<p>O estado que idealizamos n\u00e3o \u00e9 o Leviat\u00e3 opressor.<\/p>\n<p>Ao contr\u00e1rio, ele \u00e9 pensado como o elo de uma parceria democr\u00e1tica entre os setores p\u00fablico e privado, capaz de reorientar a gest\u00e3o p\u00fablica para que ela ajude a alcan\u00e7ar as metas conjuntamente tra\u00e7adas e pactuadas pelos dois setores.<br \/>\nUm setor p\u00fablico que seja um ente din\u00e2mico e moderno, que atue de forma matricial, monitorando e cobrando resultados, e premiando o bom desempenho.<\/p>\n<p>\u00c9 este o caminho que est\u00e3o trilhando as principais economias capitalistas do mundo, como os EUA, Alemanha e Fran\u00e7a,<br \/>\nque criaram planos para recuperar suas ind\u00fastrias e suas posi\u00e7\u00f5es na economia mundial, incluindo elevados gastos em infraestrutura, pesquisa e desenvolvimento.<\/p>\n<p>Por que ent\u00e3o ficarmos na contram\u00e3o do mundo, como os \u00faltimos teleguiados pelas balelas do neoliberalismo?<\/p>\n<p>Chega dessa discuss\u00e3o farsante e prim\u00e1ria entre Estado M\u00ednimo ou Estado M\u00e1ximo!<\/p>\n<p>O que nos interessa \u00e9 o Estado Inteligente. O estado que atue junto ao setor privado e abra, junto com ele, as portas da economia do conhecimento.<br \/>\nO estado que saiba investir em setores estrat\u00e9gicos, geradores de futuro, mas que por serem de alto risco e de retorno lento, n\u00e3o atraem o interesse privado imediato.<\/p>\n<p><strong>Meus irm\u00e3os e minhas irm\u00e3s,<\/strong><\/p>\n<p>Sou talvez o pr\u00e9-candidato que mais fala de macroeconomia e o \u00fanico que tem um plano delineado -e publicado em forma de livro- para ser discutido com a sociedade.\u00a0Mas quero ser tamb\u00e9m o candidato que anuncia com transpar\u00eancia e coragem, com rebeldia e com esperan\u00e7a, atos concretos para melhorar a vida das pessoas e do Pa\u00eds.<\/p>\n<p>Por isso reafirmo, em alto e bom som, que taxarei, sim, as grandes fortunas; que cobrarei, sim, impostos sobre lucros e dividendos; que modificarei, sim, a estrutura tribut\u00e1ria para acabar com a pouca vergonha e a injusti\u00e7a do pobre e da classe m\u00e9dia pagarem mais impostos do que os ricos, e para poder desonerar compensatoriamente a produ\u00e7\u00e3o, de forma seletiva e bem planejada, acabando o festival de desonera\u00e7\u00f5es sem controle e sem retorno.<\/p>\n<p>Podem tremer de medo os apenas 50 mil privilegiados deste sistema injusto de impostos!<\/p>\n<p>E podem vibrar de esperan\u00e7a os mais de 210 milh\u00f5es de brasileiros que ser\u00e3o beneficiados.<\/p>\n<p>Resolverei, sim, o endividamento de mais de 60 milh\u00f5es de brasileiras e brasileiros, prisioneiros do SPC e do Serasa. Podem tremer de medo as cinco ou seis fam\u00edlias de banqueiros, e os poucos milhares de especuladores que lucram com isso.<br \/>\nE vibrem de esperan\u00e7a milh\u00f5es e milh\u00f5es de pais de fam\u00edlia e todo o setor produtivo que se beneficiar\u00e3o com a recupera\u00e7\u00e3o do poder de compra dos trabalhadores.<\/p>\n<p>Mudarei, sim a criminosa pol\u00edtica de pre\u00e7os e de gest\u00e3o da Petrobr\u00e1s.<\/p>\n<p>Podem tremer de medo os tubar\u00f5es que dela se apossaram e que querem tom\u00e1-la, em definitivo, dos brasileiros. <strong>Mas vibrem de alegria milh\u00f5es e milh\u00f5es de compatriotas que pagar\u00e3o combust\u00edvel mais barato e poder\u00e3o gritar de novo: \u201cO Petr\u00f3leo \u00e9 Nosso\u201d.<\/strong><\/p>\n<p>Quero ser o presidente capaz de corrigir os desvios macroecon\u00f4micos e de traduzir imediatamente seus resultados em obras e projetos. Por isso, fa\u00e7o quest\u00e3o de antecipar agora algumas propostas bem concretas:<\/p>\n<p>Lan\u00e7arei um Plano Emergencial de Pleno Emprego para abrir cinco milh\u00f5es de vagas nos dois primeiros anos de governo.<\/p>\n<p>Lan\u00e7arei o Programa Internet do Povo para facilitar o acesso da popula\u00e7\u00e3o pobre \u00e0 internet. Com financiamento de smartphones em 36 meses sem juros; Wi-fi gratuito em \u00e1reas comunit\u00e1rias dos bairros mais populosos e nas pequenas cidades mais pobres; cursos de inform\u00e1tica online gratuitos; e cursos profissionalizantes e gratuitos de games.<\/p>\n<p>Implantarei o modelo Minha Escola, Meu Emprego, Meu Neg\u00f3cio, unindo ensino, trabalho e assist\u00eancia profissional, al\u00e9m de garantir est\u00e1gios remunerados pelo governo.<\/p>\n<p>Construirei Escolas de Tempo Integral nos bairros mais pobres e populosos das grandes cidades.<\/p>\n<p>Implantaremos um Programa de Reforma Urbana e de Regulariza\u00e7\u00e3o Fundi\u00e1ria para legalizar a posse do terreno e da casa, entre outras a\u00e7\u00f5es, e um projeto para financiar, em dez anos, a reforma de moradias populares, com contrata\u00e7\u00e3o de m\u00e3o de obra, preferencialmente da pr\u00f3pria fam\u00edlia ou da comunidade.<\/p>\n<p>Implantaremos o Programa Renda M\u00ednima Universal Eduardo Suplicy, englobando os pagamentos feitos pelo Aux\u00edlio Brasil, o Seguro Desemprego e a Aposentadoria Rural.<\/p>\n<p>Vamos criar estoques reguladores de feij\u00e3o, arroz e outros cereais e alimentos, para baixar o pre\u00e7o da comida.<\/p>\n<p>E vamos garantir g\u00e1s de cozinha pela metade do pre\u00e7o para fam\u00edlias de renda mensal de at\u00e9 tr\u00eas sal\u00e1rios-m\u00ednimos.<\/p>\n<p>Vamos dar uma aten\u00e7\u00e3o superespecial e priorit\u00e1ria \u00e0 defesa do meio ambiente. A nossa pauta ambiental tanto ser\u00e1 um instrumento vigoroso de prote\u00e7\u00e3o dos nossos ecossistemas, como de oportunidade de investimentos para o pa\u00eds.<\/p>\n<p>Isso atrav\u00e9s do incentivo ao desenvolvimento de novas fontes de energia; a reorienta\u00e7\u00e3o do uso do petr\u00f3leo; altera\u00e7\u00f5es na forma de produzir carnes e outros alimentos; enfim, a implanta\u00e7\u00e3o<br \/>\nde uma moderna infraestrutura de baixo uso de carbono.<\/p>\n<p>Saberemos provar e convencer todos os brasileiros que a floresta em p\u00e9 vale incomparavelmente mais do que a floresta derrubada e de que da nossa Amaz\u00f4nia sair\u00e3o os novos rem\u00e9dios que ir\u00e3o revolucionar a farmacologia mundial.<\/p>\n<p>Minhas irm\u00e3s e meus irm\u00e3os,<\/p>\n<p>H\u00e1 um problema grave, que afeta seriamente o pa\u00eds. Por sua complexidade, tem servido, de um lado, para demagogia, falsas solu\u00e7\u00f5es, mentiras e manipula\u00e7\u00f5es; e, de outro, tem ajudado o fortalecimento pol\u00edtico e o enriquecimento il\u00edcito de muita gente.<\/p>\n<p>Trata-se da corrup\u00e7\u00e3o, um problema que afeta e desafia todos os pa\u00edses e que, entre n\u00f3s, tem caracter\u00edsticas bem pr\u00f3prias.<br \/>\nA corrup\u00e7\u00e3o no Brasil se expressa por uma alian\u00e7a, um acerto, entre parcelas das elites pol\u00edticas e econ\u00f4micas para capturar e dominar o destino do pa\u00eds.<\/p>\n<p>Trata-se de um problema causado n\u00e3o apenas por defeitos morais, mas por profundas falhas pol\u00edticas e institucionais.<br \/>\nEnfrentar a corrup\u00e7\u00e3o deve ser tarefa de uma pol\u00edtica de Estado e meios institucionais que a enxerguem com a vis\u00e3o de um cl\u00ednico geral. Que sabe que ela \u00e9 uma doen\u00e7a interligada a outras, mas capaz de tratamento.<\/p>\n<p>Ao lado de um gabaritado grupo de juristas, cientistas pol\u00edticos e homens p\u00fablicos, estou elaborando um plano de combate \u00e0 corrup\u00e7\u00e3o que colocarei em discuss\u00e3o p\u00fablica at\u00e9 o pr\u00f3ximo m\u00eas de mar\u00e7o. Ter\u00e1 como principal caracter\u00edstica uma a\u00e7\u00e3o preventiva permanente, apoiada no resgate da institucionalidade, isen\u00e7\u00e3o e na capacidade de trabalho dos \u00f3rg\u00e3os de controle e puni\u00e7\u00e3o.<\/p>\n<p>Nele n\u00e3o haver\u00e1 espa\u00e7o para estrelismos e efeitos especiais, nem para espet\u00e1culos de conquista de plateias e de eleitores.<br \/>\nOs que agem desta forma, produzem efeitos negativos para a sociedade e tamb\u00e9m para si mesmo. Proclamam combater a corrup\u00e7\u00e3o quando, na verdade, terminam por fortalecer esta hidra de tantas cabe\u00e7as e de<br \/>\ntantos disfarces.<\/p>\n<p>\u00c9 o caso do not\u00f3rio Sergio Moro, de gl\u00f3ria ef\u00eamera como juiz e agora candidato a se derreter em contradi\u00e7\u00f5es, mentiras e despreparo. Como juiz, semeou nulidades e desrespeito ao processo legal. Como candidato, est\u00e1 propondo a cria\u00e7\u00e3o de uma esdr\u00faxula corte anticorrup\u00e7\u00e3o que agiria da forma autorit\u00e1ria como ele agiu e que se submeteria \u00e0 tutela estrangeira, como ele se submeteu. Seria um Tribunal de Exce\u00e7\u00e3o, que violaria cl\u00e1usulas p\u00e9treas e que s\u00f3 foi institu\u00eddo no mundo, em regimes autorit\u00e1rios.<\/p>\n<p>No fundo, Moro faz de tudo para esconder a prova cabal de seu fracasso, da sua parcialidade e de sua incompet\u00eancia.<br \/>\nO fato de ter contribu\u00eddo, ao mesmo tempo, para a elei\u00e7\u00e3o de Bolsonaro \u2013 ao tirar Lula da disputa em 2018 \u2013 e de Lula estar agora apto a concorrer, porque, como juiz parcial, transformou um processo t\u00e9cnico em panfleto pol\u00edtico. Hoje seu curr\u00edculo \u00e9 um ros\u00e1rio de vergonhas: foi lambe botas de Bolsonaro, \u00e9 juiz condenado por suspei\u00e7\u00e3o e est\u00e1 sendo investigado por ter virado s\u00f3cio do escrit\u00f3rio estrangeiro que administra a massa falida da Odebrecht e da OAS, empresas que ele condenou e ajudou a quebrar.<br \/>\nMas ele n\u00e3o cansa em tentar transformar farsa em hero\u00edsmo, agora fantasiado de candidato sem ter o menor preparo para o cargo.<\/p>\n<p><strong>Meus irm\u00e3os e minhas irm\u00e3s,<\/strong><\/p>\n<p>O lavajatismo que ainda impregna setores minorit\u00e1rios do nosso aparato de justi\u00e7a, junto com a podrid\u00e3o bolsonarista que tem c\u00e9lulas espalhadas no aparelho policial, produziram recentemente uma a\u00e7\u00e3o criminosa e injusta contra mim, que foi imediatamente recha\u00e7ada por amplos setores da sociedade.<\/p>\n<p>Est\u00e3o eles redondamente enganados, se pensam que ir\u00e3o me intimidar com este tipo de abuso e prepot\u00eancia.<\/p>\n<p>Sou um homem honesto, meu atestado s\u00e3o os meus quarenta anos de vida p\u00fablica, sem nenhum processo de corrup\u00e7\u00e3o.<br \/>\nN\u00e3o tenho medo de agentes p\u00fablicos criminosos e confio no veredito final da Justi\u00e7a soberana.<\/p>\n<p>Al\u00e9m do moderno plano de combate \u00e0 criminalidade pol\u00edtica ao qual j\u00e1 me referi, estou tamb\u00e9m preparando, com competentes t\u00e9cnicos, um moderno plano de seguran\u00e7a p\u00fablica, antiviol\u00eancia e rigoroso no combate ao crime.\u00a0Vou resumi-lo em poucas palavras: rigor, foco, preven\u00e7\u00e3o, tecnologia e integra\u00e7\u00e3o. Ele tem a mesma filosofia de divis\u00e3o de tarefas do SUS, integrando esfor\u00e7os federais, estaduais e municipais, sob a coordena\u00e7\u00e3o estrat\u00e9gica do governo federal.<\/p>\n<p>Na parte tecnol\u00f3gica, que ser\u00e1 uma das principais responsabilidades do governo federal, vamos implantar um eficiente sistema de mega dados, atrav\u00e9s de uma superplataforma que integrar\u00e1 fichas criminais, banco de DNA, sistema de reconhecimento facial, monitoramento on line de \u00e1reas estrat\u00e9gicas e aperfei\u00e7oamento dos radares das nossas fronteiras.<\/p>\n<p>Vamos incrementar, tamb\u00e9m, um programa de fortalecimento e moderniza\u00e7\u00e3o da Pol\u00edcia Federal e da For\u00e7a Nacional de Seguran\u00e7a, com aumento de contingente, equipamentos e aprimoramento dos modelos de treinamento.<\/p>\n<p>Este plano, que enfrentar\u00e1 com rigor a criminalidade tanto de forma preventiva como repressiva, n\u00e3o repetir\u00e1 os erros do governo Lula, que optou pelo encarceramento em massa de jovens pobres e negros, sem combater os chef\u00f5es do crime organizado e sem ir \u00e0 raiz do problema da criminalidade.Tampouco ter\u00e1 a demagogia criminosa e farsesca de Bolsonaro que quer transferir parte do trabalho da pol\u00edcia para o bra\u00e7o armado do pr\u00f3prio cidad\u00e3o.<\/p>\n<p><strong>Minhas irm\u00e3s e meus irm\u00e3os,<\/strong><\/p>\n<p>Nada mais rebelde e esperan\u00e7oso do que uma verdadeira democracia.\u00a0Uma democracia din\u00e2mica, de alta intensidade e plena de instrumentos institucionais capazes de garantir os direitos individuais e coletivos.\u00a0Uma democracia capaz de diminuir as desigualdades e garantir a busca quase ut\u00f3pica da igualdade plena.\u00a0Capaz de multiplicar oportunidades para todos atrav\u00e9s da educa\u00e7\u00e3o, forma\u00e7\u00e3o e do bom emprego.<\/p>\n<p>Capaz de praticar justi\u00e7a social, justi\u00e7a pol\u00edtica e justi\u00e7a tribut\u00e1ria, cobrando mais a quem deva pagar mais e distribuindo mais a quem mais precisa.<\/p>\n<p>Capaz de assegurar a plena administra\u00e7\u00e3o da justi\u00e7a, baseada em leis verdadeiramente justas e igualit\u00e1rias.<\/p>\n<p>Capaz de manter um equil\u00edbrio saud\u00e1vel entre as pr\u00e1ticas do sistema representativo e novos mecanismos de decis\u00e3o popular direta, administrada em circunst\u00e2ncias peri\u00f3dicas. Que possa privilegiar tanto as decis\u00f5es nos parlamentos quanto em plebiscitos.\u00a0Que saiba incorporar as novas tecnologias como mecanismos permanentes de consultas, garantindo a manuten\u00e7\u00e3o viva da express\u00e3o da vontade popular.<\/p>\n<p>Ningu\u00e9m julga melhor que o povo, e seu julgamento n\u00e3o pode ficar restrito \u00e0s elei\u00e7\u00f5es, como determinavam e ainda determinam as democracias liberais cl\u00e1ssicas. Uma nova democracia, de alta intensidade, permitir\u00e1 a busca constante de aperfei\u00e7oamento institucional, n\u00e3o apenas com a lenta lubrifica\u00e7\u00e3o de velhas estruturas, mas com o surgimento de novas mecanismos ainda mais eficientes.<\/p>\n<p>Com o aperfei\u00e7oamento constante dos contratos pol\u00edticos, sociais e econ\u00f4micos para que se possa viver melhor, produzir melhor, criar mais e melhor riqueza que se reverta em benef\u00edcio de todos.<\/p>\n<p>Uma das nossas principais tarefas ser\u00e1 lutar por nosso aperfei\u00e7oamento democr\u00e1tico e demonstrar ao povo brasileiro, por atos, mais do que por palavras, que democracia e sobreviv\u00eancia andam juntas.<\/p>\n<p>As iniciativas urgentes e amplas de que precisa o Brasil para resgatar seu povo n\u00e3o ser\u00e3o tomadas, como estamos vendo, por um governo a servi\u00e7o de interesses estreitos e minorias sect\u00e1rias.\u00a0Nem por governos de autorit\u00e1rios de toga ou de profissionais do conchavo.<\/p>\n<p>Identificar democracia com sobreviv\u00eancia e vitalidade far\u00e1 a causa democr\u00e1tica brilhar no imagin\u00e1rio de nosso povo.<br \/>\nAperfei\u00e7oada e modernizada ela continuar\u00e1 sendo o melhor dos regimes, inclusive porque \u00e9 o \u00fanico que permite ao povo corrigir os erros pol\u00edticos que eventualmente cometer.<\/p>\n<p>\u00c9 sem d\u00favida o que vai ocorrer neste ano glorioso de 2022, quando comemoramos o Bicenten\u00e1rio da Independ\u00eancia e o centen\u00e1rio do nosso l\u00edder imortal Leonel Brizola.<\/p>\n<p>A velha democracia parece hoje uma deusa cansada e pessimista. Os perigos que a amea\u00e7am s\u00e3o frutos de suas pr\u00f3prias contradi\u00e7\u00f5es. Ela gerou seus pr\u00f3prios inimigos na puls\u00e3o dial\u00e9tica de certas contradi\u00e7\u00f5es insol\u00faveis e de fracassos constantes.\u00a0Cabe a n\u00f3s, em todos os pa\u00edses do mundo, encontrarmos as formas de reinvent\u00e1-la.<\/p>\n<p>O Brasil tem um papel decisivo nisso tudo. Como tem papel decisivo em tudo que signifique o futuro e o destino do mundo. Seja na quest\u00e3o ambiental, seja na quest\u00e3o pol\u00edtica, seja muito especialmente na quest\u00e3o cultural.<\/p>\n<p>Cultura para mim \u00e9 tudo que alimenta a imagina\u00e7\u00e3o humana.<br \/>\nQue ilumina o futuro e remove as sombras que o impedem um povo de caminhar.<br \/>\nNesta perspectiva, a cultura vem antes de tudo e sobrevive a tudo.<br \/>\nAlimenta, cria e recria a pol\u00edtica; alimenta cria e recria o esp\u00edrito dos povos.<br \/>\nPor isso a pol\u00edtica cultural ser\u00e1 um dos eixos centrais do meu governo.<\/p>\n<p><strong>Minhas irm\u00e3s e minhas irm\u00e3s, repito, Minhas irm\u00e3s e minhas irm\u00e3s,<\/strong><\/p>\n<p>Quero governar com todos os brasileiros, mas principalmente com &#8211; e para voc\u00eas &#8211; queridas e heroicas mulheres.<br \/>\nVoc\u00eas s\u00e3o 52% da popula\u00e7\u00e3o e, mesmo assim, s\u00e3o sistematicamente esquecidas e humilhadas. S\u00e3o v\u00edtimas do subemprego, da viol\u00eancia e da discrimina\u00e7\u00e3o.<\/p>\n<p>Voc\u00eas, bravas e competentes mulheres brasileiras, continuam a ganhar 23% menos que os homens para fazer o mesmo trabalho. Este absurdo tem que ser corrigido!<\/p>\n<p>O Brasil \u00e9 o quinto pa\u00eds com o mais feminic\u00eddios e o pen\u00faltimo pa\u00eds da Am\u00e9rica Latina em cargos pol\u00edticos ocupados por mulheres. Este quadro tem que ser revertido!<\/p>\n<p>O Brasil tem que ter a consci\u00eancia e o orgulho de ser um pa\u00eds feminino. Com novas ideias, trabalho, paz, coragem e liberdade o Brasil vai aprender a respeitar as mulheres e a garantir os seus direitos.<\/p>\n<p><strong>Minhas irm\u00e3s e meus irm\u00e3os,<\/strong><\/p>\n<p>Ao lado de voc\u00eas, bravos guerreiros do PDT, e da maioria do povo brasileiro, quero continuar a ampliar e modernizar a grande obra de Brizola em v\u00e1rias \u00e1reas.<\/p>\n<p>No meu querido Cear\u00e1, j\u00e1 transformamos a educa\u00e7\u00e3o na menina dos olhos do governo e da sociedade e temos hoje a melhor educa\u00e7\u00e3o p\u00fablica do Brasil, com reconhecimento internacional.<br \/>\nFaremos isso tamb\u00e9m em todo o pa\u00eds, com o apoio do PDT e a ben\u00e7\u00e3o e inspira\u00e7\u00e3o do nosso l\u00edder imortal.<\/p>\n<p>Sei que muitos que ouvem este discurso devem estar querendo me perguntar: Ciro, com que recursos pol\u00edticos e financeiros voc\u00ea far\u00e1 tudo isso?<\/p>\n<p>Eu respondo: com a for\u00e7a do povo, com a boa pol\u00edtica, com a boa t\u00e9cnica e com as b\u00ean\u00e7\u00e3os de Deus.<\/p>\n<p>E complemento: transformando em realidade um moderno Projeto Nacional de Desenvolvimento que sabe criar, produzir e distribuir riquezas com a velocidade que o pa\u00eds necessita.<\/p>\n<p>Faremos isso com o apoio de um congresso renovado, que ter\u00e1 a participa\u00e7\u00e3o decisiva da bancada ampliada do PDT, uma bancada que ter\u00e1 a experi\u00eancia de voc\u00eas, amigos senadores e deputados, aqui ao meu lado, seja presencialmente ou virtualmente.<\/p>\n<p>Eu e nosso grande presidente e amigo Carlos Lupi n\u00e3o pouparemos esfor\u00e7os e sacrif\u00edcios para ajud\u00e1-los na renova\u00e7\u00e3o dos seus mandatos.<\/p>\n<p>E esta valorosa bancada seguramente se ampliar\u00e1 com a chegada de novos companheiros de primeiro mandato.<\/p>\n<p>Neste grande movimento de transforma\u00e7\u00e3o do Brasil, contaremos ainda com o apoio decisivo dos governadores e deputados estaduais que elegeremos; como tamb\u00e9m, saberemos buscar o apoio de l\u00edderes de outros partidos sinceramente empenhados na busca por um pa\u00eds melhor.<\/p>\n<p>Realizaremos esta grande obra com o apoio direto do povo.<br \/>\nN\u00e3o com o apoio abstrato, de um povo metaf\u00f3rico, mas com a participa\u00e7\u00e3o di\u00e1ria e cotidiana do povo de carne, osso, alma e cora\u00e7\u00e3o.<\/p>\n<p>O apoio popular ser\u00e1 decisivo em todas as horas e em todos os minutos, mas de forma muito especial no meu primeiro ano de governo.\u00a0Ele ser\u00e1 o ano das grandes reformas e faremos isso sem paralisar o pa\u00eds nem perturbar a marcha da sua vida normal.<\/p>\n<p>Sob o olhar vigilante do povo, estimularei democraticamente o congresso para que vote, ainda no primeiro semestre, as reformas pactuadas.\u00a0Este ser\u00e1 o per\u00edodo da Grande Reforma e tudo que for aprovado nele ser\u00e1 submetido depois \u00e0 aprova\u00e7\u00e3o popular, atrav\u00e9s de plebiscito.<\/p>\n<p>Repetiremos rito semelhante no meio do governo, quando lan\u00e7aremos as reformas complementares.<br \/>\nNeste momento, reexaminaremos tudo que n\u00e3o esteja funcionando bem e j\u00e1 come\u00e7aremos a preparar o pa\u00eds para o meu sucessor.<\/p>\n<p>Sim, porque entre as primeiras reformas estar\u00e1 o fim da reelei\u00e7\u00e3o. Depois de cumprido este mandato voltarei para o meio do povo e de l\u00e1 definirei o meu novo papel.<\/p>\n<p><strong>Minhas amigas e meus amigos,<\/strong><\/p>\n<p>Para encerrar, quero renovar minha cren\u00e7a na rebeldia e na esperan\u00e7a encarnadas no povo brasileiro.<\/p>\n<p>O Brasil n\u00e3o precisa de simples faxina, maquiagem ou puxadinhos, como defendem os outros concorrentes.<\/p>\n<p>A na\u00e7\u00e3o deseja profundamente mudar n\u00e3o apenas o nosso modelo pol\u00edtico e econ\u00f4mico, mas tamb\u00e9m o regime moral.<\/p>\n<p>Somos o \u00fanico que pode mudar o modelo econ\u00f4mico e a forma velha e corrupta de governar, porque temos projeto, coragem e experi\u00eancia<\/p>\n<p>Vamos, minhas irm\u00e3s e meus irm\u00e3os, colocar nossa p\u00e1tria de p\u00e9, em um grande movimento de rebeldia e esperan\u00e7a!<\/p>\n<p>Vamos arrancar a pedra de gelo que parte do Brasil ainda tem no peito e transform\u00e1-la em \u00e1gua para dar de beber a quem tem sede de vida e de justi\u00e7a.<\/p>\n<p>Darei at\u00e9 a \u00faltima gota de meu suor, de meu sangue, da minha energia nesta miss\u00e3o hist\u00f3rica!<\/p>\n<p>Sou rebelde porque me recuso a perder a esperan\u00e7a.<\/p>\n<p>Tenho esperan\u00e7a porque sou rebelde.<\/p>\n<p>\u00c9 assim, juntos e iguais que vamos mudar o Brasil.<\/p>\n<p>Que Deus nos aben\u00e7oe, que Deus aben\u00e7oe o Brasil.<\/p>\n<!-- AddThis Advanced Settings generic via filter on the_content --><!-- AddThis Share Buttons generic via filter on the_content -->","protected":false},"excerpt":{"rendered":"<p>Minhas irm\u00e3s e meus irm\u00e3os, Eu sou daqueles que gostam de ver o sol nascer.\u00a0E de assistir, a subida aos c\u00e9us, do aro flamejante da esperan\u00e7a. Eu sou tamb\u00e9m dos que gostam de ver o sol do meio-dia acender sobre o mundo a chama da rebeldia. Eu sou daqueles que n\u00e3o usam a noite para&#8230;<!-- AddThis Advanced Settings generic via filter on wp_trim_excerpt --><!-- AddThis Share Buttons generic via filter on wp_trim_excerpt --><\/p>\n","protected":false},"author":17,"featured_media":81096,"comment_status":"closed","ping_status":"closed","sticky":false,"template":"","format":"standard","meta":{"_monsterinsights_skip_tracking":false,"_monsterinsights_sitenote_active":false,"_monsterinsights_sitenote_note":"","_monsterinsights_sitenote_category":0,"_uf_show_specific_survey":0,"_uf_disable_surveys":false,"footnotes":""},"categories":[1390,5416,1401],"tags":[220,5392,5047,38,4201,5391],"class_list":["post-81095","post","type-post","status-publish","format-standard","has-post-thumbnail","hentry","category-editorias","category-ciro-gomes","category-nacional","tag-ciro-gomes","tag-grande-reforma","tag-o-petroleo-e-nosso","tag-pdt","tag-plano-nacional-de-desenvolvimento","tag-programa-internet-do-povo"],"acf":[],"_links":{"self":[{"href":"https:\/\/pdt-rj.org.br\/index.php\/wp-json\/wp\/v2\/posts\/81095","targetHints":{"allow":["GET"]}}],"collection":[{"href":"https:\/\/pdt-rj.org.br\/index.php\/wp-json\/wp\/v2\/posts"}],"about":[{"href":"https:\/\/pdt-rj.org.br\/index.php\/wp-json\/wp\/v2\/types\/post"}],"author":[{"embeddable":true,"href":"https:\/\/pdt-rj.org.br\/index.php\/wp-json\/wp\/v2\/users\/17"}],"replies":[{"embeddable":true,"href":"https:\/\/pdt-rj.org.br\/index.php\/wp-json\/wp\/v2\/comments?post=81095"}],"version-history":[{"count":12,"href":"https:\/\/pdt-rj.org.br\/index.php\/wp-json\/wp\/v2\/posts\/81095\/revisions"}],"predecessor-version":[{"id":81204,"href":"https:\/\/pdt-rj.org.br\/index.php\/wp-json\/wp\/v2\/posts\/81095\/revisions\/81204"}],"wp:featuredmedia":[{"embeddable":true,"href":"https:\/\/pdt-rj.org.br\/index.php\/wp-json\/wp\/v2\/media\/81096"}],"wp:attachment":[{"href":"https:\/\/pdt-rj.org.br\/index.php\/wp-json\/wp\/v2\/media?parent=81095"}],"wp:term":[{"taxonomy":"category","embeddable":true,"href":"https:\/\/pdt-rj.org.br\/index.php\/wp-json\/wp\/v2\/categories?post=81095"},{"taxonomy":"post_tag","embeddable":true,"href":"https:\/\/pdt-rj.org.br\/index.php\/wp-json\/wp\/v2\/tags?post=81095"}],"curies":[{"name":"wp","href":"https:\/\/api.w.org\/{rel}","templated":true}]}}