{"id":81048,"date":"2022-01-19T15:48:27","date_gmt":"2022-01-19T18:48:27","guid":{"rendered":"http:\/\/pdt-rj.org.br\/?p=81048"},"modified":"2022-08-19T10:56:27","modified_gmt":"2022-08-19T13:56:27","slug":"ciro-resgata-proposta-de-refinanciamento-para-enfrentar-recorde-de-endividamento-familiar-no-pais","status":"publish","type":"post","link":"https:\/\/pdt-rj.org.br\/index.php\/ciro-resgata-proposta-de-refinanciamento-para-enfrentar-recorde-de-endividamento-familiar-no-pais\/","title":{"rendered":"Ciro resgata proposta de refinanciamento para enfrentar recorde de endividamento familiar no Pa\u00eds"},"content":{"rendered":"<p class=\"yiv8536059221MsoNormal\"><strong><em>\u201cDefendo um programa de refinanciamento governamental que ajude nosso povo a limpar o nome no SPC e Serasa\u201d<\/em><\/strong><\/p>\n<p class=\"yiv8536059221MsoNormal\">Com o endividamento m\u00e9dio das fam\u00edlias brasileiras atingindo 70,9% em 2021, o maior patamar nos \u00faltimos 11 anos, o pr\u00e9-candidato do PDT ao Pal\u00e1cio do Planalto, Ciro Gomes, resgatou nesta ter\u00e7a-feira (18), atrav\u00e9s das redes sociais, uma proposta estruturada no\u00a0Projeto Nacional de Desenvolvimento (PND)\u00a0desde 2018: o suporte p\u00fablico para renegocia\u00e7\u00e3o das d\u00edvidas e restabelecimento do cr\u00e9dito para os cidad\u00e3os.<\/p>\n<p class=\"yiv8536059221MsoNormal\">\u201cDefendo um programa de refinanciamento governamental que ajude nosso povo a limpar o nome no SPC e Serasa\u201d, enfatizou na\u00a0<a href=\"https:\/\/twitter.com\/cirogomes\/status\/1483454993684389901\" target=\"_blank\" rel=\"nofollow noopener noreferrer\">postagem<\/a>, referenciando a atua\u00e7\u00e3o dos bancos estatais para reduzir o valor das pend\u00eancias financeiras, que est\u00e1 no patamar m\u00e9dio de R$4.200. AC Confira, ao final, o v\u00eddeo explicativo.<\/p>\n<p class=\"yiv8536059221MsoNormal\">Conforme dados recentes da Pesquisa de Endividamento e Inadimpl\u00eancia do Consumidor (Peic) da Confedera\u00e7\u00e3o Nacional do Com\u00e9rcio de Bens, Servi\u00e7os e Turismo (CNC), o crescimento do n\u00edvel de endividamento, se comparado com 2020 (66,5%), tamb\u00e9m alcan\u00e7ou outro patamar hist\u00f3rico: aumento de 4,4 pontos percentuais.<\/p>\n<p class=\"yiv8536059221MsoNormal\">Sobre a inadimpl\u00eancia, 25,2% das fam\u00edlias relataram a exist\u00eancia de contas em atraso. O\u00a0<span class=\"yiv8536059221gmail-highlight\">comprometimento com\u00a0cart\u00e3o de cr\u00e9dito continua como o principal entrave para 82,6%<\/span>\u00a0dos entrevistados, seguido dos carn\u00eas de lojas (18,1%), financiamentos de carro (11,6%) e casa (9,1%) e cr\u00e9dito pessoal (9%).<\/p>\n<p class=\"yiv8536059221MsoNormal\"><b>Conjuntura<\/b><\/p>\n<p class=\"yiv8536059221MsoNormal\">Ao citar que \u201ccerca de 60% do consumo do que \u00e9 produzido no Brasil vem das fam\u00edlias\u201d, o ex-ministro da Fazenda contextualizou a vincula\u00e7\u00e3o direta com tr\u00eas fatores: emprego, renda e cr\u00e9dito. Estes eixos demandam, para o pedetista, um est\u00edmulo fundamental proveniente do Estado para gera\u00e7\u00e3o do ciclo econ\u00f4mico virtuoso e sustent\u00e1vel.<\/p>\n<p class=\"yiv8536059221MsoNormal\">\u201cPrecisamos consertar os quatro motores mais importantes para reerguer nossa economia: o consumo das fam\u00edlias, o investimento empresarial, o investimento p\u00fablico e a pol\u00edtica industrial e de com\u00e9rcio exterior\u201d, disse.<\/p>\n<p class=\"yiv8536059221MsoNormal\">Veja detalhes da proposta de aux\u00edlio:<\/p>\n<p class=\"yiv8536059221MsoNormal\"><a href=\"https:\/\/www.youtube.com\/watch?v=b5xu82AAJIU&amp;t=45s\" target=\"_blank\" rel=\"nofollow noopener noreferrer\">https:\/\/www.youtube.com\/watch?v=b5xu82AAJIU&amp;t=45s<\/a><\/p>\n<!-- AddThis Advanced Settings generic via filter on the_content --><!-- AddThis Share Buttons generic via filter on the_content -->","protected":false},"excerpt":{"rendered":"<p>\u201cDefendo um programa de refinanciamento governamental que ajude nosso povo a limpar o nome no SPC e Serasa\u201d Com o endividamento m\u00e9dio das fam\u00edlias brasileiras atingindo 70,9% em 2021, o maior patamar nos \u00faltimos 11 anos, o pr\u00e9-candidato do PDT ao Pal\u00e1cio do Planalto, Ciro Gomes, resgatou nesta ter\u00e7a-feira (18), atrav\u00e9s das redes sociais, uma&#8230;<!-- AddThis Advanced Settings generic via filter on wp_trim_excerpt --><!-- AddThis Share Buttons generic via filter on wp_trim_excerpt --><\/p>\n","protected":false},"author":17,"featured_media":81049,"comment_status":"closed","ping_status":"closed","sticky":false,"template":"","format":"standard","meta":{"_monsterinsights_skip_tracking":false,"_monsterinsights_sitenote_active":false,"_monsterinsights_sitenote_note":"","_monsterinsights_sitenote_category":0,"_uf_show_specific_survey":0,"_uf_disable_surveys":false,"footnotes":""},"categories":[1390],"tags":[220,687,38,1541],"class_list":["post-81048","post","type-post","status-publish","format-standard","has-post-thumbnail","hentry","category-editorias","tag-ciro-gomes","tag-palacio-do-planalto","tag-pdt","tag-projeto-nacional-de-desenvolvimento"],"acf":[],"_links":{"self":[{"href":"https:\/\/pdt-rj.org.br\/index.php\/wp-json\/wp\/v2\/posts\/81048","targetHints":{"allow":["GET"]}}],"collection":[{"href":"https:\/\/pdt-rj.org.br\/index.php\/wp-json\/wp\/v2\/posts"}],"about":[{"href":"https:\/\/pdt-rj.org.br\/index.php\/wp-json\/wp\/v2\/types\/post"}],"author":[{"embeddable":true,"href":"https:\/\/pdt-rj.org.br\/index.php\/wp-json\/wp\/v2\/users\/17"}],"replies":[{"embeddable":true,"href":"https:\/\/pdt-rj.org.br\/index.php\/wp-json\/wp\/v2\/comments?post=81048"}],"version-history":[{"count":2,"href":"https:\/\/pdt-rj.org.br\/index.php\/wp-json\/wp\/v2\/posts\/81048\/revisions"}],"predecessor-version":[{"id":81051,"href":"https:\/\/pdt-rj.org.br\/index.php\/wp-json\/wp\/v2\/posts\/81048\/revisions\/81051"}],"wp:featuredmedia":[{"embeddable":true,"href":"https:\/\/pdt-rj.org.br\/index.php\/wp-json\/wp\/v2\/media\/81049"}],"wp:attachment":[{"href":"https:\/\/pdt-rj.org.br\/index.php\/wp-json\/wp\/v2\/media?parent=81048"}],"wp:term":[{"taxonomy":"category","embeddable":true,"href":"https:\/\/pdt-rj.org.br\/index.php\/wp-json\/wp\/v2\/categories?post=81048"},{"taxonomy":"post_tag","embeddable":true,"href":"https:\/\/pdt-rj.org.br\/index.php\/wp-json\/wp\/v2\/tags?post=81048"}],"curies":[{"name":"wp","href":"https:\/\/api.w.org\/{rel}","templated":true}]}}