{"id":81039,"date":"2022-01-17T14:33:48","date_gmt":"2022-01-17T17:33:48","guid":{"rendered":"http:\/\/pdt-rj.org.br\/?p=81039"},"modified":"2022-01-17T14:33:48","modified_gmt":"2022-01-17T17:33:48","slug":"sob-a-gestao-de-fernanda-ontiveros-novo-programa-de-seguranca-sera-implantado-em-japeri","status":"publish","type":"post","link":"https:\/\/pdt-rj.org.br\/index.php\/sob-a-gestao-de-fernanda-ontiveros-novo-programa-de-seguranca-sera-implantado-em-japeri\/","title":{"rendered":"Sob a gest\u00e3o de Fernanda Ontiveros, novo programa de seguran\u00e7a ser\u00e1 implantado em Japeri"},"content":{"rendered":"<p class=\"has-text-align-justify\">A Prefeita de Japeri (RJ), Dra. Fernanda Ontiveros (PDT) e o secret\u00e1rio municipal de Governo, Francisco Nacelio, se reuniram na semana passada com o Major Nei, coordenador do Programa Estadual de Integra\u00e7\u00e3o na Seguran\u00e7a (CPROEIS), na regi\u00e3o da Baixada Fluminense, para ajustar os tr\u00e2mites finais que levar\u00e3o o patrulhamento para a cidade. A expectativa \u00e9 de que at\u00e9 fevereiro os agentes j\u00e1 estejam nas ruas.<\/p>\n<p>O conv\u00eanio entre a prefeitura e o CPROEIS foi firmado no final do ano passado. A inciativa levar\u00e1 para Japeri um patrulhamento 24h em todo o munic\u00edpio. A m\u00e9dia ser\u00e1 de 10 viaturas com a atua\u00e7\u00e3o de 30 policiais por dia, algo que representa mais de 300% do efetivo do 24\u00b0 BPM na regi\u00e3o.<\/p>\n<p class=\"has-text-align-justify\">A prefeita Dr\u00aa Fernanda Ontiveros comemorou a parceria.<\/p>\n<p class=\"has-text-align-justify\">\u201c Com a chegada do CPROEIS, nossa popula\u00e7\u00e3o ter\u00e1 mais seguran\u00e7a, e isso \u00e9 uma grande vit\u00f3ria para o japeriense. Estamos muito felizes em poder entregar mais um servi\u00e7o que trar\u00e1 benef\u00edcios, n\u00e3o s\u00f3 por agora, mas por um longo tempo\u201d, disse a prefeita.<\/p>\n<p class=\"has-text-align-justify\">\u201c A assinatura do conv\u00eanio para a chegada do CPROEIS nos deixa satisfeitos e esperan\u00e7osos. Nossa meta \u00e9 trazer o programa j\u00e1 no in\u00edcio de fevereiro\u201d, disse o secret\u00e1rio de Governo Francisco Nacelio.<\/p>\n<!-- AddThis Advanced Settings generic via filter on the_content --><!-- AddThis Share Buttons generic via filter on the_content -->","protected":false},"excerpt":{"rendered":"<p>A Prefeita de Japeri (RJ), Dra. Fernanda Ontiveros (PDT) e o secret\u00e1rio municipal de Governo, Francisco Nacelio, se reuniram na semana passada com o Major Nei, coordenador do Programa Estadual de Integra\u00e7\u00e3o na Seguran\u00e7a (CPROEIS), na regi\u00e3o da Baixada Fluminense, para ajustar os tr\u00e2mites finais que levar\u00e3o o patrulhamento para a cidade. A expectativa \u00e9&#8230;<!-- AddThis Advanced Settings generic via filter on wp_trim_excerpt --><!-- AddThis Share Buttons generic via filter on wp_trim_excerpt --><\/p>\n","protected":false},"author":17,"featured_media":81043,"comment_status":"closed","ping_status":"closed","sticky":false,"template":"","format":"standard","meta":{"_monsterinsights_skip_tracking":false,"_monsterinsights_sitenote_active":false,"_monsterinsights_sitenote_note":"","_monsterinsights_sitenote_category":0,"_uf_show_specific_survey":0,"_uf_disable_surveys":false,"footnotes":""},"categories":[1390,1402],"tags":[5385,4250,4782],"class_list":["post-81039","post","type-post","status-publish","format-standard","has-post-thumbnail","hentry","category-editorias","category-cidades","tag-cproeis","tag-fernanda-ontiveros","tag-prefeitura-de-japeri-rj"],"acf":[],"_links":{"self":[{"href":"https:\/\/pdt-rj.org.br\/index.php\/wp-json\/wp\/v2\/posts\/81039","targetHints":{"allow":["GET"]}}],"collection":[{"href":"https:\/\/pdt-rj.org.br\/index.php\/wp-json\/wp\/v2\/posts"}],"about":[{"href":"https:\/\/pdt-rj.org.br\/index.php\/wp-json\/wp\/v2\/types\/post"}],"author":[{"embeddable":true,"href":"https:\/\/pdt-rj.org.br\/index.php\/wp-json\/wp\/v2\/users\/17"}],"replies":[{"embeddable":true,"href":"https:\/\/pdt-rj.org.br\/index.php\/wp-json\/wp\/v2\/comments?post=81039"}],"version-history":[{"count":3,"href":"https:\/\/pdt-rj.org.br\/index.php\/wp-json\/wp\/v2\/posts\/81039\/revisions"}],"predecessor-version":[{"id":81044,"href":"https:\/\/pdt-rj.org.br\/index.php\/wp-json\/wp\/v2\/posts\/81039\/revisions\/81044"}],"wp:featuredmedia":[{"embeddable":true,"href":"https:\/\/pdt-rj.org.br\/index.php\/wp-json\/wp\/v2\/media\/81043"}],"wp:attachment":[{"href":"https:\/\/pdt-rj.org.br\/index.php\/wp-json\/wp\/v2\/media?parent=81039"}],"wp:term":[{"taxonomy":"category","embeddable":true,"href":"https:\/\/pdt-rj.org.br\/index.php\/wp-json\/wp\/v2\/categories?post=81039"},{"taxonomy":"post_tag","embeddable":true,"href":"https:\/\/pdt-rj.org.br\/index.php\/wp-json\/wp\/v2\/tags?post=81039"}],"curies":[{"name":"wp","href":"https:\/\/api.w.org\/{rel}","templated":true}]}}