{"id":81008,"date":"2022-01-13T02:52:04","date_gmt":"2022-01-13T05:52:04","guid":{"rendered":"http:\/\/pdt-rj.org.br\/?p=81008"},"modified":"2022-04-18T16:08:44","modified_gmt":"2022-04-18T19:08:44","slug":"lupi-garante-uniao-do-pdt-em-torno-do-projeto-liderado-por-ciro-gomes","status":"publish","type":"post","link":"https:\/\/pdt-rj.org.br\/index.php\/lupi-garante-uniao-do-pdt-em-torno-do-projeto-liderado-por-ciro-gomes\/","title":{"rendered":"Lupi garante uni\u00e3o do PDT em torno do projeto liderado por Ciro Gomes"},"content":{"rendered":"<p class=\"yiv5358169905MsoNormal\"><b>Presidente nacional do partido rejeita \u201cdupla milit\u00e2ncia\u201d vinculada aos \u201cmovimentos de renova\u00e7\u00e3o\u201d<\/b><\/p>\n<p class=\"yiv5358169905MsoNormal\">O presidente nacional do PDT, Carlos Lupi, disse \u00e0 R\u00e1dio Bandeirantes, nesta quarta-feira (12), que \u201co partido est\u00e1 muito unido em torno do Projeto Nacional de Desenvolvimento&#8221; liderado por Ciro Gomes. A pr\u00e9-candidatura do ex-governador do Cear\u00e1 \u00e0 presid\u00eancia da Rep\u00fablica ser\u00e1 oficializada durante a Conven\u00e7\u00e3o Nacional, programada para a pr\u00f3xima sexta-feira (21), no modelo virtual, em fun\u00e7\u00e3o do agravamento da pandemia da Covid-19.<\/p>\n<p class=\"yiv5358169905MsoNormal\">\u201cUm projeto em que a gente verifica e aponta os erros, as falhas e as poss\u00edveis solu\u00e7\u00f5es para cada setor, como o desemprego, a energia e todas as \u00e1reas do crescimento, que a gente precisa ter na economia. [&#8230;] Continuaremos lutando por um Brasil para os brasileiros\u201d, explicou, demandando mais debates entre os postulantes ao Pal\u00e1cio do Planalto.<\/p>\n<p class=\"yiv5358169905MsoNormal\">Sobre a rela\u00e7\u00e3o com os denominados \u201cmovimentos de renova\u00e7\u00e3o\u201d, que atuam, segundo Ciro Gomes, como \u201cpartidos clandestinos\u201d, Lupi ratificou a posi\u00e7\u00e3o da Dire\u00e7\u00e3o Nacional de refutar a abertura para futuras candidaturas de membros financiados e liderados por grupos empresariais.<\/p>\n<p class=\"yiv5358169905MsoNormal\">\u201cN\u00f3s j\u00e1 decidimos isso, desde 2019, quando est\u00e1vamos nos preparando para a elei\u00e7\u00e3o municipal, de n\u00e3o aceitar o que eu chamo de dupla milit\u00e2ncia. Eu acho que cada um que desejar fazer isso, ent\u00e3o que forme seu partido\u201d, assegurou.<\/p>\n<p class=\"yiv5358169905MsoNormal\">\u201cN\u00e3o vamos aceitar filiados qualquer tipo de filiado para ser candidato que n\u00e3o tenha convic\u00e7\u00f5es. Isso j\u00e1 est\u00e1 no nosso estatuto, no nosso programa, e est\u00e1 deliberado. J\u00e1 aviso com anteced\u00eancia: voc\u00eas que participam desses grupos, n\u00e3o venham para o PDT, pois n\u00e3o ter\u00e3o legenda\u201d, declarou.<\/p>\n<p class=\"yiv5358169905MsoNormal\"><b>Realidade e direitos<\/b><\/p>\n<p class=\"yiv5358169905MsoNormal\">Como ex-ministro do Trabalho e Emprego e defensor da Consolida\u00e7\u00e3o das Leis do Trabalho (CLT), Lupi salientou que \u201cn\u00e3o existe, na humanidade, um sistema mais eficiente e competente de destrui\u00e7\u00e3o de renda do que o emprego com carteira assinada\u201d.<\/p>\n<p class=\"yiv5358169905MsoNormal\">\u201cO emprego, com todos os direitos, gera autoestima e um ciclo virtuoso da economia. Quanto mais gente emprega, mais gente recebe sal\u00e1rio, comprando e produzindo\u201d, disse, relembrando o n\u00edvel de pleno emprego alcan\u00e7ado a partir da sua gest\u00e3o entre 2007 e 2011.<\/p>\n<p class=\"yiv5358169905MsoNormal\">Ao criticar a \u201cantirreforma trabalhista\u201d iniciada no governo de Michel Temer e ampliada por Jair Bolsonaro, o pedetista destacou a expressiva subtra\u00e7\u00e3o de direitos a partir de uma \u201cflexibiliza\u00e7\u00e3o criminosa\u201d. O pacote de mudan\u00e7as ser\u00e1, segundo ele, revogado na gest\u00e3o de Ciro.<\/p>\n<p class=\"yiv5358169905MsoNormal\">\u201cTiraram o fundo de garantia com o emprego tempor\u00e1rio e fizeram da PJ [Pessoa Jur\u00eddica] um escape para burlar as regras de contribui\u00e7\u00e3o dos impostos devidos, como INSS e PIS. Todo esse processo representa o desmantelo da pol\u00edtica trabalhista brasileira. Olhem os \u00edndices. Estamos perto de 15% de desemprego\u201d, analisou, defendendo ainda o fortalecimento dos sindicatos dos trabalhadores e o retorno das contribui\u00e7\u00f5es vinculadas.<\/p>\n<p class=\"yiv5358169905MsoNormal\">\u201cSe fosse solu\u00e7\u00e3o, por que n\u00e3o est\u00e1 gerando emprego? Esse \u00e9 o grande desafio. A revoga\u00e7\u00e3o \u00e9 prioridade no governo do PDT, trabalhista como a nossa origem. N\u00f3s, trabalhistas, criamos a CLT. Get\u00falio na d\u00e9cada de 30.\u00a0Temos compromisso com o trabalhador\u201d, completou.<\/p>\n<!-- AddThis Advanced Settings generic via filter on the_content --><!-- AddThis Share Buttons generic via filter on the_content -->","protected":false},"excerpt":{"rendered":"<p>Presidente nacional do partido rejeita \u201cdupla milit\u00e2ncia\u201d vinculada aos \u201cmovimentos de renova\u00e7\u00e3o\u201d O presidente nacional do PDT, Carlos Lupi, disse \u00e0 R\u00e1dio Bandeirantes, nesta quarta-feira (12), que \u201co partido est\u00e1 muito unido em torno do Projeto Nacional de Desenvolvimento&#8221; liderado por Ciro Gomes. A pr\u00e9-candidatura do ex-governador do Cear\u00e1 \u00e0 presid\u00eancia da Rep\u00fablica ser\u00e1 oficializada&#8230;<!-- AddThis Advanced Settings generic via filter on wp_trim_excerpt --><!-- AddThis Share Buttons generic via filter on wp_trim_excerpt --><\/p>\n","protected":false},"author":17,"featured_media":81009,"comment_status":"closed","ping_status":"closed","sticky":false,"template":"","format":"standard","meta":{"_monsterinsights_skip_tracking":false,"_monsterinsights_sitenote_active":false,"_monsterinsights_sitenote_note":"","_monsterinsights_sitenote_category":0,"_uf_show_specific_survey":0,"_uf_disable_surveys":false,"footnotes":""},"categories":[1390,5417,5416,1401],"tags":[196,220,224,247,3348,1541],"class_list":["post-81008","post","type-post","status-publish","format-standard","has-post-thumbnail","hentry","category-editorias","category-carlos-lupi","category-ciro-gomes","category-nacional","tag-carlos-lupi","tag-ciro-gomes","tag-clt","tag-consolidacao-das-leis-do-trabalho","tag-covid-19","tag-projeto-nacional-de-desenvolvimento"],"acf":[],"_links":{"self":[{"href":"https:\/\/pdt-rj.org.br\/index.php\/wp-json\/wp\/v2\/posts\/81008","targetHints":{"allow":["GET"]}}],"collection":[{"href":"https:\/\/pdt-rj.org.br\/index.php\/wp-json\/wp\/v2\/posts"}],"about":[{"href":"https:\/\/pdt-rj.org.br\/index.php\/wp-json\/wp\/v2\/types\/post"}],"author":[{"embeddable":true,"href":"https:\/\/pdt-rj.org.br\/index.php\/wp-json\/wp\/v2\/users\/17"}],"replies":[{"embeddable":true,"href":"https:\/\/pdt-rj.org.br\/index.php\/wp-json\/wp\/v2\/comments?post=81008"}],"version-history":[{"count":1,"href":"https:\/\/pdt-rj.org.br\/index.php\/wp-json\/wp\/v2\/posts\/81008\/revisions"}],"predecessor-version":[{"id":81010,"href":"https:\/\/pdt-rj.org.br\/index.php\/wp-json\/wp\/v2\/posts\/81008\/revisions\/81010"}],"wp:featuredmedia":[{"embeddable":true,"href":"https:\/\/pdt-rj.org.br\/index.php\/wp-json\/wp\/v2\/media\/81009"}],"wp:attachment":[{"href":"https:\/\/pdt-rj.org.br\/index.php\/wp-json\/wp\/v2\/media?parent=81008"}],"wp:term":[{"taxonomy":"category","embeddable":true,"href":"https:\/\/pdt-rj.org.br\/index.php\/wp-json\/wp\/v2\/categories?post=81008"},{"taxonomy":"post_tag","embeddable":true,"href":"https:\/\/pdt-rj.org.br\/index.php\/wp-json\/wp\/v2\/tags?post=81008"}],"curies":[{"name":"wp","href":"https:\/\/api.w.org\/{rel}","templated":true}]}}