{"id":81004,"date":"2022-01-11T18:48:56","date_gmt":"2022-01-11T21:48:56","guid":{"rendered":"http:\/\/pdt-rj.org.br\/?p=81004"},"modified":"2022-08-19T10:57:46","modified_gmt":"2022-08-19T13:57:46","slug":"saude-dos-profissionais-da-seguranca-publica-em-risco","status":"publish","type":"post","link":"https:\/\/pdt-rj.org.br\/index.php\/saude-dos-profissionais-da-seguranca-publica-em-risco\/","title":{"rendered":"Sa\u00fade dos profissionais da Seguran\u00e7a P\u00fablica em risco"},"content":{"rendered":"<p class=\"yiv6505747744MsoNormal\"><strong>A aus\u00eancia de um banco de dados leg\u00edtimo produzido pelas corpora\u00e7\u00f5es demonstra um cen\u00e1rio alarmante, tendo em vista ser essencial o registro e monitoramento de casos \u2013 pelo menos os graves \u2013 envolvendo a sa\u00fade dos agentes<\/strong><\/p>\n<p class=\"yiv6505747744MsoNormal\">O adoecimento f\u00edsico e mental dos agentes de Seguran\u00e7a P\u00fablica \u00e9 uma realidade cada vez mais preocupante. As press\u00f5es vivenciadas no dia a dia, al\u00e9m dos riscos da profiss\u00e3o, s\u00e3o fatores que desencadeiam uma centena de doen\u00e7as. Dist\u00farbios do sono, hipertens\u00e3o, diabetes, depress\u00e3o e at\u00e9 mesmo suic\u00eddio s\u00e3o mais comuns do que muita gente imagina.<\/p>\n<p class=\"yiv6505747744MsoNormal\">Outro problema t\u00e3o grave quanto \u00e0 sa\u00fade dos agentes \u00e9 que n\u00e3o temos investimentos em pesquisa e compila\u00e7\u00e3o de dados sobre o assunto. Afirmar que os agentes de seguran\u00e7a s\u00e3o um grupo de risco se torna algo pessoal, uma constata\u00e7\u00e3o de conhecimento de causa, com poucas informa\u00e7\u00f5es de fontes oficiais.<\/p>\n<p class=\"yiv6505747744MsoNormal\">A aus\u00eancia de um banco de dados leg\u00edtimo produzido pelas corpora\u00e7\u00f5es demonstra um cen\u00e1rio alarmante, tendo em vista ser essencial o registro e monitoramento de casos \u2013 pelo menos os graves \u2013 envolvendo a sa\u00fade dos agentes. Somente com informa\u00e7\u00f5es detalhadas ser\u00e1 poss\u00edvel a cria\u00e7\u00e3o e implementa\u00e7\u00e3o de pol\u00edticas p\u00fablicas e medidas de preven\u00e7\u00e3o e promo\u00e7\u00e3o de sa\u00fade.<\/p>\n<p class=\"yiv6505747744MsoNormal\">Trabalhar com atividades de salvamento, policiamento ostensivo e de investiga\u00e7\u00e3o, policiamento penal e de socioeducativas apresenta peculiaridades que impactam rapidamente na sa\u00fade dos agentes. E esses desdobramentos podem comprometer a vida social e de trabalho desses profissionais e seus familiares. Temos que lembrar que eles n\u00e3o s\u00e3o um equipamento que funciona se voc\u00ea apertar o bot\u00e3o.<\/p>\n<p class=\"yiv6505747744MsoNormal\">Na Alerj, tramita o projeto de lei 4.990\/21, de minha autoria, que trata da sa\u00fade do trabalhador em institui\u00e7\u00f5es de seguran\u00e7a p\u00fablica e do monitoramento de casos de suic\u00eddios de policiais. O texto est\u00e1 aberto a sugest\u00f5es das categorias e pode ser o primeiro passo para o Estado cuidar desses profissionais. S\u00e3o eles que est\u00e3o nas ruas para nos proteger e n\u00e3o h\u00e1 mais como adiar a busca para a solu\u00e7\u00e3o desse problema.<\/p>\n<p class=\"yiv6505747744MsoNormal\">De acordo com especialistas, nos primeiros anos de trabalho dos policiais, por exemplo, experi\u00eancias e a adrenalina de prestar servi\u00e7o \u00e9 algo animador por quem chega recente na corpora\u00e7\u00e3o. Mas, depois de cinco, ou dez anos vivendo nessa condi\u00e7\u00e3o diariamente, h\u00e1 grandes chances de adoecimento mental pela exig\u00eancia do tipo de servi\u00e7o, de estar sempre alerta para atividades criminosas, sem momentos plenos de descanso.<\/p>\n<p class=\"yiv6505747744MsoNormal\">Os agentes da Seguran\u00e7a P\u00fablica fazem parte de um grupo diferenciado da popula\u00e7\u00e3o por estarem lidando, no seu cotidiano, com a viol\u00eancia e a criminalidade. Em 2020, o Instituto de Pesquisa, Preven\u00e7\u00e3o e Estudos em Suic\u00eddio fez um levantamento com dados obtidos por fontes n\u00e3o oficiais.<\/p>\n<p class=\"yiv6505747744MsoNormal\">No Brasil, foram registradas 143 notifica\u00e7\u00f5es em 2019. Dos 83 profissionais de seguran\u00e7a p\u00fablica v\u00edtimas de suic\u00eddio em 2019, 74 eram do sexo masculino e 9 do feminino. A m\u00e9dia de idade desses agentes era de 40 anos. S\u00e3o Paulo e Rio de Janeiro lideram os n\u00fameros de notifica\u00e7\u00f5es. O estere\u00f3tipo do agente forte por tr\u00e1s da farda ou do distintivo impede, muitas vezes, que ele pe\u00e7a ajuda.<\/p>\n<p>&nbsp;<\/p>\n<p class=\"yiv6505747744MsoNormal\"><em><b>*Delegada Martha Rocha \u00e9 deputada estadual pelo PDT do Rio de Janeiro.<\/b><\/em><\/p>\n<!-- AddThis Advanced Settings generic via filter on the_content --><!-- AddThis Share Buttons generic via filter on the_content -->","protected":false},"excerpt":{"rendered":"<p>A aus\u00eancia de um banco de dados leg\u00edtimo produzido pelas corpora\u00e7\u00f5es demonstra um cen\u00e1rio alarmante, tendo em vista ser essencial o registro e monitoramento de casos \u2013 pelo menos os graves \u2013 envolvendo a sa\u00fade dos agentes O adoecimento f\u00edsico e mental dos agentes de Seguran\u00e7a P\u00fablica \u00e9 uma realidade cada vez mais preocupante. As&#8230;<!-- AddThis Advanced Settings generic via filter on wp_trim_excerpt --><!-- AddThis Share Buttons generic via filter on wp_trim_excerpt --><\/p>\n","protected":false},"author":17,"featured_media":81005,"comment_status":"closed","ping_status":"closed","sticky":false,"template":"","format":"standard","meta":{"_monsterinsights_skip_tracking":false,"_monsterinsights_sitenote_active":false,"_monsterinsights_sitenote_note":"","_monsterinsights_sitenote_category":0,"_uf_show_specific_survey":0,"_uf_disable_surveys":false,"footnotes":""},"categories":[1584,1390],"tags":[5381,5380,4099,2869,1602,855],"class_list":["post-81004","post","type-post","status-publish","format-standard","has-post-thumbnail","hentry","category-artigos","category-editorias","tag-adoecimento-fisico-e-mental-dos-agentes-de-seguranca-publica","tag-agentes-de-seguranca-publica","tag-delegada-martha-rocha","tag-martha-rocha","tag-rio-de-janeiro","tag-sao-paulo"],"acf":[],"_links":{"self":[{"href":"https:\/\/pdt-rj.org.br\/index.php\/wp-json\/wp\/v2\/posts\/81004","targetHints":{"allow":["GET"]}}],"collection":[{"href":"https:\/\/pdt-rj.org.br\/index.php\/wp-json\/wp\/v2\/posts"}],"about":[{"href":"https:\/\/pdt-rj.org.br\/index.php\/wp-json\/wp\/v2\/types\/post"}],"author":[{"embeddable":true,"href":"https:\/\/pdt-rj.org.br\/index.php\/wp-json\/wp\/v2\/users\/17"}],"replies":[{"embeddable":true,"href":"https:\/\/pdt-rj.org.br\/index.php\/wp-json\/wp\/v2\/comments?post=81004"}],"version-history":[{"count":3,"href":"https:\/\/pdt-rj.org.br\/index.php\/wp-json\/wp\/v2\/posts\/81004\/revisions"}],"predecessor-version":[{"id":83202,"href":"https:\/\/pdt-rj.org.br\/index.php\/wp-json\/wp\/v2\/posts\/81004\/revisions\/83202"}],"wp:featuredmedia":[{"embeddable":true,"href":"https:\/\/pdt-rj.org.br\/index.php\/wp-json\/wp\/v2\/media\/81005"}],"wp:attachment":[{"href":"https:\/\/pdt-rj.org.br\/index.php\/wp-json\/wp\/v2\/media?parent=81004"}],"wp:term":[{"taxonomy":"category","embeddable":true,"href":"https:\/\/pdt-rj.org.br\/index.php\/wp-json\/wp\/v2\/categories?post=81004"},{"taxonomy":"post_tag","embeddable":true,"href":"https:\/\/pdt-rj.org.br\/index.php\/wp-json\/wp\/v2\/tags?post=81004"}],"curies":[{"name":"wp","href":"https:\/\/api.w.org\/{rel}","templated":true}]}}