{"id":80978,"date":"2022-01-08T19:24:56","date_gmt":"2022-01-08T22:24:56","guid":{"rendered":"http:\/\/pdt-rj.org.br\/?p=80978"},"modified":"2022-01-08T19:26:07","modified_gmt":"2022-01-08T22:26:07","slug":"prefeitura-de-cabo-frio-rj-e-fiocruz-estruturam-planejamento-para-acoes-na-saude","status":"publish","type":"post","link":"https:\/\/pdt-rj.org.br\/index.php\/prefeitura-de-cabo-frio-rj-e-fiocruz-estruturam-planejamento-para-acoes-na-saude\/","title":{"rendered":"Prefeitura de Cabo Frio (RJ) e Fiocruz estruturam planejamento para a\u00e7\u00f5es na Sa\u00fade"},"content":{"rendered":"<p class=\"yiv8690074767MsoNormal\"><em><b>Munic\u00edpio gerido pelo PDT estabeleceu coopera\u00e7\u00e3o t\u00e9cnico-cient\u00edfica com \u00f3rg\u00e3o federal em 2021<\/b><\/em><\/p>\n<p class=\"yiv8690074767MsoNormal\">Representantes da Prefeitura de Cabo Frio (RJ) e da Funda\u00e7\u00e3o Oswaldo Cruz (Fiocruz) se reuniram nesta quinta-feira (6) para iniciar o planejamento estrat\u00e9gico das a\u00e7\u00f5es da Sa\u00fade. O encontro contou com a participa\u00e7\u00e3o da secret\u00e1ria de Sa\u00fade, Erika Borges, e da consultora de gest\u00e3o estrat\u00e9gica da Fiocruz, Roseli Monteiro.<\/p>\n<p class=\"yiv8690074767MsoNormal\">Em agosto de 2021, foi firmada uma parceria da administra\u00e7\u00e3o municipal, que \u00e9 liderada pelo prefeito do PDT, Jos\u00e9 Bonif\u00e1cio, com o instituto federal. O acordo assinado institui a coopera\u00e7\u00e3o t\u00e9cnico-cient\u00edfica no desenvolvimento de projetos e atividades no campo da pesquisa, ensino, informa\u00e7\u00e3o e apoio \u00e0 gest\u00e3o.<\/p>\n<p class=\"yiv8690074767MsoNormal\">De acordo com a secret\u00e1ria de Sa\u00fade, o termo de Coopera\u00e7\u00e3o T\u00e9cnica ir\u00e1 contribuir para a implanta\u00e7\u00e3o de a\u00e7\u00f5es efetivas e eficientes no atendimento para a popula\u00e7\u00e3o.<\/p>\n<p class=\"yiv8690074767MsoNormal\">\u201cEstabelecer parcerias com entidades e, contar com apoio, como a Fiocruz \u00e9 um marco para a nossa gest\u00e3o. A Secretaria tem passado por um processo de reorganiza\u00e7\u00e3o e qualifica\u00e7\u00e3o do sistema de governan\u00e7a e tomada de decis\u00e3o, para reestruturar a rede de aten\u00e7\u00e3o \u00e0 sa\u00fade de Cabo Frio. A melhoria da sa\u00fade da cidade come\u00e7a com constru\u00e7\u00e3o de estrat\u00e9gias para qualifica\u00e7\u00e3o da gest\u00e3o e suporte para a estrutura\u00e7\u00e3o de um planejamento estrat\u00e9gico, estabelecendo diretrizes, objetivos, metas, indicadores assistenciais, operacionais e programas para a tomada de decis\u00e3o, gest\u00e3o e qualifica\u00e7\u00e3o dos processos de trabalho\u201d, explica Erika Borges.<\/p>\n<p class=\"yiv8690074767MsoNormal\">O trabalho prev\u00ea reuni\u00f5es para execu\u00e7\u00e3o do Plano Municipal de Sa\u00fade, oficinas que garantam uma base de qualifica\u00e7\u00e3o t\u00e9cnica para profissionais, principalmente para equipes de gest\u00e3o, e produ\u00e7\u00e3o de material t\u00e9cnico. A parceria \u00e9 v\u00e1lida at\u00e9 maio de 2022.<\/p>\n<!-- AddThis Advanced Settings generic via filter on the_content --><!-- AddThis Share Buttons generic via filter on the_content -->","protected":false},"excerpt":{"rendered":"<p>Munic\u00edpio gerido pelo PDT estabeleceu coopera\u00e7\u00e3o t\u00e9cnico-cient\u00edfica com \u00f3rg\u00e3o federal em 2021 Representantes da Prefeitura de Cabo Frio (RJ) e da Funda\u00e7\u00e3o Oswaldo Cruz (Fiocruz) se reuniram nesta quinta-feira (6) para iniciar o planejamento estrat\u00e9gico das a\u00e7\u00f5es da Sa\u00fade. O encontro contou com a participa\u00e7\u00e3o da secret\u00e1ria de Sa\u00fade, Erika Borges, e da consultora de&#8230;<!-- AddThis Advanced Settings generic via filter on wp_trim_excerpt --><!-- AddThis Share Buttons generic via filter on wp_trim_excerpt --><\/p>\n","protected":false},"author":17,"featured_media":80979,"comment_status":"closed","ping_status":"closed","sticky":false,"template":"","format":"standard","meta":{"_monsterinsights_skip_tracking":false,"_monsterinsights_sitenote_active":false,"_monsterinsights_sitenote_note":"","_monsterinsights_sitenote_category":0,"_uf_show_specific_survey":0,"_uf_disable_surveys":false,"footnotes":""},"categories":[1390,1402],"tags":[4129,3715,3936,3068,5378],"class_list":["post-80978","post","type-post","status-publish","format-standard","has-post-thumbnail","hentry","category-editorias","category-cidades","tag-cabo-frio-rj","tag-fiocruz","tag-fundacao-oswaldo-cruz","tag-jose-bonifacio","tag-plano-municipal-de-saude"],"acf":[],"_links":{"self":[{"href":"https:\/\/pdt-rj.org.br\/index.php\/wp-json\/wp\/v2\/posts\/80978","targetHints":{"allow":["GET"]}}],"collection":[{"href":"https:\/\/pdt-rj.org.br\/index.php\/wp-json\/wp\/v2\/posts"}],"about":[{"href":"https:\/\/pdt-rj.org.br\/index.php\/wp-json\/wp\/v2\/types\/post"}],"author":[{"embeddable":true,"href":"https:\/\/pdt-rj.org.br\/index.php\/wp-json\/wp\/v2\/users\/17"}],"replies":[{"embeddable":true,"href":"https:\/\/pdt-rj.org.br\/index.php\/wp-json\/wp\/v2\/comments?post=80978"}],"version-history":[{"count":1,"href":"https:\/\/pdt-rj.org.br\/index.php\/wp-json\/wp\/v2\/posts\/80978\/revisions"}],"predecessor-version":[{"id":80980,"href":"https:\/\/pdt-rj.org.br\/index.php\/wp-json\/wp\/v2\/posts\/80978\/revisions\/80980"}],"wp:featuredmedia":[{"embeddable":true,"href":"https:\/\/pdt-rj.org.br\/index.php\/wp-json\/wp\/v2\/media\/80979"}],"wp:attachment":[{"href":"https:\/\/pdt-rj.org.br\/index.php\/wp-json\/wp\/v2\/media?parent=80978"}],"wp:term":[{"taxonomy":"category","embeddable":true,"href":"https:\/\/pdt-rj.org.br\/index.php\/wp-json\/wp\/v2\/categories?post=80978"},{"taxonomy":"post_tag","embeddable":true,"href":"https:\/\/pdt-rj.org.br\/index.php\/wp-json\/wp\/v2\/tags?post=80978"}],"curies":[{"name":"wp","href":"https:\/\/api.w.org\/{rel}","templated":true}]}}