{"id":80949,"date":"2021-12-31T15:36:02","date_gmt":"2021-12-31T18:36:02","guid":{"rendered":"http:\/\/pdt-rj.org.br\/?p=80949"},"modified":"2022-08-19T10:58:53","modified_gmt":"2022-08-19T13:58:53","slug":"leonel-de-moura-brizola-ano-100","status":"publish","type":"post","link":"https:\/\/pdt-rj.org.br\/index.php\/leonel-de-moura-brizola-ano-100\/","title":{"rendered":"Leonel de Moura Brizola ano 100"},"content":{"rendered":"<p><strong>Consideramos importante fazer o resgate de uma palestra de Brizola, no dia 4 de fevereiro de 2002<\/strong><\/p>\n<p>Nesta virada de 2021 para 2022, ano em que ser\u00e1 celebrado o centen\u00e1rio de nascimento de Leonel Brizola, de Darcy Ribeiro e o bicenten\u00e1rio da independ\u00eancia \u2013 ano de elei\u00e7\u00e3o presidencial em que o pr\u00e9-candidato do PDT \u00e9 o ex-governador e ex-ministro Ciro Gomes \u2013, consideramos importante fazer o resgate de uma palestra de Brizola, no dia 4 de fevereiro de 2002, 13 dias depois que completara 80 anos, para os membros do diret\u00f3rio estadual do PDT-RJ, transmitida para o Brasil em rede radiof\u00f4nica. Nela, Brizola fez longa explana\u00e7\u00e3o sobre o que considerava s\u00edntese do que chamava de seus \u201cpensamentos conclusivos\u201d.<\/p>\n<p>Dias antes, passara praticamente sozinho o seu anivers\u00e1rio na fazenda que tinha no Uruguai (onde viveu a maior parte de seu ex\u00edlio) e vendeu, semanas antes de vir a falecer em junho de 2004. Na reuni\u00e3o com os integrantes do PDT, na sede da Funda\u00e7\u00e3o Pasqualini, Brizola explicou que preferiu ficar s\u00f3 no seu anivers\u00e1rio de 80 anos para refletir sobre sua vida, sobre o Brasil e sua trajet\u00f3ria pol\u00edtica.<\/p>\n<p>A reuni\u00e3o foi aberta por Lupi, que fez quest\u00e3o de ler um documento preparado pelos companheiros do PDT para homenagear Brizola, nos seus 80 anos.<\/p>\n<p>Esta fala hist\u00f3rica de Brizola foi gravada e transcrita; e por sua absoluta atualidade, merece ser lida atentamente por cada pedetista empenhado na luta contra o desgoverno Bolsonaro, que acredita em um futuro melhor para o Brasil com o projeto nacional de desenvolvimento de Ciro Gomes \u2013 continuidade do projeto de Brasil iniciado com Get\u00falio Vargas na Revolu\u00e7\u00e3o de 30; que teve continuidade no governo de Jo\u00e3o Goulart, ceifado pela ditadura militar; e pelo qual Brizola lutou a sua vida inteira: a Era Vargas.<\/p>\n<p>Na reuni\u00e3o de 4 de fevereiro de 2002, Brizola sintetizou a sua luta numa frase, que tamb\u00e9m \u00e9 a s\u00edntese da luta do PDT e da candidatura de Ciro:<\/p>\n<p>\u201cMeu papel [pol\u00edtico] precisa ser \u00fatil. Ser \u00fatil a toda uma pl\u00eaiade de companheiros \u2013 jovens, cheios de energia, com a consci\u00eancia queimando contra tudo isso. E poder ser \u00fatil a eles. Este \u00e9 o meu papel.\u201d<\/p>\n<p>A fala de Brizola, na \u00edntegra, est\u00e1 transcrita abaixo e \u00e9 documento para se ler e guardar.<\/p>\n<p>Mas antes da palestra, ao abrir a reuni\u00e3o do dia 4 de fevereiro de 2002, Lupi fez quest\u00e3o de ler para Brizola um documento elaborado por companheiros do PDT e apresentado naquele mesmo audit\u00f3rio, sede nacional da Funda\u00e7\u00e3o Pasqualini, no dia 22 de janeiro, em reuni\u00e3o em homenagem a seu anivers\u00e1rio.<\/p>\n<p>O texto, intitulado \u201cBrizola, pelo Brasil, pelos brasileiros\u201d, afirmava, entre outros pontos: \u201cLeonel Brizola, em seus vigorosos 80 anos de vida, traz a ousadia de viver para lutar para mudar o Brasil, que tanto ama para v\u00ea-lo como p\u00e1tria livre, soberana, pr\u00f3spera e justa\u201d. Frisava que o fundador do PDT tinha quase seis d\u00e9cadas de vida p\u00fablica \u201cescritas com seriedade, coer\u00eancia, lucidez e coragem\u201d. Abordava a sua inf\u00e2ncia humilde e dif\u00edcil: uma das causa de sua identifica\u00e7\u00e3o com os interesses da maioria dos brasileiros, exclu\u00eddos \u2013 pessoas que o ajudaram a ser na pol\u00edtica \u201cfor\u00e7a progressista contra o atraso, a submiss\u00e3o e a espolia\u00e7\u00e3o\u201d.<\/p>\n<p>O documento o definiu como \u201cdefensor resoluto de reformas estruturais\u201d para o Brasil porque nunca acreditou \u201cem modernismos ou solu\u00e7\u00f5es superficiais ou elitistas\u201d para tirar o pa\u00eds do atraso e da espolia\u00e7\u00e3o.<\/p>\n<p>O texto tamb\u00e9m dizia que Brizola \u201cCompreende, como poucos homens p\u00fablicos, em toda a sua profundidade, a crucial import\u00e2ncia da quest\u00e3o educacional; transformando-se, pelo que fez \u2013 6 mil e 600 escolas no Rio Grande do Sul; e as escolas de tempo integral: 513 CIEPs no Rio de Janeiro \u2013 no primeiro estadista brasileiro da educa\u00e7\u00e3o.\u201d<\/p>\n<p>Ainda foram citados no texto epis\u00f3dios como a Campanha da Legalidade \u201cque provocou a ira dos poderosos e reacion\u00e1rios contr\u00e1rios \u00e0s transforma\u00e7\u00f5es sociais\u201d no pa\u00eds; os 15 anos que amargou no ex\u00edlio; e o fato de ter ganhado e perdido elei\u00e7\u00f5es \u2013 ressaltando, por\u00e9m, que \u201ctodos os mandatos que exerceu tiveram o crivo popular, sempre dignificando os mandatos e fun\u00e7\u00f5es p\u00fablicas que exerceu\u201d.<\/p>\n<p>O texto lembrou que \u201creceios, apatias e omiss\u00f5es nunca fizeram parte de sua obra de vida e que, em 1998, \u201cnum ato de grandeza e ren\u00fancia pessoal\u201d, Brizola contribuiu decididamente para postular uma coaliza\u00e7\u00e3o de for\u00e7as democr\u00e1ticas e populares ao aceitar ser vice-presidente de Lula \u201cna tentativa de romper com o ciclo neoliberal entreguista, explorador e excludente\u201d.<\/p>\n<p>Mas FHC se reelegeu em 98 \u201ce o continu\u00edsmo mostra toda a sua face cruel, arrogante, desumana \u2013 subproduto do modelo privatizante, dependente, perif\u00e9rico, colonial e insustent\u00e1vel\u201d.<\/p>\n<p>O documento lido por Lupi, na v\u00e9spera da elei\u00e7\u00e3o presidencial de 2002, alerta ainda que fracassou o modelo gerenciado por FH\u201d porque \u201cdesmontaram o pa\u00eds, venderam quase tudo, internacionalizaram a economia (&#8230;) colocaram-nos de joelho diante dos grandes interesses internacionais; e perdemos o direito de decidir. Pois, sem soberania, a Na\u00e7\u00e3o deixa de existir. \u201cE a Na\u00e7\u00e3o somos n\u00f3s: o povo brasileiro\u201d.<\/p>\n<p>Na sua conclus\u00e3o, o texto ressalta: \u201cConclamamos ao companheiro Leonel de Moura Brizola para que, com a mesma ousadia de sempre (&#8230;) Seja candidato a Presidente da Rep\u00fablica, com o prop\u00f3sito de transforma\u00e7\u00e3o (&#8230;) Vencer para mudar! Nosso reconhecimento e aplauso aos seus 80 anos de uma luta permanente por uma sociedade mais humana e um mundo mais justo. O Brasil precisa de seu patriotismo, de sua coragem e de sua coer\u00eancia\u201d.<\/p>\n<p>Brizola n\u00e3o foi candidato, mas ap\u00f3s muito trabalho de articula\u00e7\u00e3o, decidiu apoiar a candidatura de Ciro Gomes \u00e0 presid\u00eancia da Rep\u00fablica, com o PDT indicando o vice da chapa de Ciro.<\/p>\n<p><a href=\"http:\/\/pdt-rj.org.br\/wp-content\/uploads\/2021\/12\/31dez2021-brizola-80-anos.docx\">Discurso de Brizola ao completar 80 anos<\/a><\/p>\n<!-- AddThis Advanced Settings generic via filter on the_content --><!-- AddThis Share Buttons generic via filter on the_content -->","protected":false},"excerpt":{"rendered":"<p>Consideramos importante fazer o resgate de uma palestra de Brizola, no dia 4 de fevereiro de 2002 Nesta virada de 2021 para 2022, ano em que ser\u00e1 celebrado o centen\u00e1rio de nascimento de Leonel Brizola, de Darcy Ribeiro e o bicenten\u00e1rio da independ\u00eancia \u2013 ano de elei\u00e7\u00e3o presidencial em que o pr\u00e9-candidato do PDT \u00e9&#8230;<!-- AddThis Advanced Settings generic via filter on wp_trim_excerpt --><!-- AddThis Share Buttons generic via filter on wp_trim_excerpt --><\/p>\n","protected":false},"author":17,"featured_media":80951,"comment_status":"closed","ping_status":"closed","sticky":false,"template":"","format":"standard","meta":{"_monsterinsights_skip_tracking":false,"_monsterinsights_sitenote_active":false,"_monsterinsights_sitenote_note":"","_monsterinsights_sitenote_category":0,"_uf_show_specific_survey":0,"_uf_disable_surveys":false,"footnotes":""},"categories":[1584,1390,975,4549],"tags":[196,1545,220,5372,38,5373],"class_list":["post-80949","post","type-post","status-publish","format-standard","has-post-thumbnail","hentry","category-artigos","category-editorias","category-manchete","category-memoria","tag-carlos-lupi","tag-cieps","tag-ciro-gomes","tag-leonel-de-moura-brizola-ano-100","tag-pdt","tag-reformas-estruturais"],"acf":[],"_links":{"self":[{"href":"https:\/\/pdt-rj.org.br\/index.php\/wp-json\/wp\/v2\/posts\/80949","targetHints":{"allow":["GET"]}}],"collection":[{"href":"https:\/\/pdt-rj.org.br\/index.php\/wp-json\/wp\/v2\/posts"}],"about":[{"href":"https:\/\/pdt-rj.org.br\/index.php\/wp-json\/wp\/v2\/types\/post"}],"author":[{"embeddable":true,"href":"https:\/\/pdt-rj.org.br\/index.php\/wp-json\/wp\/v2\/users\/17"}],"replies":[{"embeddable":true,"href":"https:\/\/pdt-rj.org.br\/index.php\/wp-json\/wp\/v2\/comments?post=80949"}],"version-history":[{"count":6,"href":"https:\/\/pdt-rj.org.br\/index.php\/wp-json\/wp\/v2\/posts\/80949\/revisions"}],"predecessor-version":[{"id":83204,"href":"https:\/\/pdt-rj.org.br\/index.php\/wp-json\/wp\/v2\/posts\/80949\/revisions\/83204"}],"wp:featuredmedia":[{"embeddable":true,"href":"https:\/\/pdt-rj.org.br\/index.php\/wp-json\/wp\/v2\/media\/80951"}],"wp:attachment":[{"href":"https:\/\/pdt-rj.org.br\/index.php\/wp-json\/wp\/v2\/media?parent=80949"}],"wp:term":[{"taxonomy":"category","embeddable":true,"href":"https:\/\/pdt-rj.org.br\/index.php\/wp-json\/wp\/v2\/categories?post=80949"},{"taxonomy":"post_tag","embeddable":true,"href":"https:\/\/pdt-rj.org.br\/index.php\/wp-json\/wp\/v2\/tags?post=80949"}],"curies":[{"name":"wp","href":"https:\/\/api.w.org\/{rel}","templated":true}]}}