{"id":80903,"date":"2021-12-16T18:33:30","date_gmt":"2021-12-16T21:33:30","guid":{"rendered":"http:\/\/pdt-rj.org.br\/?p=80903"},"modified":"2021-12-16T18:33:30","modified_gmt":"2021-12-16T21:33:30","slug":"prefeito-jose-bonifacio-inaugura-nova-sede-da-estrategia-de-saude-da-familia-em-cabo-frio","status":"publish","type":"post","link":"https:\/\/pdt-rj.org.br\/index.php\/prefeito-jose-bonifacio-inaugura-nova-sede-da-estrategia-de-saude-da-familia-em-cabo-frio\/","title":{"rendered":"Prefeito Jos\u00e9 Bonif\u00e1cio inaugura nova sede da Estrat\u00e9gia de Sa\u00fade da Fam\u00edlia em Cabo Frio"},"content":{"rendered":"<p class=\"yiv4018420123MsoNormal\"><em><b>Unidade funcionar\u00e1 em um novo pr\u00e9dio, com mais infraestrutura para atender a popula\u00e7\u00e3o<\/b><\/em><\/p>\n<p class=\"yiv4018420123MsoNormal\">Os bairros Manoel Corr\u00eaa e Jardim Nautilus, em Cabo Frio (RJ), conquistaram um importante avan\u00e7o para todos os moradores. Nesta quarta-feira (15), o prefeito Jos\u00e9 Bonif\u00e1cio (PDT) inaugurou a nova sede da Estrat\u00e9gia de Sa\u00fade da Fam\u00edlia (ESF), espa\u00e7o municipal com mais estrutura para a popula\u00e7\u00e3o e menor custo para os cofres p\u00fablicos.<\/p>\n<p class=\"yiv4018420123MsoNormal\">\u201cHoje, entregamos \u00e0 popula\u00e7\u00e3o dos bairros Manoel Corr\u00eaa, Jardim Nautilus e tamb\u00e9m adjac\u00eancias. como C\u00e9lula Mater e Foguete, as novas instala\u00e7\u00f5es da unidade de Sa\u00fade. A partir de agora, haver\u00e1 melhor atendimento, com foco em oferecer infraestrutura de uma cl\u00ednica com servi\u00e7os multidisciplinares, com todo tipo de especialidades que possam contribuir para qualidade de vida do paciente\u201d, afirmou o prefeito.<\/p>\n<p class=\"yiv4018420123MsoNormal\">A unidade funcionava anteriormente em um im\u00f3vel alugado, e agora passar\u00e1 a ter um pr\u00e9dio pr\u00f3prio na rua Guiana, representar\u00e1 uma economia de R$ 3 mil por m\u00eas, ou R$ 36 mil por ano.<\/p>\n<p class=\"yiv4018420123MsoNormal\">Para 2022, a capacidade de atendimento para sa\u00fade bucal ser\u00e1 dobrada. Tamb\u00e9m haver\u00e1 \u00e1rea para Pr\u00e1ticas Integrativas e Complementares em Sa\u00fade (Pics), quadra para atividades f\u00edsicas e horta comunit\u00e1ria.<\/p>\n<p class=\"yiv4018420123MsoNormal\">\u201cAo assumir a gest\u00e3o no in\u00edcio do ano, identificamos, entre tantas situa\u00e7\u00f5es, que o im\u00f3vel da unidade de sa\u00fade deste bairro era alugado e estava em p\u00e9ssimas condi\u00e7\u00f5es. Qualidade na sa\u00fade p\u00fablica \u00e9 a jun\u00e7\u00e3o de boa estrutura para pacientes e funcion\u00e1rios, com uma equipe multidisciplinar de atendimento. Atualmente, todas as equipes de sa\u00fade da fam\u00edlia do munic\u00edpio possuem m\u00e9dicos. Estamos ampliando o NASF, N\u00facleo Ampliado de Sa\u00fade da Fam\u00edlia, com mais especialidades, tamb\u00e9m estamos implantando terapias complementares, pois sa\u00fade \u00e9 sin\u00f4nimo de qualidade de vida\u201d, afirma o secret\u00e1rio de Sa\u00fade, Felipe Fernandes.<\/p>\n<!-- AddThis Advanced Settings generic via filter on the_content --><!-- AddThis Share Buttons generic via filter on the_content -->","protected":false},"excerpt":{"rendered":"<p>Unidade funcionar\u00e1 em um novo pr\u00e9dio, com mais infraestrutura para atender a popula\u00e7\u00e3o Os bairros Manoel Corr\u00eaa e Jardim Nautilus, em Cabo Frio (RJ), conquistaram um importante avan\u00e7o para todos os moradores. Nesta quarta-feira (15), o prefeito Jos\u00e9 Bonif\u00e1cio (PDT) inaugurou a nova sede da Estrat\u00e9gia de Sa\u00fade da Fam\u00edlia (ESF), espa\u00e7o municipal com mais&#8230;<!-- AddThis Advanced Settings generic via filter on wp_trim_excerpt --><!-- AddThis Share Buttons generic via filter on wp_trim_excerpt --><\/p>\n","protected":false},"author":17,"featured_media":80904,"comment_status":"closed","ping_status":"closed","sticky":false,"template":"","format":"standard","meta":{"_monsterinsights_skip_tracking":false,"_monsterinsights_sitenote_active":false,"_monsterinsights_sitenote_note":"","_monsterinsights_sitenote_category":0,"_uf_show_specific_survey":0,"_uf_disable_surveys":false,"footnotes":""},"categories":[1390],"tags":[4129,3068,5362,5361,857],"class_list":["post-80903","post","type-post","status-publish","format-standard","has-post-thumbnail","hentry","category-editorias","tag-cabo-frio-rj","tag-jose-bonifacio","tag-nasf","tag-nucleo-ampliado-de-saude-da-familia","tag-saude"],"acf":[],"_links":{"self":[{"href":"https:\/\/pdt-rj.org.br\/index.php\/wp-json\/wp\/v2\/posts\/80903","targetHints":{"allow":["GET"]}}],"collection":[{"href":"https:\/\/pdt-rj.org.br\/index.php\/wp-json\/wp\/v2\/posts"}],"about":[{"href":"https:\/\/pdt-rj.org.br\/index.php\/wp-json\/wp\/v2\/types\/post"}],"author":[{"embeddable":true,"href":"https:\/\/pdt-rj.org.br\/index.php\/wp-json\/wp\/v2\/users\/17"}],"replies":[{"embeddable":true,"href":"https:\/\/pdt-rj.org.br\/index.php\/wp-json\/wp\/v2\/comments?post=80903"}],"version-history":[{"count":1,"href":"https:\/\/pdt-rj.org.br\/index.php\/wp-json\/wp\/v2\/posts\/80903\/revisions"}],"predecessor-version":[{"id":80905,"href":"https:\/\/pdt-rj.org.br\/index.php\/wp-json\/wp\/v2\/posts\/80903\/revisions\/80905"}],"wp:featuredmedia":[{"embeddable":true,"href":"https:\/\/pdt-rj.org.br\/index.php\/wp-json\/wp\/v2\/media\/80904"}],"wp:attachment":[{"href":"https:\/\/pdt-rj.org.br\/index.php\/wp-json\/wp\/v2\/media?parent=80903"}],"wp:term":[{"taxonomy":"category","embeddable":true,"href":"https:\/\/pdt-rj.org.br\/index.php\/wp-json\/wp\/v2\/categories?post=80903"},{"taxonomy":"post_tag","embeddable":true,"href":"https:\/\/pdt-rj.org.br\/index.php\/wp-json\/wp\/v2\/tags?post=80903"}],"curies":[{"name":"wp","href":"https:\/\/api.w.org\/{rel}","templated":true}]}}