{"id":80865,"date":"2021-12-13T22:07:21","date_gmt":"2021-12-14T01:07:21","guid":{"rendered":"http:\/\/pdt-rj.org.br\/?p=80865"},"modified":"2021-12-14T01:12:24","modified_gmt":"2021-12-14T04:12:24","slug":"juventude-socialista-realiza-formacao-politica-durante-plenaria-no-rio-de-janeiro","status":"publish","type":"post","link":"https:\/\/pdt-rj.org.br\/index.php\/juventude-socialista-realiza-formacao-politica-durante-plenaria-no-rio-de-janeiro\/","title":{"rendered":"Juventude Socialista realiza forma\u00e7\u00e3o pol\u00edtica durante plen\u00e1ria no Rio de Janeiro"},"content":{"rendered":"<p class=\"yiv3404455196MsoNormal\"><em><b>Historiador pedetista Wendel Pinheiro analisou o legado do Trabalhismo a partir do seu novo livro<\/b><\/em><\/p>\n<p class=\"yiv3404455196MsoNormal\">A Juventude Socialista (JS) do Rio de Janeiro realizou, neste s\u00e1bado (11), uma forma\u00e7\u00e3o pol\u00edtica durante a \u00faltima plen\u00e1ria do movimento do PDT em 2021. No audit\u00f3rio da Funda\u00e7\u00e3o Leonel Brizola \u2013 Alberto Pasqualini (FLB-AP), no Centro da capital, a forma\u00e7\u00e3o foi conduzida pelo historiador e membro do Diret\u00f3rio Nacional do partido, Wendel Pinheiro.<\/p>\n<p class=\"yiv3404455196MsoNormal\">Baseado no seu livro &#8220;Um Tempo Bem Melhor Pra Se Viver&#8221;, que foi lan\u00e7ado nacionalmente no come\u00e7o de dezembro, Pinheiro detalhou o legado do Trabalhismo ao longo das d\u00e9cadas, incluindo os progressos consolidados por l\u00edderes como Get\u00falio Vargas, Jo\u00e3o Goulart e Leonel Brizola.<\/p>\n<p class=\"yiv3404455196MsoNormal\">Na sequ\u00eancia, o presidente estadual da JS, Matheus Novais, promoveu, em conjunto com secret\u00e1rio de Criatividade e Inova\u00e7\u00e3o da FLB-AP e pr\u00e9-candidato a deputado federal, Leonardo Lupi, um debate sobre as conjunturas pol\u00edticas local e nacional, al\u00e9m da contribui\u00e7\u00e3o do movimento nas elei\u00e7\u00f5es de 2022. Entre os destaques, a viabiliza\u00e7\u00e3o de jovens nas nominatas pedetistas e do Projeto Nacional de Desenvolvimento (PND).<\/p>\n<p class=\"yiv3404455196MsoNormal\">&#8220;\u00c9 hora de potencializar o projeto trabalhista. A voz da juventude far\u00e1 a diferen\u00e7a no processo de transforma\u00e7\u00e3o do nosso pa\u00eds, que \u00e9 conduzido pelo nosso pr\u00e9-candidato a presidente da Rep\u00fablica, Ciro Gomes. O PND chegar\u00e1 a cada canto do Brasil\u201d, disse Novais.<\/p>\n<!-- AddThis Advanced Settings generic via filter on the_content --><!-- AddThis Share Buttons generic via filter on the_content -->","protected":false},"excerpt":{"rendered":"<p>Historiador pedetista Wendel Pinheiro analisou o legado do Trabalhismo a partir do seu novo livro A Juventude Socialista (JS) do Rio de Janeiro realizou, neste s\u00e1bado (11), uma forma\u00e7\u00e3o pol\u00edtica durante a \u00faltima plen\u00e1ria do movimento do PDT em 2021. No audit\u00f3rio da Funda\u00e7\u00e3o Leonel Brizola \u2013 Alberto Pasqualini (FLB-AP), no Centro da capital, a&#8230;<!-- AddThis Advanced Settings generic via filter on wp_trim_excerpt --><!-- AddThis Share Buttons generic via filter on wp_trim_excerpt --><\/p>\n","protected":false},"author":17,"featured_media":80866,"comment_status":"closed","ping_status":"closed","sticky":false,"template":"","format":"standard","meta":{"_monsterinsights_skip_tracking":false,"_monsterinsights_sitenote_active":false,"_monsterinsights_sitenote_note":"","_monsterinsights_sitenote_category":0,"_uf_show_specific_survey":0,"_uf_disable_surveys":false,"footnotes":""},"categories":[1390],"tags":[220,426,437,514,5107,565,5095,3969,1541,1602,46,5358,2113],"class_list":["post-80865","post","type-post","status-publish","format-standard","has-post-thumbnail","hentry","category-editorias","tag-ciro-gomes","tag-fundacao-leonel-brizola-alberto-pasqualini","tag-getulio-vargas","tag-joao-goulart","tag-leonardo-lupi","tag-leonel-brizola","tag-matheus-novais","tag-pnd","tag-projeto-nacional-de-desenvolvimento","tag-rio-de-janeiro","tag-trabalhismo","tag-um-tempo-bem-melhor-pra-se-viver","tag-wendel-pinheiro"],"acf":[],"_links":{"self":[{"href":"https:\/\/pdt-rj.org.br\/index.php\/wp-json\/wp\/v2\/posts\/80865","targetHints":{"allow":["GET"]}}],"collection":[{"href":"https:\/\/pdt-rj.org.br\/index.php\/wp-json\/wp\/v2\/posts"}],"about":[{"href":"https:\/\/pdt-rj.org.br\/index.php\/wp-json\/wp\/v2\/types\/post"}],"author":[{"embeddable":true,"href":"https:\/\/pdt-rj.org.br\/index.php\/wp-json\/wp\/v2\/users\/17"}],"replies":[{"embeddable":true,"href":"https:\/\/pdt-rj.org.br\/index.php\/wp-json\/wp\/v2\/comments?post=80865"}],"version-history":[{"count":1,"href":"https:\/\/pdt-rj.org.br\/index.php\/wp-json\/wp\/v2\/posts\/80865\/revisions"}],"predecessor-version":[{"id":80867,"href":"https:\/\/pdt-rj.org.br\/index.php\/wp-json\/wp\/v2\/posts\/80865\/revisions\/80867"}],"wp:featuredmedia":[{"embeddable":true,"href":"https:\/\/pdt-rj.org.br\/index.php\/wp-json\/wp\/v2\/media\/80866"}],"wp:attachment":[{"href":"https:\/\/pdt-rj.org.br\/index.php\/wp-json\/wp\/v2\/media?parent=80865"}],"wp:term":[{"taxonomy":"category","embeddable":true,"href":"https:\/\/pdt-rj.org.br\/index.php\/wp-json\/wp\/v2\/categories?post=80865"},{"taxonomy":"post_tag","embeddable":true,"href":"https:\/\/pdt-rj.org.br\/index.php\/wp-json\/wp\/v2\/tags?post=80865"}],"curies":[{"name":"wp","href":"https:\/\/api.w.org\/{rel}","templated":true}]}}