{"id":80828,"date":"2021-12-08T18:45:02","date_gmt":"2021-12-08T21:45:02","guid":{"rendered":"http:\/\/pdt-rj.org.br\/?p=80828"},"modified":"2022-08-19T11:02:23","modified_gmt":"2022-08-19T14:02:23","slug":"em-tom-de-alerta-wolney-queiroz-repudia-projeto-que-criminaliza-movimentos-sociais","status":"publish","type":"post","link":"https:\/\/pdt-rj.org.br\/index.php\/em-tom-de-alerta-wolney-queiroz-repudia-projeto-que-criminaliza-movimentos-sociais\/","title":{"rendered":"Em tom de alerta, Wolney Queiroz repudia projeto que criminaliza movimentos sociais"},"content":{"rendered":"<p>&#8220;Esse projeto recria uma pol\u00edcia pol\u00edtica, uma verdadeira SS nazista para perseguir e criminalizar movimentos sociais&#8221;<\/p>\n<p>O Governo Federal\u00a0 foi derrotado agora na C\u00e2mara dos Deputados em sua tentativa de aprovar a urg\u00eancia de vota\u00e7\u00e3o ao Projeto de Lei 1595\/19 que regulamenta as a\u00e7\u00f5es estatais para prevenir e reprimir ato terrorista no Brasil. Pelo texto, caber\u00e1 ao presidente da Rep\u00fablica, Jair Bolsonaro, designar a pessoa respons\u00e1vel pela coordena\u00e7\u00e3o dos trabalhos, seja um militar ou um civil.<\/p>\n<p>Para o deputado Wolney Queiroz, l\u00edder do PDT na C\u00e2mara, essa a\u00e7\u00e3o representa mais um grave ataque \u00e0 democracia.<\/p>\n<p>&#8220;Esse projeto recria uma pol\u00edcia pol\u00edtica, uma verdadeira SS nazista para perseguir e criminalizar movimentos sociais e advers\u00e1rios pol\u00edticos ao governo! Um verdadeiro ataque \u00e0 liberdade de express\u00e3o e que o PDT repudia veemente&#8221;, disse.<\/p>\n<p>Confira a \u00edntegra da fala do deputado Wolney Queiroz:<br \/>\n<a href=\"https:\/\/m.facebook.com\/story.php?story_fbid=1516680912021891&amp;id=200496276973701\">https:\/\/m.facebook.com\/story.php?story_fbid=1516680912021891&amp;id=200496276973701<\/a><\/p>\n<!-- AddThis Advanced Settings generic via filter on the_content --><!-- AddThis Share Buttons generic via filter on the_content -->","protected":false},"excerpt":{"rendered":"<p>&#8220;Esse projeto recria uma pol\u00edcia pol\u00edtica, uma verdadeira SS nazista para perseguir e criminalizar movimentos sociais&#8221; O Governo Federal\u00a0 foi derrotado agora na C\u00e2mara dos Deputados em sua tentativa de aprovar a urg\u00eancia de vota\u00e7\u00e3o ao Projeto de Lei 1595\/19 que regulamenta as a\u00e7\u00f5es estatais para prevenir e reprimir ato terrorista no Brasil. Pelo texto,&#8230;<!-- AddThis Advanced Settings generic via filter on wp_trim_excerpt --><!-- AddThis Share Buttons generic via filter on wp_trim_excerpt --><\/p>\n","protected":false},"author":17,"featured_media":80829,"comment_status":"closed","ping_status":"closed","sticky":false,"template":"","format":"standard","meta":{"_monsterinsights_skip_tracking":false,"_monsterinsights_sitenote_active":false,"_monsterinsights_sitenote_note":"","_monsterinsights_sitenote_category":0,"_uf_show_specific_survey":0,"_uf_disable_surveys":false,"footnotes":""},"categories":[1390,1459],"tags":[5365,964],"class_list":["post-80828","post","type-post","status-publish","format-standard","has-post-thumbnail","hentry","category-editorias","category-congresso","tag-projeto-que-criminaliza-movimentos-sociais","tag-wolney-queiroz"],"acf":[],"_links":{"self":[{"href":"https:\/\/pdt-rj.org.br\/index.php\/wp-json\/wp\/v2\/posts\/80828","targetHints":{"allow":["GET"]}}],"collection":[{"href":"https:\/\/pdt-rj.org.br\/index.php\/wp-json\/wp\/v2\/posts"}],"about":[{"href":"https:\/\/pdt-rj.org.br\/index.php\/wp-json\/wp\/v2\/types\/post"}],"author":[{"embeddable":true,"href":"https:\/\/pdt-rj.org.br\/index.php\/wp-json\/wp\/v2\/users\/17"}],"replies":[{"embeddable":true,"href":"https:\/\/pdt-rj.org.br\/index.php\/wp-json\/wp\/v2\/comments?post=80828"}],"version-history":[{"count":5,"href":"https:\/\/pdt-rj.org.br\/index.php\/wp-json\/wp\/v2\/posts\/80828\/revisions"}],"predecessor-version":[{"id":80834,"href":"https:\/\/pdt-rj.org.br\/index.php\/wp-json\/wp\/v2\/posts\/80828\/revisions\/80834"}],"wp:featuredmedia":[{"embeddable":true,"href":"https:\/\/pdt-rj.org.br\/index.php\/wp-json\/wp\/v2\/media\/80829"}],"wp:attachment":[{"href":"https:\/\/pdt-rj.org.br\/index.php\/wp-json\/wp\/v2\/media?parent=80828"}],"wp:term":[{"taxonomy":"category","embeddable":true,"href":"https:\/\/pdt-rj.org.br\/index.php\/wp-json\/wp\/v2\/categories?post=80828"},{"taxonomy":"post_tag","embeddable":true,"href":"https:\/\/pdt-rj.org.br\/index.php\/wp-json\/wp\/v2\/tags?post=80828"}],"curies":[{"name":"wp","href":"https:\/\/api.w.org\/{rel}","templated":true}]}}