{"id":80823,"date":"2021-12-08T17:06:26","date_gmt":"2021-12-08T20:06:26","guid":{"rendered":"http:\/\/pdt-rj.org.br\/?p=80823"},"modified":"2021-12-15T15:00:54","modified_gmt":"2021-12-15T18:00:54","slug":"paulo-ramos-busca-sustar-atos-do-governo-bolsonaro-que-permitem-mineracao-na-amazonia","status":"publish","type":"post","link":"https:\/\/pdt-rj.org.br\/index.php\/paulo-ramos-busca-sustar-atos-do-governo-bolsonaro-que-permitem-mineracao-na-amazonia\/","title":{"rendered":"Paulo Ramos busca sustar atos do governo Bolsonaro que permitem minera\u00e7\u00e3o na Amaz\u00f4nia"},"content":{"rendered":"<p class=\"yiv2494996601MsoNormal\"><em><b>Parlamentar Pedestista alerta para o grave impacto em \u00e1reas de preserva\u00e7\u00e3o ambiental ainda intactas<\/b><\/em><\/p>\n<p class=\"yiv2494996601MsoNormal\">O deputado federal Paulo Ramos (PDT-RJ) apresentou o Projeto de Decreto Legislativo (PDL) 1111\/21 na \u00faltima segunda-feira (6), na C\u00e2mara, para sustar os efeitos dos sete atos do Conselho de Defesa Nacional, autorizados pelo ministro de Seguran\u00e7a Institucional, general Augusto Heleno, para avan\u00e7ar a explora\u00e7\u00e3o de ouro em \u00e1reas da fronteira amaz\u00f4nica.<\/p>\n<p class=\"yiv2494996601MsoNormal\">De acordo com o parlamentar, as autoriza\u00e7\u00f5es permitem a prospec\u00e7\u00e3o de min\u00e9rios em \u00e1reas ainda intocadas da Amaz\u00f4nia e funcionam como incentivo a atividades de garimpo em uma regi\u00e3o, infelizmente, ainda desprovida das condi\u00e7\u00f5es necess\u00e1rias de fiscaliza\u00e7\u00e3o.<\/p>\n<p class=\"yiv2494996601MsoNormal\">Na justificativa da proposta, Ramos cita reportagem do jornal Folha de S\u00e3o Paulo, de 5 de dezembro de 2021, que aponta os \u2018atos\u2019 como os mais graves da quase uma centena de autoriza\u00e7\u00f5es de prospec\u00e7\u00e3o de ouro concedidas nos \u00faltimos anos.<\/p>\n<p class=\"yiv2494996601MsoNormal\">\u201cEsses assentamentos pr\u00e9vios localizam-se pr\u00f3ximos a \u00e1reas de prote\u00e7\u00e3o ou a \u00e1reas ind\u00edgenas, fragilizando o sistema de preserva\u00e7\u00e3o ambiental da \u00e1rea da \u2018Cabe\u00e7a de Cachorro\u2019\u201d, no extremo Norte do pa\u00eds.<\/p>\n<p class=\"yiv2494996601MsoNormal\">Para o pedetista, as a\u00e7\u00f5es bolsonaristas ferem o dispositivo da Constitui\u00e7\u00e3o Federal por exorbitar o poder regulamentar do Poder Executivo.<\/p>\n<p class=\"yiv2494996601MsoNormal\">\u201cO impacto ambiental e social de tais medidas n\u00e3o foi devidamente ponderado, especialmente tendo em vista o contexto de expans\u00e3o de atividades ilegais de garimpo na regi\u00e3o\u201d, declarou.<\/p>\n<!-- AddThis Advanced Settings generic via filter on the_content --><!-- AddThis Share Buttons generic via filter on the_content -->","protected":false},"excerpt":{"rendered":"<p>Parlamentar Pedestista alerta para o grave impacto em \u00e1reas de preserva\u00e7\u00e3o ambiental ainda intactas O deputado federal Paulo Ramos (PDT-RJ) apresentou o Projeto de Decreto Legislativo (PDL) 1111\/21 na \u00faltima segunda-feira (6), na C\u00e2mara, para sustar os efeitos dos sete atos do Conselho de Defesa Nacional, autorizados pelo ministro de Seguran\u00e7a Institucional, general Augusto Heleno,&#8230;<!-- AddThis Advanced Settings generic via filter on wp_trim_excerpt --><!-- AddThis Share Buttons generic via filter on wp_trim_excerpt --><\/p>\n","protected":false},"author":17,"featured_media":80824,"comment_status":"closed","ping_status":"closed","sticky":false,"template":"","format":"standard","meta":{"_monsterinsights_skip_tracking":false,"_monsterinsights_sitenote_active":false,"_monsterinsights_sitenote_note":"","_monsterinsights_sitenote_category":0,"_uf_show_specific_survey":0,"_uf_disable_surveys":false,"footnotes":""},"categories":[1390,1459],"tags":[3241],"class_list":["post-80823","post","type-post","status-publish","format-standard","has-post-thumbnail","hentry","category-editorias","category-congresso","tag-paulo-ramos"],"acf":[],"_links":{"self":[{"href":"https:\/\/pdt-rj.org.br\/index.php\/wp-json\/wp\/v2\/posts\/80823","targetHints":{"allow":["GET"]}}],"collection":[{"href":"https:\/\/pdt-rj.org.br\/index.php\/wp-json\/wp\/v2\/posts"}],"about":[{"href":"https:\/\/pdt-rj.org.br\/index.php\/wp-json\/wp\/v2\/types\/post"}],"author":[{"embeddable":true,"href":"https:\/\/pdt-rj.org.br\/index.php\/wp-json\/wp\/v2\/users\/17"}],"replies":[{"embeddable":true,"href":"https:\/\/pdt-rj.org.br\/index.php\/wp-json\/wp\/v2\/comments?post=80823"}],"version-history":[{"count":2,"href":"https:\/\/pdt-rj.org.br\/index.php\/wp-json\/wp\/v2\/posts\/80823\/revisions"}],"predecessor-version":[{"id":80826,"href":"https:\/\/pdt-rj.org.br\/index.php\/wp-json\/wp\/v2\/posts\/80823\/revisions\/80826"}],"wp:featuredmedia":[{"embeddable":true,"href":"https:\/\/pdt-rj.org.br\/index.php\/wp-json\/wp\/v2\/media\/80824"}],"wp:attachment":[{"href":"https:\/\/pdt-rj.org.br\/index.php\/wp-json\/wp\/v2\/media?parent=80823"}],"wp:term":[{"taxonomy":"category","embeddable":true,"href":"https:\/\/pdt-rj.org.br\/index.php\/wp-json\/wp\/v2\/categories?post=80823"},{"taxonomy":"post_tag","embeddable":true,"href":"https:\/\/pdt-rj.org.br\/index.php\/wp-json\/wp\/v2\/tags?post=80823"}],"curies":[{"name":"wp","href":"https:\/\/api.w.org\/{rel}","templated":true}]}}