{"id":80812,"date":"2021-12-07T15:13:13","date_gmt":"2021-12-07T18:13:13","guid":{"rendered":"http:\/\/pdt-rj.org.br\/?p=80812"},"modified":"2022-04-18T16:08:10","modified_gmt":"2022-04-18T19:08:10","slug":"carlos-lupi-enaltece-projeto-de-ciro-gomes-e-estimula-debate-entre-presidenciaveis","status":"publish","type":"post","link":"https:\/\/pdt-rj.org.br\/index.php\/carlos-lupi-enaltece-projeto-de-ciro-gomes-e-estimula-debate-entre-presidenciaveis\/","title":{"rendered":"Carlos Lupi enaltece projeto de Ciro Gomes e estimula debate entre presidenci\u00e1veis"},"content":{"rendered":"<div class=\"p_R b_2w4l8N I_52qC em_N it_689y X_fq7 N_6LEV iu_FJ is_Z2bg7IA iv_0 iv3_dRA cZdTOHS_28Otf4 j_ZlOSbd message-view\" tabindex=\"40\" data-test-id=\"message-view\" data-test-expanded=\"true\" data-iskeynav=\"true\">\n<div data-test-id=\"message-body-container\">\n<div class=\"I_52qC D_FY W_6D6F\" data-test-id=\"message-view-body\">\n<div class=\"msg-body P_wpofO mq_AS\" data-test-id=\"message-view-body-content\">\n<div class=\"jb_0 X_6MGW N_6Fd5\">\n<div id=\"yiv3982707752\">\n<div dir=\"ltr\">\n<p class=\"yiv3982707752MsoNormal\"><em><b>Pedetista prev\u00ea Jair Bolsonaro fora do segundo turno das elei\u00e7\u00f5es de 2022 pelo aumento da rejei\u00e7\u00e3o<\/b><\/em><\/p>\n<p class=\"yiv3982707752MsoNormal\">\u201cTemos que olhar o Brasil de uma nova maneira\u201d, prop\u00f4s o presidente nacional do PDT, Carlos Lupi, ao qualificar o Projeto Nacional de Desenvolvimento (PND) aprimorado pelo pr\u00e9-candidato pedetista, Ciro Gomes, e estimular o amplo debate de propostas entre os poss\u00edveis presidenci\u00e1veis at\u00e9 2022. Na\u00a0<a href=\"https:\/\/www.youtube.com\/watch?v=nfxfd1e3kt0\" target=\"_blank\" rel=\"nofollow noopener noreferrer\">entrevista<\/a>\u00a0para os jornalistas Lu\u00eds Nassif e Marcelo Auler, da TV GGN, nesta segunda-feira (6), a lideran\u00e7a do partido tamb\u00e9m analisou a viabilidade das op\u00e7\u00f5es at\u00e9 o segundo turno.<\/p>\n<p class=\"yiv3982707752MsoNormal\">\u201cTemos que apresentar um projeto para a na\u00e7\u00e3o e que ela d\u00ea legitimidade para esse processo. E, amanh\u00e3, n\u00f3s possamos dizer que vamos governar com essa proposta. [Eleitores] Escolham parlamentares que acreditem nesse projeto para dar representatividade na implanta\u00e7\u00e3o\u201d, afirmou.<\/p>\n<p class=\"yiv3982707752MsoNormal\">\u201cVamos discutir ideias. O Brasil tem que debater os seus problemas e quais s\u00e3o as solu\u00e7\u00f5es\u201d, completou, com o detalhamento da trajet\u00f3ria de sucesso de Ciro na vida p\u00fablica e garantindo que sua pr\u00e9-candidatura \u00e9 irrevers\u00edvel.<\/p>\n<p class=\"yiv3982707752MsoNormal\">Ao evidenciar a diferen\u00e7a entre os processos eleitorais de 2018 e 2022 e indicando que Lula \u201cj\u00e1 est\u00e1 no teto\u201d, Lupi avaliou que n\u00e3o vingar\u00e1 a repeti\u00e7\u00e3o das manobras bolsonaristas perante a maioria expressiva da popula\u00e7\u00e3o brasileira.<\/p>\n<p class=\"yiv3982707752MsoNormal\">Com uma m\u00e9dia de 65% de rejei\u00e7\u00e3o do atual presidente da Rep\u00fablica, o pedetista prev\u00ea, portanto, a aus\u00eancia de Bolsonaro no segundo turno e a abertura para uma disputa entre Ciro e o petista.<\/p>\n<p class=\"yiv3982707752MsoNormal\">\u201cTudo na campanha do Bolsonaro era falso. A fala de ser um outsider, de fora da pol\u00edtica, mas com seis mandatos consecutivos [de deputado federal]. Um falso moralista, com todo o tipo de alian\u00e7a. Eu n\u00e3o vejo mais oportunidade para isso\u201d, analisou.<\/p>\n<p class=\"yiv3982707752MsoNormal\">Caracterizando o ex-juiz federal e ex-ministro da Justi\u00e7a Sergio Moro como \u201cuma filial da matriz Bolsonaro\u201d, Lupi n\u00e3o acredita na sustenta\u00e7\u00e3o dessa pr\u00e9-candidatura.<\/p>\n<p class=\"yiv3982707752MsoNormal\">\u201cN\u00e3o vejo como ele se manter. Eu quero ver o Moro no debate. N\u00f3s estamos desafiando-o diariamente. Vamos ver o que ele pensa. Uma coisa \u00e9 ficar com aquela capa preta, com caneta, investigando quem quer, combinando com o Minist\u00e9rio P\u00fablico den\u00fancia. Isso tudo \u00e9 relativamente simples. [&#8230;] Quais s\u00e3o os projetos dele para o Brasil?\u201d, disse.<\/p>\n<p class=\"yiv3982707752MsoNormal\"><b>Democracia<\/b><\/p>\n<p class=\"yiv3982707752MsoNormal\">Sobre a uni\u00e3o em torno das causas democr\u00e1ticas e os direitos sociais, Lupi ratifica que esse movimento j\u00e1 \u00e9 traduzido no parlamento, em Bras\u00edlia.<\/p>\n<p class=\"yiv3982707752MsoNormal\">\u201cA nossa luta no Congresso \u00e9 comum. N\u00f3s temos l\u00edderes da oposi\u00e7\u00e3o juntos, tanto na C\u00e2mara, quanto no Senado. [&#8230;] Estamos lutando, \u00e0s vezes ganhando na justi\u00e7a. Essa quest\u00e3o dos precat\u00f3rios foi not\u00f3ria\u201d, comentou.<\/p>\n<p class=\"yiv3982707752MsoNormal\">\u201c\u00c9 o desmonte dos direitos do trabalhador, a destrui\u00e7\u00e3o da Amaz\u00f4nia. A cada dia, \u00e9 uma desgra\u00e7a que vem na m\u00e3o desse profeta da ignor\u00e2ncia\u201d, acrescentou, condenando a atua\u00e7\u00e3o de militares da ativa no governo federal.<\/p>\n<\/div>\n<\/div>\n<\/div>\n<\/div>\n<div class=\"jb_0 X_6MGW N_6Fd5\"><\/div>\n<\/div>\n<\/div>\n<\/div>\n<div class=\"D_F ek_BB r_P P_ZVpSLT I_52qC m_Z14vXdP\" data-test-id=\"quick-reply\">\n<div class=\"D_F en_0 u_b C_Z1TsNWR U_6VdP\" data-test-id=\"quick-reply-button-group\"><\/div>\n<\/div>\n<!-- AddThis Advanced Settings generic via filter on the_content --><!-- AddThis Share Buttons generic via filter on the_content -->","protected":false},"excerpt":{"rendered":"<p>Pedetista prev\u00ea Jair Bolsonaro fora do segundo turno das elei\u00e7\u00f5es de 2022 pelo aumento da rejei\u00e7\u00e3o \u201cTemos que olhar o Brasil de uma nova maneira\u201d, prop\u00f4s o presidente nacional do PDT, Carlos Lupi, ao qualificar o Projeto Nacional de Desenvolvimento (PND) aprimorado pelo pr\u00e9-candidato pedetista, Ciro Gomes, e estimular o amplo debate de propostas entre&#8230;<!-- AddThis Advanced Settings generic via filter on wp_trim_excerpt --><!-- AddThis Share Buttons generic via filter on wp_trim_excerpt --><\/p>\n","protected":false},"author":17,"featured_media":80813,"comment_status":"closed","ping_status":"closed","sticky":false,"template":"","format":"standard","meta":{"_monsterinsights_skip_tracking":false,"_monsterinsights_sitenote_active":false,"_monsterinsights_sitenote_note":"","_monsterinsights_sitenote_category":0,"_uf_show_specific_survey":0,"_uf_disable_surveys":false,"footnotes":""},"categories":[1390,5417,5416,1401],"tags":[196,220,1541],"class_list":["post-80812","post","type-post","status-publish","format-standard","has-post-thumbnail","hentry","category-editorias","category-carlos-lupi","category-ciro-gomes","category-nacional","tag-carlos-lupi","tag-ciro-gomes","tag-projeto-nacional-de-desenvolvimento"],"acf":[],"_links":{"self":[{"href":"https:\/\/pdt-rj.org.br\/index.php\/wp-json\/wp\/v2\/posts\/80812","targetHints":{"allow":["GET"]}}],"collection":[{"href":"https:\/\/pdt-rj.org.br\/index.php\/wp-json\/wp\/v2\/posts"}],"about":[{"href":"https:\/\/pdt-rj.org.br\/index.php\/wp-json\/wp\/v2\/types\/post"}],"author":[{"embeddable":true,"href":"https:\/\/pdt-rj.org.br\/index.php\/wp-json\/wp\/v2\/users\/17"}],"replies":[{"embeddable":true,"href":"https:\/\/pdt-rj.org.br\/index.php\/wp-json\/wp\/v2\/comments?post=80812"}],"version-history":[{"count":1,"href":"https:\/\/pdt-rj.org.br\/index.php\/wp-json\/wp\/v2\/posts\/80812\/revisions"}],"predecessor-version":[{"id":80814,"href":"https:\/\/pdt-rj.org.br\/index.php\/wp-json\/wp\/v2\/posts\/80812\/revisions\/80814"}],"wp:featuredmedia":[{"embeddable":true,"href":"https:\/\/pdt-rj.org.br\/index.php\/wp-json\/wp\/v2\/media\/80813"}],"wp:attachment":[{"href":"https:\/\/pdt-rj.org.br\/index.php\/wp-json\/wp\/v2\/media?parent=80812"}],"wp:term":[{"taxonomy":"category","embeddable":true,"href":"https:\/\/pdt-rj.org.br\/index.php\/wp-json\/wp\/v2\/categories?post=80812"},{"taxonomy":"post_tag","embeddable":true,"href":"https:\/\/pdt-rj.org.br\/index.php\/wp-json\/wp\/v2\/tags?post=80812"}],"curies":[{"name":"wp","href":"https:\/\/api.w.org\/{rel}","templated":true}]}}