{"id":80810,"date":"2021-12-07T15:28:19","date_gmt":"2021-12-07T18:28:19","guid":{"rendered":"http:\/\/pdt-rj.org.br\/?p=80810"},"modified":"2021-12-14T17:43:51","modified_gmt":"2021-12-14T20:43:51","slug":"joao-goulart-45-anos-de-um-crime-contra-o-brasil","status":"publish","type":"post","link":"https:\/\/pdt-rj.org.br\/index.php\/joao-goulart-45-anos-de-um-crime-contra-o-brasil\/","title":{"rendered":"Jo\u00e3o Goulart: 45 anos de um crime contra o Brasil"},"content":{"rendered":"<p>O dia 06 de dezembro, para n\u00f3s trabalhistas, \u00e9 de muita como\u00e7\u00e3o e lembran\u00e7a. H\u00e1 exatos 45 anos, Jo\u00e3o Belchior Marques Goulart, presidente deposto em um golpe civil-militar em 31 de mar\u00e7o de 1964, era envenenado em territ\u00f3rio argentino. Crime covarde, \u201cterrorismo de Estado\u201d. Agress\u00e3o n\u00e3o s\u00f3 contra um homem deposto de seu mandato democr\u00e1tico e exilado, mas contra o povo o qual esse homem assassinado jurou proteger.<\/p>\n<p>O \u201cJango\u201d \u00e9 um dos casos mais emblem\u00e1ticos da nossa hist\u00f3ria. Seus algozes o chamavam de \u201cperigoso comunista\u201d, de \u201cpopulista herdeiro do outro demagogo (Get\u00falio Vargas) e inimigo do Brasil\u201d. Mas o que acho mais interessante dele \u00e9 que, embora os seus inimigos falassem tudo isso dele, ele fez justamente o contr\u00e1rio do que eles diziam. Jango era um patriota, um nacionalista, um amante do di\u00e1logo e da concerta\u00e7\u00e3o, mas muito comprometido com os pobres e com o desenvolvimento do Brasil.<\/p>\n<p>A elite odiava Jo\u00e3o Goulart porque ele n\u00e3o era subserviente ou lacaio dos interesses americanos como ela. Jango entendia que o Brasil n\u00e3o precisava ser como Washington, s\u00f3 precisa ser um pa\u00eds desenvolvido para todos e n\u00e3o s\u00f3 para esta elite que endeusava o \u201cAmerican Way on Life\u201d.<\/p>\n<p>Jo\u00e3o Goulart tinha pleno apoio popular quando Lincoln Gordon \u201cfez a cabe\u00e7a\u201d da UDN, da elite econ\u00f4mica, da m\u00eddia e da \u201cturma da farda\u201d que era necess\u00e1rio derrubar \u201cesse presidente perigoso\u201d. Perigoso por que? Porque deu o aumento de 100% do sal\u00e1rio m\u00ednimo para os trabalhadores? Por que ele assinou o decreto que estabeleceria os princ\u00edpios da Reforma Agr\u00e1ria? Por que ele iria fazer as chamadas \u201cReformas de Base\u201d? Esses eram os medos?<\/p>\n<p>A elite tinha que ficar com muito medo!!<\/p>\n<p>S\u00f3 que tudo o que Jango propunha era pra emancipar o Brasil e seu povo. Era pra fazer o que esta feia e porca elite nunca deixou fazer. Se dependesse deles, ser\u00edamos uma reles col\u00f4nia \u201cyankee\u201d, tipo \u201cThe United States of Brazil\u201d, nada mais nada menos que um \u201cgrande Porto Rico\u201d.<\/p>\n<p>Essa nunca foi a voca\u00e7\u00e3o do Brasil e at\u00e9 hoje o Trabalhismo \u00e9 perseguido porque nunca se curvou ao interesse elitista, tampouco as transnacionais que tanto sugam as nossas riquezas. Por isso quando o nome \u201cJango\u201d vem \u00e0 tona, eles tentam apagar Jo\u00e3o Goulart da nossa hist\u00f3ria.<\/p>\n<p>Jango decidiu n\u00e3o resistir, n\u00e3o provocar uma guerra civil. Mas os seus algozes nunca iriam deixa-lo em paz. Foram tantas tentativas de destrui\u00e7\u00e3o do seu nome, do seu governo, do legado Trabalhista e muitos companheiros tombaram nos por\u00f5es da tortura, muitos tiveram que fugir pra n\u00e3o morrerem pelas m\u00e3os dos algozes.<\/p>\n<p>E Jango foi monitorado, seguido, investigado, sua vida foi devassada e por fim, em 06 de dezembro de 1976, falece num ataque card\u00edaco muito suspeito. \u00c9 quase imposs\u00edvel n\u00e3o dizer que o \u00fanico presidente brasileiro que morreu no ex\u00edlio n\u00e3o tenha sido envenenado de forma covarde pelos agentes da Opera\u00e7\u00e3o Condor. Quarenta e cinco anos de um crime contra o povo brasileiro.<\/p>\n<p>Mataram um homem, mas para desespero de seus assassinos, seu legado est\u00e1 mais vivo do que nunca!<\/p>\n<p>JO\u00c3O GOULART VIVE! VIVA JANGO! VIVA O TRABALHISMO!<\/p>\n<p>*<strong><em>Marcelo Barros \u00e9 membro do Diret\u00f3rio Nacional do PDT<\/em><\/strong><\/p>\n<!-- AddThis Advanced Settings generic via filter on the_content --><!-- AddThis Share Buttons generic via filter on the_content -->","protected":false},"excerpt":{"rendered":"<p>O dia 06 de dezembro, para n\u00f3s trabalhistas, \u00e9 de muita como\u00e7\u00e3o e lembran\u00e7a. H\u00e1 exatos 45 anos, Jo\u00e3o Belchior Marques Goulart, presidente deposto em um golpe civil-militar em 31 de mar\u00e7o de 1964, era envenenado em territ\u00f3rio argentino. Crime covarde, \u201cterrorismo de Estado\u201d. Agress\u00e3o n\u00e3o s\u00f3 contra um homem deposto de seu mandato democr\u00e1tico&#8230;<!-- AddThis Advanced Settings generic via filter on wp_trim_excerpt --><!-- AddThis Share Buttons generic via filter on wp_trim_excerpt --><\/p>\n","protected":false},"author":17,"featured_media":80816,"comment_status":"closed","ping_status":"closed","sticky":false,"template":"","format":"standard","meta":{"_monsterinsights_skip_tracking":false,"_monsterinsights_sitenote_active":false,"_monsterinsights_sitenote_note":"","_monsterinsights_sitenote_category":0,"_uf_show_specific_survey":0,"_uf_disable_surveys":false,"footnotes":""},"categories":[1584,1390],"tags":[22,513,514,1524,2069,46],"class_list":["post-80810","post","type-post","status-publish","format-standard","has-post-thumbnail","hentry","category-artigos","category-editorias","tag-brasil","tag-jango","tag-joao-goulart","tag-reforma-agraria","tag-reformas-de-base","tag-trabalhismo"],"acf":[],"_links":{"self":[{"href":"https:\/\/pdt-rj.org.br\/index.php\/wp-json\/wp\/v2\/posts\/80810","targetHints":{"allow":["GET"]}}],"collection":[{"href":"https:\/\/pdt-rj.org.br\/index.php\/wp-json\/wp\/v2\/posts"}],"about":[{"href":"https:\/\/pdt-rj.org.br\/index.php\/wp-json\/wp\/v2\/types\/post"}],"author":[{"embeddable":true,"href":"https:\/\/pdt-rj.org.br\/index.php\/wp-json\/wp\/v2\/users\/17"}],"replies":[{"embeddable":true,"href":"https:\/\/pdt-rj.org.br\/index.php\/wp-json\/wp\/v2\/comments?post=80810"}],"version-history":[{"count":4,"href":"https:\/\/pdt-rj.org.br\/index.php\/wp-json\/wp\/v2\/posts\/80810\/revisions"}],"predecessor-version":[{"id":80875,"href":"https:\/\/pdt-rj.org.br\/index.php\/wp-json\/wp\/v2\/posts\/80810\/revisions\/80875"}],"wp:featuredmedia":[{"embeddable":true,"href":"https:\/\/pdt-rj.org.br\/index.php\/wp-json\/wp\/v2\/media\/80816"}],"wp:attachment":[{"href":"https:\/\/pdt-rj.org.br\/index.php\/wp-json\/wp\/v2\/media?parent=80810"}],"wp:term":[{"taxonomy":"category","embeddable":true,"href":"https:\/\/pdt-rj.org.br\/index.php\/wp-json\/wp\/v2\/categories?post=80810"},{"taxonomy":"post_tag","embeddable":true,"href":"https:\/\/pdt-rj.org.br\/index.php\/wp-json\/wp\/v2\/tags?post=80810"}],"curies":[{"name":"wp","href":"https:\/\/api.w.org\/{rel}","templated":true}]}}