{"id":80789,"date":"2021-12-02T19:15:02","date_gmt":"2021-12-02T22:15:02","guid":{"rendered":"http:\/\/pdt-rj.org.br\/?p=80789"},"modified":"2021-12-10T18:59:54","modified_gmt":"2021-12-10T21:59:54","slug":"bancada-do-pdt-no-senado-federal-vota-contra-a-pec-dos-precatorios","status":"publish","type":"post","link":"https:\/\/pdt-rj.org.br\/index.php\/bancada-do-pdt-no-senado-federal-vota-contra-a-pec-dos-precatorios\/","title":{"rendered":"Bancada do PDT no Senado Federal vota contra a PEC dos Precat\u00f3rios"},"content":{"rendered":"<p class=\"yiv5769082827MsoNormal\"><em><b>Proposta do governo Bolsonaro \u00e9 considerada inconstitucional e eleitoreira pelo partido trabalhista<\/b><\/em><\/p>\n<p class=\"yiv5769082827MsoNormal\">Nos dois turnos de vota\u00e7\u00e3o da PEC dos Precat\u00f3rios (Proposta de Emenda Constitucional 23\/2021) no Senado Federal, nesta quinta-feira (2), os parlamentares do PDT votaram contra o texto criado pelo governo do presidente da Rep\u00fablica, Jair Bolsonaro. A bancada, formada por Cid Gomes, Weverton Rocha e Acir Gurgacz, ratificou a posi\u00e7\u00e3o do partido trabalhista.<\/p>\n<p class=\"yiv5769082827MsoNormal\">Considerada inconstitucional pelo presidente nacional da sigla, Carlos Lupi, a \u201cPEC do calote\u201d, como ficou tamb\u00e9m conhecida, indica o atraso no pagamento, em 2022, de cerca de R$ 90 bilh\u00f5es em decis\u00f5es judiciais definitivas para justificar o financiamento do Aux\u00edlio Brasil, que substitui o Bolsa Fam\u00edlia. O programa social, segundo pedetistas, poderia ser sustentado por fontes j\u00e1 existentes no Or\u00e7amento da Uni\u00e3o.<\/p>\n<p class=\"yiv5769082827MsoNormal\">\u201cA aprova\u00e7\u00e3o da PEC dos Precat\u00f3rios \u00e9 um cheque em branco para um governo despreparado e corrupto\u201d, disse Lupi, em entrevista \u00e0 CNN Brasil.<\/p>\n<p class=\"yiv5769082827MsoNormal\">Para Cid Gomes, a proposta representa um movimento bolsonarista com foco exclusivo nas elei\u00e7\u00f5es do pr\u00f3ximo ano, pois tenta esconder os efeitos da s\u00e9rie de erros acumulados desde 2018.<\/p>\n<p class=\"yiv5769082827MsoNormal\">\u201cN\u00e3o vamos aceitar que se fa\u00e7a, no ano eleitoral, um programa demag\u00f3gico\u201d, avaliou Cid, no UOL.<\/p>\n<p class=\"yiv5769082827MsoNormal\">Nas redes sociais, o pr\u00e9-candidato pedetista ao Pal\u00e1cio do Planalto, Ciro Gomes, elogiou a posi\u00e7\u00e3o dos representantes da sigla.<\/p>\n<p class=\"yiv5769082827MsoNormal\">\u201cParab\u00e9ns aos valorosos senadores do PDT que votaram contra essa aberra\u00e7\u00e3o da PEC dos Precat\u00f3rios. Uma posi\u00e7\u00e3o firme e acertada\u201d, destacou o ex-ministro da Fazenda.<\/p>\n<p class=\"yiv5769082827MsoNormal\">Em fun\u00e7\u00e3o das altera\u00e7\u00f5es ocorridas durante a tramita\u00e7\u00e3o no Senado, o texto dever\u00e1 retornar \u00e0 C\u00e2mara dos Deputados para nova aprecia\u00e7\u00e3o.<\/p>\n<!-- AddThis Advanced Settings generic via filter on the_content --><!-- AddThis Share Buttons generic via filter on the_content -->","protected":false},"excerpt":{"rendered":"<p>Proposta do governo Bolsonaro \u00e9 considerada inconstitucional e eleitoreira pelo partido trabalhista Nos dois turnos de vota\u00e7\u00e3o da PEC dos Precat\u00f3rios (Proposta de Emenda Constitucional 23\/2021) no Senado Federal, nesta quinta-feira (2), os parlamentares do PDT votaram contra o texto criado pelo governo do presidente da Rep\u00fablica, Jair Bolsonaro. A bancada, formada por Cid Gomes,&#8230;<!-- AddThis Advanced Settings generic via filter on wp_trim_excerpt --><!-- AddThis Share Buttons generic via filter on wp_trim_excerpt --><\/p>\n","protected":false},"author":17,"featured_media":80790,"comment_status":"closed","ping_status":"closed","sticky":false,"template":"","format":"standard","meta":{"_monsterinsights_skip_tracking":false,"_monsterinsights_sitenote_active":false,"_monsterinsights_sitenote_note":"","_monsterinsights_sitenote_category":0,"_uf_show_specific_survey":0,"_uf_disable_surveys":false,"footnotes":""},"categories":[1390,1459],"tags":[211,220,687],"class_list":["post-80789","post","type-post","status-publish","format-standard","has-post-thumbnail","hentry","category-editorias","category-congresso","tag-cid-gomes","tag-ciro-gomes","tag-palacio-do-planalto"],"acf":[],"_links":{"self":[{"href":"https:\/\/pdt-rj.org.br\/index.php\/wp-json\/wp\/v2\/posts\/80789","targetHints":{"allow":["GET"]}}],"collection":[{"href":"https:\/\/pdt-rj.org.br\/index.php\/wp-json\/wp\/v2\/posts"}],"about":[{"href":"https:\/\/pdt-rj.org.br\/index.php\/wp-json\/wp\/v2\/types\/post"}],"author":[{"embeddable":true,"href":"https:\/\/pdt-rj.org.br\/index.php\/wp-json\/wp\/v2\/users\/17"}],"replies":[{"embeddable":true,"href":"https:\/\/pdt-rj.org.br\/index.php\/wp-json\/wp\/v2\/comments?post=80789"}],"version-history":[{"count":1,"href":"https:\/\/pdt-rj.org.br\/index.php\/wp-json\/wp\/v2\/posts\/80789\/revisions"}],"predecessor-version":[{"id":80791,"href":"https:\/\/pdt-rj.org.br\/index.php\/wp-json\/wp\/v2\/posts\/80789\/revisions\/80791"}],"wp:featuredmedia":[{"embeddable":true,"href":"https:\/\/pdt-rj.org.br\/index.php\/wp-json\/wp\/v2\/media\/80790"}],"wp:attachment":[{"href":"https:\/\/pdt-rj.org.br\/index.php\/wp-json\/wp\/v2\/media?parent=80789"}],"wp:term":[{"taxonomy":"category","embeddable":true,"href":"https:\/\/pdt-rj.org.br\/index.php\/wp-json\/wp\/v2\/categories?post=80789"},{"taxonomy":"post_tag","embeddable":true,"href":"https:\/\/pdt-rj.org.br\/index.php\/wp-json\/wp\/v2\/tags?post=80789"}],"curies":[{"name":"wp","href":"https:\/\/api.w.org\/{rel}","templated":true}]}}