{"id":80766,"date":"2021-11-26T15:16:20","date_gmt":"2021-11-26T18:16:20","guid":{"rendered":"http:\/\/pdt-rj.org.br\/?p=80766"},"modified":"2022-08-19T11:05:59","modified_gmt":"2022-08-19T14:05:59","slug":"lupi-projeta-volta-de-todos-os-direitos-trabalhistas-com-ciro-na-presidencia-do-pais","status":"publish","type":"post","link":"https:\/\/pdt-rj.org.br\/index.php\/lupi-projeta-volta-de-todos-os-direitos-trabalhistas-com-ciro-na-presidencia-do-pais\/","title":{"rendered":"Lupi projeta volta de todos os direitos trabalhistas com Ciro na Presid\u00eancia do Pa\u00eds"},"content":{"rendered":"<p class=\"yiv9055309221MsoNormal\"><em><b>Pedetista defende o resgate do Minist\u00e9rio do Trabalho, criado por Vargas em 1930<\/b><\/em><\/p>\n<p class=\"yiv9055309221MsoNormal\">\u201cCom Ciro [Gomes] presidente, vamos voltar com todos os direitos trabalhistas e garantir dignidade para os trabalhadores, que \u00e9 o compromisso da hist\u00f3ria do trabalhismo e do PDT\u201d, afirmou o presidente nacional do partido, Carlos Lupi, nesta sexta-feira (26), ao ratificar a pr\u00e9-candidatura do ex-governador do Cear\u00e1 em\u00a0<a href=\"https:\/\/www.facebook.com\/LupiPDT\/videos\/300675655250841\" target=\"_blank\" rel=\"nofollow noopener noreferrer\">v\u00eddeo<\/a>\u00a0divulgado nas redes sociais. A data marca os 91 anos de cria\u00e7\u00e3o do Minist\u00e9rio do Trabalho pelo ex-presidente da Rep\u00fablica, Get\u00falio Vargas.<\/p>\n<p class=\"yiv9055309221MsoNormal\">\u201cN\u00f3s somos esse partido, que come\u00e7a, l\u00e1 com Get\u00falio em 1930, a op\u00e7\u00e3o pelos trabalhadores, pobres, fracos e oprimidos\u201d, garantiu Lupi, que foi ministro da pasta entre 2007 e 2011, quando o pa\u00eds alcan\u00e7ou o pleno emprego.<\/p>\n<p class=\"yiv9055309221MsoNormal\">Ao considerar a gest\u00e3o varguista marcante e representativa, Lupi embasa seu posicionamento elencando diversas conquistas que precisam ser plenamente restauradas e asseguradas, como a organiza\u00e7\u00e3o de toda a legisla\u00e7\u00e3o trabalhista, que se transformou na Consolida\u00e7\u00e3o das Leis do Trabalho (CLT) <em> e contemplou a implementa\u00e7\u00e3o da carteira de trabalho, do 13\u00ba sal\u00e1rio, das f\u00e9rias remuneradas e da organiza\u00e7\u00e3o sindical.<\/p>\n<p class=\"yiv9055309221MsoNormal\">\u201cContinuamos at\u00e9 hoje lutando pela classe trabalhadora, que \u00e9 a maioria da popula\u00e7\u00e3o, para ter seus direitos reconhecidos, remunera\u00e7\u00e3o digna e, principalmente, direito de trabalhar, que d\u00e1 dignidade e autoestima\u201d, relatou, em refer\u00eancia ao Projeto Nacional de Desenvolvimento (PND), aprimorado por Ciro, desde 2018, para contemplar mudan\u00e7as estruturantes na gest\u00e3o federal.<\/p>\n<p class=\"yiv9055309221MsoNormal\">O enfrentamento pedetista se tornou ainda mais necess\u00e1rio, segundo Lupi, ap\u00f3s o in\u00edcio do governo de Jair Bolsonaro, que colocou em pr\u00e1tica uma pol\u00edtica de subtra\u00e7\u00e3o de direitos a partir da extin\u00e7\u00e3o do minist\u00e9rio, em 2019. Esvaziado, foi recriado no segundo semestre deste ano.<\/p>\n<p class=\"yiv9055309221MsoNormal\">Como consequ\u00eancia, o Brasil acumula recordes anuais de desemprego e de precariza\u00e7\u00e3o da m\u00e3o de obra. Atualmente, 13,2% da popula\u00e7\u00e3o est\u00e1 sem carteira assinada, o que equivale a mais de 14 milh\u00f5es de pessoas. \u00c9, portanto, umas das maiores do mundo, de acordo com o ranking da Ag\u00eancia de Classifica\u00e7\u00e3o de Risco Austin Rating.<\/p>\n<p class=\"yiv9055309221MsoNormal\">\u201cHoje, nesse desgoverno que est\u00e1 a\u00ed, do profeta da ignor\u00e2ncia, vemos a cada dia a destrui\u00e7\u00e3o dos direitos dos trabalhadores. O CAGED [Cadastro Geral de Empregados e Desempregados], que chegou a ser uma refer\u00eancia para a pol\u00edtica econ\u00f4mica e para a bolsa de valores, est\u00e1 completamente destru\u00eddo\u201d, condenou.<\/p>\n<p class=\"yiv9055309221MsoNormal\">\u201cEles colocam, como dado de gera\u00e7\u00e3o, empregos que n\u00e3o t\u00eam 13\u00ba sal\u00e1rio, fundo de garantia e previd\u00eancia. Empregos tempor\u00e1rios prec\u00e1rios\u201d, exemplificou.<\/p>\n<!-- AddThis Advanced Settings generic via filter on the_content --><!-- AddThis Share Buttons generic via filter on the_content -->","protected":false},"excerpt":{"rendered":"<p>Pedetista defende o resgate do Minist\u00e9rio do Trabalho, criado por Vargas em 1930 \u201cCom Ciro [Gomes] presidente, vamos voltar com todos os direitos trabalhistas e garantir dignidade para os trabalhadores, que \u00e9 o compromisso da hist\u00f3ria do trabalhismo e do PDT\u201d, afirmou o presidente nacional do partido, Carlos Lupi, nesta sexta-feira (26), ao ratificar a&#8230;<!-- AddThis Advanced Settings generic via filter on wp_trim_excerpt --><!-- AddThis Share Buttons generic via filter on wp_trim_excerpt --><\/p>\n","protected":false},"author":17,"featured_media":80767,"comment_status":"closed","ping_status":"closed","sticky":false,"template":"","format":"standard","meta":{"_monsterinsights_skip_tracking":false,"_monsterinsights_sitenote_active":false,"_monsterinsights_sitenote_note":"","_monsterinsights_sitenote_category":0,"_uf_show_specific_survey":0,"_uf_disable_surveys":false,"footnotes":""},"categories":[1390],"tags":[1714,5334,22,4914,5333,196,220,247,437,3969,1541,919],"class_list":["post-80766","post","type-post","status-publish","format-standard","has-post-thumbnail","hentry","category-editorias","tag-13o-salario","tag-agencia-de-classificacao-de-risco-austin-rating","tag-brasil","tag-cadastro-geral-de-empregados-e-desempregados","tag-caged","tag-carlos-lupi","tag-ciro-gomes","tag-consolidacao-das-leis-do-trabalho","tag-getulio-vargas","tag-pnd","tag-projeto-nacional-de-desenvolvimento","tag-trabalhadores"],"acf":[],"_links":{"self":[{"href":"https:\/\/pdt-rj.org.br\/index.php\/wp-json\/wp\/v2\/posts\/80766","targetHints":{"allow":["GET"]}}],"collection":[{"href":"https:\/\/pdt-rj.org.br\/index.php\/wp-json\/wp\/v2\/posts"}],"about":[{"href":"https:\/\/pdt-rj.org.br\/index.php\/wp-json\/wp\/v2\/types\/post"}],"author":[{"embeddable":true,"href":"https:\/\/pdt-rj.org.br\/index.php\/wp-json\/wp\/v2\/users\/17"}],"replies":[{"embeddable":true,"href":"https:\/\/pdt-rj.org.br\/index.php\/wp-json\/wp\/v2\/comments?post=80766"}],"version-history":[{"count":2,"href":"https:\/\/pdt-rj.org.br\/index.php\/wp-json\/wp\/v2\/posts\/80766\/revisions"}],"predecessor-version":[{"id":80773,"href":"https:\/\/pdt-rj.org.br\/index.php\/wp-json\/wp\/v2\/posts\/80766\/revisions\/80773"}],"wp:featuredmedia":[{"embeddable":true,"href":"https:\/\/pdt-rj.org.br\/index.php\/wp-json\/wp\/v2\/media\/80767"}],"wp:attachment":[{"href":"https:\/\/pdt-rj.org.br\/index.php\/wp-json\/wp\/v2\/media?parent=80766"}],"wp:term":[{"taxonomy":"category","embeddable":true,"href":"https:\/\/pdt-rj.org.br\/index.php\/wp-json\/wp\/v2\/categories?post=80766"},{"taxonomy":"post_tag","embeddable":true,"href":"https:\/\/pdt-rj.org.br\/index.php\/wp-json\/wp\/v2\/tags?post=80766"}],"curies":[{"name":"wp","href":"https:\/\/api.w.org\/{rel}","templated":true}]}}