{"id":80750,"date":"2021-11-25T14:45:07","date_gmt":"2021-11-25T17:45:07","guid":{"rendered":"http:\/\/pdt-rj.org.br\/?p=80750"},"modified":"2021-11-25T14:45:07","modified_gmt":"2021-11-25T17:45:07","slug":"cabo-frio-rj-zera-internacoes-por-casos-graves-de-covid-19-na-rede-municipal","status":"publish","type":"post","link":"https:\/\/pdt-rj.org.br\/index.php\/cabo-frio-rj-zera-internacoes-por-casos-graves-de-covid-19-na-rede-municipal\/","title":{"rendered":"Cabo Frio (RJ) zera interna\u00e7\u00f5es por casos graves de Covid-19 na rede municipal"},"content":{"rendered":"<p><strong>\u00daltimo paciente foi direcionado para a enfermaria na \u00faltima ter\u00e7a-feira (23)<\/strong><\/p>\n<p>&nbsp;<\/p>\n<p>Pela primeira vez, desde o in\u00edcio da pandemia, a rede p\u00fablica municipal de Sa\u00fade de Cabo Frio, administrada pelo prefeito Jos\u00e9 Bonif\u00e1cio (PDT), zerou o n\u00famero de interna\u00e7\u00f5es por Covid-19 nos leitos de UPG (Unidade de Pacientes Graves). O \u00faltimo paciente internado foi transferido para enfermaria nesta ter\u00e7a-feira (23).<\/p>\n<p>Segundo o secret\u00e1rio de Sa\u00fade, Felipe Fernandes, esse marco \u00e9 resultado do conjunto de medidas implantadas pelo governo municipal para o controle do coronav\u00edrus.<\/p>\n<p>De acordo com ele, o esquema de testagem em massa implementado na cidade possibilitou, em muitos casos, a detec\u00e7\u00e3o precoce da doen\u00e7a, permitindo a antecipa\u00e7\u00e3o dos cuidados necess\u00e1rios e interven\u00e7\u00f5es imediatas de isolamento.<\/p>\n<p>\u201cAt\u00e9 o momento, j\u00e1 realizamos 22.213 testes RT-PCR, destes 9.778 foram detect\u00e1veis. J\u00e1 os testes r\u00e1pidos foram 13.307 exames, sendo 6.095 reagentes. Nossa taxa de casos positivos caiu 24% comparada ao m\u00eas de abril\u201d, explica o secret\u00e1rio de Sa\u00fade, Felipe Fernandes.<\/p>\n<p>Os testes de detec\u00e7\u00e3o do v\u00edrus podem ser feitos nas Unidades B\u00e1sicas de Sa\u00fade (UBS), Estrat\u00e9gia Sa\u00fade da Fam\u00edlia (ESF) e na tenda de triagem na UPA.<\/p>\n<p>Al\u00e9m do monitoramento constante da situa\u00e7\u00e3o epidemiol\u00f3gica do munic\u00edpio realizado pela Secretaria de Sa\u00fade, a melhoria do quadro de interna\u00e7\u00f5es se deve tamb\u00e9m ao avan\u00e7o da vacina\u00e7\u00e3o. A cidade est\u00e1 com 90% da popula\u00e7\u00e3o imunizada com a primeira dose da vacina. Com o ciclo completo de imuniza\u00e7\u00e3o, j\u00e1 s\u00e3o 66% do p\u00fablico alvo determinado pelo Minist\u00e9rio da Sa\u00fade.<\/p>\n<p>Felipe Fernandes ressalta que \u00e9 preciso cumprir o calend\u00e1rio vacinal com todas as doses. Por isso, quem perdeu o prazo para a segunda dose, e quem est\u00e1 no per\u00edodo para a dose de refor\u00e7o, deve comparecer a um dos postos que fazem a imuniza\u00e7\u00e3o.<\/p>\n<p>\u201cA segunda dose \u00e9 muito importante, pois aumenta a prote\u00e7\u00e3o contra a covid-19 e ajuda a prolong\u00e1-la. O estoque de imuniza\u00e7\u00e3o \u00e9 separado em primeira e segunda dose, e as vacinas ficam reservadas. O avan\u00e7o da imuniza\u00e7\u00e3o \u00e9 uma a\u00e7\u00e3o conjunta e conta tamb\u00e9m com cada cidad\u00e3o que se vacina conforme o calend\u00e1rio, tomando todas as doses da vacina\u201d, diz Felipe.<\/p>\n<p>Neste momento, a cidade d\u00e1 continuidade para imuniza\u00e7\u00e3o da segunda dose em pessoas que est\u00e3o no per\u00edodo, ou que perderam o prazo, e aplica\u00e7\u00e3o da dose refor\u00e7o em pessoas com 50 anos ou mais, e profissionais de sa\u00fade que tenham se imunizado com as duas doses h\u00e1 mais de cinco meses na cidade.<\/p>\n<p>Al\u00e9m deste grupo, Cabo Frio segue realizando a repescagem em pessoas acima de 12 anos que ainda n\u00e3o tomaram a primeira dose da vacina. O calend\u00e1rio completo \u00e9 divulgado no site\u00a0<a href=\"https:\/\/www.cabofrio.rj.gov.br\/\" target=\"_blank\" rel=\"nofollow noopener noreferrer\">www.cabofrio.rj.gov.br<\/a>.<\/p>\n<!-- AddThis Advanced Settings generic via filter on the_content --><!-- AddThis Share Buttons generic via filter on the_content -->","protected":false},"excerpt":{"rendered":"<p>\u00daltimo paciente foi direcionado para a enfermaria na \u00faltima ter\u00e7a-feira (23) &nbsp; Pela primeira vez, desde o in\u00edcio da pandemia, a rede p\u00fablica municipal de Sa\u00fade de Cabo Frio, administrada pelo prefeito Jos\u00e9 Bonif\u00e1cio (PDT), zerou o n\u00famero de interna\u00e7\u00f5es por Covid-19 nos leitos de UPG (Unidade de Pacientes Graves). O \u00faltimo paciente internado foi&#8230;<!-- AddThis Advanced Settings generic via filter on wp_trim_excerpt --><!-- AddThis Share Buttons generic via filter on wp_trim_excerpt --><\/p>\n","protected":false},"author":17,"featured_media":80751,"comment_status":"closed","ping_status":"closed","sticky":false,"template":"","format":"standard","meta":{"_monsterinsights_skip_tracking":false,"_monsterinsights_sitenote_active":false,"_monsterinsights_sitenote_note":"","_monsterinsights_sitenote_category":0,"_uf_show_specific_survey":0,"_uf_disable_surveys":false,"footnotes":""},"categories":[1390],"tags":[],"class_list":["post-80750","post","type-post","status-publish","format-standard","has-post-thumbnail","hentry","category-editorias"],"acf":[],"_links":{"self":[{"href":"https:\/\/pdt-rj.org.br\/index.php\/wp-json\/wp\/v2\/posts\/80750","targetHints":{"allow":["GET"]}}],"collection":[{"href":"https:\/\/pdt-rj.org.br\/index.php\/wp-json\/wp\/v2\/posts"}],"about":[{"href":"https:\/\/pdt-rj.org.br\/index.php\/wp-json\/wp\/v2\/types\/post"}],"author":[{"embeddable":true,"href":"https:\/\/pdt-rj.org.br\/index.php\/wp-json\/wp\/v2\/users\/17"}],"replies":[{"embeddable":true,"href":"https:\/\/pdt-rj.org.br\/index.php\/wp-json\/wp\/v2\/comments?post=80750"}],"version-history":[{"count":1,"href":"https:\/\/pdt-rj.org.br\/index.php\/wp-json\/wp\/v2\/posts\/80750\/revisions"}],"predecessor-version":[{"id":80752,"href":"https:\/\/pdt-rj.org.br\/index.php\/wp-json\/wp\/v2\/posts\/80750\/revisions\/80752"}],"wp:featuredmedia":[{"embeddable":true,"href":"https:\/\/pdt-rj.org.br\/index.php\/wp-json\/wp\/v2\/media\/80751"}],"wp:attachment":[{"href":"https:\/\/pdt-rj.org.br\/index.php\/wp-json\/wp\/v2\/media?parent=80750"}],"wp:term":[{"taxonomy":"category","embeddable":true,"href":"https:\/\/pdt-rj.org.br\/index.php\/wp-json\/wp\/v2\/categories?post=80750"},{"taxonomy":"post_tag","embeddable":true,"href":"https:\/\/pdt-rj.org.br\/index.php\/wp-json\/wp\/v2\/tags?post=80750"}],"curies":[{"name":"wp","href":"https:\/\/api.w.org\/{rel}","templated":true}]}}