{"id":80746,"date":"2021-11-24T22:34:24","date_gmt":"2021-11-25T01:34:24","guid":{"rendered":"http:\/\/pdt-rj.org.br\/?p=80746"},"modified":"2021-12-03T23:18:23","modified_gmt":"2021-12-04T02:18:23","slug":"manoel-dias-diz-que-ciro-e-uma-alternativa-transformadora-para-o-brasil","status":"publish","type":"post","link":"https:\/\/pdt-rj.org.br\/index.php\/manoel-dias-diz-que-ciro-e-uma-alternativa-transformadora-para-o-brasil\/","title":{"rendered":"Manoel Dias diz que Ciro \u00e9 uma alternativa \u201ctransformadora\u201d para o Brasil"},"content":{"rendered":"<p class=\"yiv6627997936MsoNormal\"><em><b>Secret\u00e1rio-geral do PDT ressalta viabilidade do projeto trabalhista para combater sistema neoliberal<\/b><\/em><\/p>\n<p class=\"yiv6627997936MsoNormal\">Manoel Dias, secret\u00e1rio-geral nacional do PDT, considera o pr\u00e9-candidato ao Pal\u00e1cio do Planalto, Ciro Gomes, uma alternativa \u201ctransformadora\u201d para o Brasil. \u201cRepresentante trabalhista preparado para libertar o povo brasileiro das mazelas do neoliberalismo\u201d, disse, ao participar no \u00faltimo domingo (21), em Florian\u00f3polis (SC), do relan\u00e7amento do livro \u201cO caminho da Revolu\u00e7\u00e3o Brasileira\u201d, de Moniz Bandeira, promovido pela Juventude Socialista (JS) catarinense.<\/p>\n<p class=\"yiv6627997936MsoNormal\">Ao citar os ex-presidentes da Rep\u00fablica Get\u00falio Vargas e Jo\u00e3o Goulart (Jango), al\u00e9m do ex-governador do Rio de Janeiro e Rio Grande do Sul, Leonel Brizola, Dias ratificou que o Trabalhismo viabilizou progressos estruturantes ao longo dos \u00faltimos 100 anos. E agora, atrav\u00e9s do PDT, oferece um plano de governo vi\u00e1vel e que prioriza as camadas mais vulner\u00e1veis da sociedade e contraria o atual modelo econ\u00f4mico.<\/p>\n<p class=\"yiv6627997936MsoNormal\">\u201cCiro desponta como uma voz que contesta o sistema financeiro. Com um Projeto Nacional de Desenvolvimento repleto de alternativas transformadoras, o Brasil voltar\u00e1 a buscar a justi\u00e7a social ao passo que estimular\u00e1 a retomada econ\u00f4mica. Capital e trabalho podem andar harmonicamente na mesma dire\u00e7\u00e3o\u201d, destacou o pedetista, que tamb\u00e9m preside o partido no estado e a Funda\u00e7\u00e3o Leonel Brizola Alberto Pasqualini (FLB-AP).<\/p>\n<p class=\"yiv6627997936MsoNormal\">Exaltando a presen\u00e7a de Nildo Ouriques, presidente do Instituto de Estudos Latino-Americanos (IELA) e professor da Universidade Federal de Santa Catarina (UFSC), a presidente estadual da JS, Luana Morales, fez uma an\u00e1lise hist\u00f3rica dando \u00eanfase ao impacto negativo da deposi\u00e7\u00e3o de Jango pelas For\u00e7as Armadas, em 1964.<\/p>\n<p class=\"yiv6627997936MsoNormal\">&#8220;Essa obra de Moniz foi escrita em 1962, antes do golpe militar de 64, onde as contradi\u00e7\u00f5es do capitalismo estavam t\u00e3o acirradas que o debate sobre a revolu\u00e7\u00e3o era latente e inevit\u00e1vel. A ditadura militar precisou de 21 anos para sufocar a consci\u00eancia de classe, que efervescia nos movimentos populares e, at\u00e9 hoje, precisa se autointitular de Revolu\u00e7\u00e3o de 1964 para mascarar a hist\u00f3ria\u201d, disse.<\/p>\n<p class=\"yiv6627997936MsoNormal\">\u201cHoje, na dram\u00e1tica conjuntura brasileira, o capitalismo rent\u00edstico tem demonstrado a sua face mais cruel. Por isso, debates como este s\u00e3o necess\u00e1rios para fomentar a liberta\u00e7\u00e3o das amarras do imperialismo&#8221;, finalizou.<\/p>\n<!-- AddThis Advanced Settings generic via filter on the_content --><!-- AddThis Share Buttons generic via filter on the_content -->","protected":false},"excerpt":{"rendered":"<p>Secret\u00e1rio-geral do PDT ressalta viabilidade do projeto trabalhista para combater sistema neoliberal Manoel Dias, secret\u00e1rio-geral nacional do PDT, considera o pr\u00e9-candidato ao Pal\u00e1cio do Planalto, Ciro Gomes, uma alternativa \u201ctransformadora\u201d para o Brasil. \u201cRepresentante trabalhista preparado para libertar o povo brasileiro das mazelas do neoliberalismo\u201d, disse, ao participar no \u00faltimo domingo (21), em Florian\u00f3polis (SC),&#8230;<!-- AddThis Advanced Settings generic via filter on wp_trim_excerpt --><!-- AddThis Share Buttons generic via filter on wp_trim_excerpt --><\/p>\n","protected":false},"author":17,"featured_media":80747,"comment_status":"closed","ping_status":"closed","sticky":false,"template":"","format":"standard","meta":{"_monsterinsights_skip_tracking":false,"_monsterinsights_sitenote_active":false,"_monsterinsights_sitenote_note":"","_monsterinsights_sitenote_category":0,"_uf_show_specific_survey":0,"_uf_disable_surveys":false,"footnotes":""},"categories":[1390,3328,976],"tags":[4117,426,565,591,1602,833],"class_list":["post-80746","post","type-post","status-publish","format-standard","has-post-thumbnail","hentry","category-editorias","category-flb-ap","category-noticias-em-destaque","tag-florianopolis-sc","tag-fundacao-leonel-brizola-alberto-pasqualini","tag-leonel-brizola","tag-manoel-dias","tag-rio-de-janeiro","tag-rio-grande-do-sul"],"acf":[],"_links":{"self":[{"href":"https:\/\/pdt-rj.org.br\/index.php\/wp-json\/wp\/v2\/posts\/80746","targetHints":{"allow":["GET"]}}],"collection":[{"href":"https:\/\/pdt-rj.org.br\/index.php\/wp-json\/wp\/v2\/posts"}],"about":[{"href":"https:\/\/pdt-rj.org.br\/index.php\/wp-json\/wp\/v2\/types\/post"}],"author":[{"embeddable":true,"href":"https:\/\/pdt-rj.org.br\/index.php\/wp-json\/wp\/v2\/users\/17"}],"replies":[{"embeddable":true,"href":"https:\/\/pdt-rj.org.br\/index.php\/wp-json\/wp\/v2\/comments?post=80746"}],"version-history":[{"count":2,"href":"https:\/\/pdt-rj.org.br\/index.php\/wp-json\/wp\/v2\/posts\/80746\/revisions"}],"predecessor-version":[{"id":80765,"href":"https:\/\/pdt-rj.org.br\/index.php\/wp-json\/wp\/v2\/posts\/80746\/revisions\/80765"}],"wp:featuredmedia":[{"embeddable":true,"href":"https:\/\/pdt-rj.org.br\/index.php\/wp-json\/wp\/v2\/media\/80747"}],"wp:attachment":[{"href":"https:\/\/pdt-rj.org.br\/index.php\/wp-json\/wp\/v2\/media?parent=80746"}],"wp:term":[{"taxonomy":"category","embeddable":true,"href":"https:\/\/pdt-rj.org.br\/index.php\/wp-json\/wp\/v2\/categories?post=80746"},{"taxonomy":"post_tag","embeddable":true,"href":"https:\/\/pdt-rj.org.br\/index.php\/wp-json\/wp\/v2\/tags?post=80746"}],"curies":[{"name":"wp","href":"https:\/\/api.w.org\/{rel}","templated":true}]}}