{"id":80742,"date":"2021-11-24T22:16:52","date_gmt":"2021-11-25T01:16:52","guid":{"rendered":"http:\/\/pdt-rj.org.br\/?p=80742"},"modified":"2022-08-19T11:06:08","modified_gmt":"2022-08-19T14:06:08","slug":"lupi-destaca-potencial-do-projeto-do-pdt-e-evidencia-diferenciais-de-ciro","status":"publish","type":"post","link":"https:\/\/pdt-rj.org.br\/index.php\/lupi-destaca-potencial-do-projeto-do-pdt-e-evidencia-diferenciais-de-ciro\/","title":{"rendered":"Lupi destaca potencial do projeto do PDT e evidencia diferenciais de Ciro"},"content":{"rendered":"<p class=\"yiv8078868886MsoNormal\"><em><b>Na CNN, presidente nacional do partido cobrou mudan\u00e7as no modelo econ\u00f4mico para gerar progresso social<\/b><\/em><\/p>\n<p class=\"yiv8078868886MsoNormal\">O presidente nacional do PDT, Carlos Lupi, destacou na CNN Brasil, nesta ter\u00e7a-feira (23), o potencial e abrang\u00eancia do Projeto Nacional de Desenvolvimento (PND), que \u00e9 balizado nos ideais do Trabalhismo e estrutura a pr\u00e9-candidatura pedetista de Ciro Gomes ao Pal\u00e1cio do Planalto. Transmitido ao vivo, o programa \u201cO Grande Debate\u201d contou com a participa\u00e7\u00e3o do senador Oriovisto Guimar\u00e3es (Podemos-PR).<\/p>\n<p class=\"yiv8078868886MsoNormal\">\u201c\u00c9 um projeto do PDT, partido que tem 41 anos de exist\u00eancia, fundado por Leonel Brizola e origem trabalhista na defesa dos direitos do trabalhador e da concilia\u00e7\u00e3o entre capital e trabalho. N\u00e3o \u00e9 s\u00f3 um nome, mas um projeto para que a popula\u00e7\u00e3o julgue\u201d, afirmou.<\/p>\n<p class=\"yiv8078868886MsoNormal\">\u201cTem come\u00e7o, meio e fim para todos os setores essenciais. E que marca uma diferen\u00e7a fundamental: o modelo econ\u00f4mico. Queremos tocar na ferida da sociedade moderna, que \u00e9 a acumula\u00e7\u00e3o de renda nas m\u00e3os de meia d\u00fazia, enquanto a grande maioria, que produz e trabalha, est\u00e1 praticamente afastada do processo do lucro brasileiro\u201d, acrescentou, condenando a concentra\u00e7\u00e3o dos conglomerados financeiros e o impacto da d\u00edvida externa, al\u00e9m de defender a taxa\u00e7\u00e3o das grandes fortunas.<\/p>\n<p class=\"yiv8078868886MsoNormal\">Ao refutar a polariza\u00e7\u00e3o no pleito do pr\u00f3ximo ano, o pedetista detalhou, na sequ\u00eancia, a trajet\u00f3ria de Ciro para refor\u00e7ar sua capacidade de liderar a implementa\u00e7\u00e3o de medidas que viabilizem a retomada do progresso socialmente respons\u00e1vel.<\/p>\n<p class=\"yiv8078868886MsoNormal\">\u201cVamos apostar na intelig\u00eancia do povo. Por que deixar o brasileiro em um ringue cercado e dizendo que s\u00f3 tem duas op\u00e7\u00f5es? N\u00e3o tem n\u00e3o. N\u00f3s queremos ter o direito de colocar para a sociedade o que pensamos\u201d, disse.<\/p>\n<p class=\"yiv8078868886MsoNormal\">\u201cN\u00f3s temos que eleger algu\u00e9m que tenha experi\u00eancia e compet\u00eancia comprovada para dirigir uma na\u00e7\u00e3o continental. [&#8230;] O Ciro, tendo sido prefeito de Fortaleza, governador do Cear\u00e1, ministro da Fazenda e da Integra\u00e7\u00e3o Nacional, ele adquiriu uma experi\u00eancia que lhe d\u00e1 condi\u00e7\u00e3o de colocar um projeto para o Brasil. N\u00f3s estamos defendendo isso desde a elei\u00e7\u00e3o de 2018\u201d, salientou.<\/p>\n<p class=\"yiv8078868886MsoNormal\">Sobre a entrada de Sergio Moro, ex-juiz federal e ex-ministro do presidente Jair Bolsonaro, na corrida presidencial, Lupi entende que seu curr\u00edculo n\u00e3o re\u00fane plenas credenciais para as devidas exig\u00eancias do cargo de chefe da Uni\u00e3o.<\/p>\n<p class=\"yiv8078868886MsoNormal\">\u201cCurr\u00edculo de juiz? \u00c9 para o Supremo Tribunal Federal, n\u00e3o para ser candidato a presidente da Rep\u00fablica. Dizer que fez uma a\u00e7\u00e3o dura de pris\u00e3o? \u00c9 o papel do juiz, mas muitas delas suspensas pelo pr\u00f3prio Supremo. Ent\u00e3o n\u00e3o vejo qual experi\u00eancia que ele pode trazer. Dizer que \u00e9 honesto n\u00e3o \u00e9 vantagem de ningu\u00e9m, \u00e9 dever\u201d, analisou.<\/p>\n<p class=\"yiv8078868886MsoNormal\">\u201cUm homem que dizia que era apol\u00edtico, que estava cuidando da Justi\u00e7a com zelo, com honestidade, foi derrotado pelo Supremo, que desautorizou praticamente todas as suas a\u00e7\u00f5es. Depois de ter julgado, foi ser ministro do Bolsonaro\u201d, criticou.<\/p>\n<p class=\"yiv8078868886MsoNormal\">Confira \u00edntegra da entrevista:<\/p>\n<p class=\"yiv8078868886MsoNormal\"><a href=\"https:\/\/www.youtube.com\/watch?v=tKjXmE68VOU\" target=\"_blank\" rel=\"nofollow noopener noreferrer\">https:\/\/www.youtube.com\/watch?v=tKjXmE68VOU<\/a><\/p>\n<!-- AddThis Advanced Settings generic via filter on the_content --><!-- AddThis Share Buttons generic via filter on the_content -->","protected":false},"excerpt":{"rendered":"<p>Na CNN, presidente nacional do partido cobrou mudan\u00e7as no modelo econ\u00f4mico para gerar progresso social O presidente nacional do PDT, Carlos Lupi, destacou na CNN Brasil, nesta ter\u00e7a-feira (23), o potencial e abrang\u00eancia do Projeto Nacional de Desenvolvimento (PND), que \u00e9 balizado nos ideais do Trabalhismo e estrutura a pr\u00e9-candidatura pedetista de Ciro Gomes ao&#8230;<!-- AddThis Advanced Settings generic via filter on wp_trim_excerpt --><!-- AddThis Share Buttons generic via filter on wp_trim_excerpt --><\/p>\n","protected":false},"author":17,"featured_media":80743,"comment_status":"closed","ping_status":"closed","sticky":false,"template":"","format":"standard","meta":{"_monsterinsights_skip_tracking":false,"_monsterinsights_sitenote_active":false,"_monsterinsights_sitenote_note":"","_monsterinsights_sitenote_category":0,"_uf_show_specific_survey":0,"_uf_disable_surveys":false,"footnotes":""},"categories":[1390],"tags":[196,220,5332],"class_list":["post-80742","post","type-post","status-publish","format-standard","has-post-thumbnail","hentry","category-editorias","tag-carlos-lupi","tag-ciro-gomes","tag-mudancas-no-modelo-economico"],"acf":[],"_links":{"self":[{"href":"https:\/\/pdt-rj.org.br\/index.php\/wp-json\/wp\/v2\/posts\/80742","targetHints":{"allow":["GET"]}}],"collection":[{"href":"https:\/\/pdt-rj.org.br\/index.php\/wp-json\/wp\/v2\/posts"}],"about":[{"href":"https:\/\/pdt-rj.org.br\/index.php\/wp-json\/wp\/v2\/types\/post"}],"author":[{"embeddable":true,"href":"https:\/\/pdt-rj.org.br\/index.php\/wp-json\/wp\/v2\/users\/17"}],"replies":[{"embeddable":true,"href":"https:\/\/pdt-rj.org.br\/index.php\/wp-json\/wp\/v2\/comments?post=80742"}],"version-history":[{"count":2,"href":"https:\/\/pdt-rj.org.br\/index.php\/wp-json\/wp\/v2\/posts\/80742\/revisions"}],"predecessor-version":[{"id":80745,"href":"https:\/\/pdt-rj.org.br\/index.php\/wp-json\/wp\/v2\/posts\/80742\/revisions\/80745"}],"wp:featuredmedia":[{"embeddable":true,"href":"https:\/\/pdt-rj.org.br\/index.php\/wp-json\/wp\/v2\/media\/80743"}],"wp:attachment":[{"href":"https:\/\/pdt-rj.org.br\/index.php\/wp-json\/wp\/v2\/media?parent=80742"}],"wp:term":[{"taxonomy":"category","embeddable":true,"href":"https:\/\/pdt-rj.org.br\/index.php\/wp-json\/wp\/v2\/categories?post=80742"},{"taxonomy":"post_tag","embeddable":true,"href":"https:\/\/pdt-rj.org.br\/index.php\/wp-json\/wp\/v2\/tags?post=80742"}],"curies":[{"name":"wp","href":"https:\/\/api.w.org\/{rel}","templated":true}]}}