{"id":80661,"date":"2021-11-12T23:06:28","date_gmt":"2021-11-13T02:06:28","guid":{"rendered":"http:\/\/pdt-rj.org.br\/?p=80661"},"modified":"2021-11-12T23:06:28","modified_gmt":"2021-11-13T02:06:28","slug":"ecotrabalhismo-e-juventude-socialista-lancam-cartilha-educacao-ambiental-trabalhista","status":"publish","type":"post","link":"https:\/\/pdt-rj.org.br\/index.php\/ecotrabalhismo-e-juventude-socialista-lancam-cartilha-educacao-ambiental-trabalhista\/","title":{"rendered":"Ecotrabalhismo e Juventude Socialista lan\u00e7am cartilha \u201cEduca\u00e7\u00e3o Ambiental Trabalhista\u201d"},"content":{"rendered":"<p class=\"yiv4367421009MsoNormal\"><em><strong>No RJ, movimentos do PDT apresentam princ\u00edpios, rotinas e an\u00e1lises diante das realidades do pa\u00eds<\/strong><\/em><\/p>\n<p class=\"yiv4367421009MsoNormal\">Os movimentos Ecotrabalhismo e Juventude Socialista (JS) do PDT do Rio de Janeiro lan\u00e7aram, nesta quinta-feira (12), a cartilha \u201cEduca\u00e7\u00e3o Ambiental Trabalhista\u201d, que aborda princ\u00edpios, rotinas e an\u00e1lises a partir das realidades existentes nos munic\u00edpios fluminenses.<\/p>\n<p class=\"yiv4367421009MsoNormal\">Em destaque, o documento aponta os \u201cimpactos ambientais gerados pelo homem\u201d, valoriza a educa\u00e7\u00e3o ambiental e tamb\u00e9m lista 12 a\u00e7\u00f5es que \u201cpodem mudar o mundo\u201d, como o est\u00edmulo \u00e0 reciclagem; compostagem; consumo consciente; doa\u00e7\u00e3o; economia de energia, \u00e1gua e papel, al\u00e9m da escolha de produtos oriundos de empresas ecologicamente respons\u00e1veis.<\/p>\n<p class=\"yiv4367421009MsoNormal\">Ao mencionar o protagonismo do fundador e presidente de honra do PDT, Leonel Brizola, que refor\u00e7ou o meio ambiente como pauta priorit\u00e1ria para o trabalhismo, o presidente nacional do partido, Carlos Lupi, abordou o compromisso com o progresso ecol\u00f3gico nacional, que sofre ataques diretos do bolsonarismo.<\/p>\n<p class=\"yiv4367421009MsoNormal\">\u201cEm tempos de governo Bolsonaro, nosso movimento, hoje comandado [nacionalmente] por Ivana Groff, tornou-se ainda mais fundamental para discutir e apresentar propostas, assessorando nossos quadros Brasil afora\u201d, disse, ao completar: \u201cNo que depender do Ecotrabalhismo, n\u00e3o haver\u00e1, em nenhum momento, o \u2018passamento da boiada\u2019 e o recuo de garantias ambientais.\u201d<\/p>\n<p class=\"yiv4367421009MsoNormal\">Com o apoio da Funda\u00e7\u00e3o Leonel Brizola \u2013 Alberto Pasqualini (FLB-AP) estadual, enfatizado no artigo do diretor de Projetos, Leonardo Lupi, a a\u00e7\u00e3o integrada pedetista almeja expandir a intera\u00e7\u00e3o entre todos os elos da sociedade, em conson\u00e2ncia com a tend\u00eancia mundial.<\/p>\n<p class=\"yiv4367421009MsoNormal\">\u201cCom o lan\u00e7amento da cartilha, n\u00f3s poderemos ampliar um engajamento que j\u00e1 vem sendo feito em todo mundo e precisa evoluir, com urg\u00eancia, no nosso Brasil. O ambientalismo \u00e9 fundamental para o entendimento das demandas que mais afligem o nosso povo e pa\u00eds. Ser\u00e1 atrav\u00e9s do di\u00e1logo maduro que poderemos propor alternativas e sa\u00eddas para o desastre em curso\u201d, avaliou o presidente estadual da Juventude, Matheus Novais.<\/p>\n<p class=\"yiv4367421009MsoNormal\">\u201cVamos debater com ambientalistas e simpatizantes o papel do trabalhismo em um futuro mais sustent\u00e1vel. Estamos vivendo um apag\u00e3o ambiental no governo brasileiro e Bolsonaro \u00e9 um fiasco. Por isso, precisamos apresentar as alternativas do desenvolvimento verde para a popula\u00e7\u00e3o. Esta cartilha \u00e9 um passo essencial para acolher novos pensamentos\u201d, completou o presidente estadual do Ecotrabalhismo, Luis Moreira.<\/p>\n<!-- AddThis Advanced Settings generic via filter on the_content --><!-- AddThis Share Buttons generic via filter on the_content -->","protected":false},"excerpt":{"rendered":"<p>No RJ, movimentos do PDT apresentam princ\u00edpios, rotinas e an\u00e1lises diante das realidades do pa\u00eds Os movimentos Ecotrabalhismo e Juventude Socialista (JS) do PDT do Rio de Janeiro lan\u00e7aram, nesta quinta-feira (12), a cartilha \u201cEduca\u00e7\u00e3o Ambiental Trabalhista\u201d, que aborda princ\u00edpios, rotinas e an\u00e1lises a partir das realidades existentes nos munic\u00edpios fluminenses. Em destaque, o documento&#8230;<!-- AddThis Advanced Settings generic via filter on wp_trim_excerpt --><!-- AddThis Share Buttons generic via filter on wp_trim_excerpt --><\/p>\n","protected":false},"author":17,"featured_media":80662,"comment_status":"closed","ping_status":"closed","sticky":false,"template":"","format":"standard","meta":{"_monsterinsights_skip_tracking":false,"_monsterinsights_sitenote_active":false,"_monsterinsights_sitenote_note":"","_monsterinsights_sitenote_category":0,"_uf_show_specific_survey":0,"_uf_disable_surveys":false,"footnotes":""},"categories":[1390],"tags":[],"class_list":["post-80661","post","type-post","status-publish","format-standard","has-post-thumbnail","hentry","category-editorias"],"acf":[],"_links":{"self":[{"href":"https:\/\/pdt-rj.org.br\/index.php\/wp-json\/wp\/v2\/posts\/80661","targetHints":{"allow":["GET"]}}],"collection":[{"href":"https:\/\/pdt-rj.org.br\/index.php\/wp-json\/wp\/v2\/posts"}],"about":[{"href":"https:\/\/pdt-rj.org.br\/index.php\/wp-json\/wp\/v2\/types\/post"}],"author":[{"embeddable":true,"href":"https:\/\/pdt-rj.org.br\/index.php\/wp-json\/wp\/v2\/users\/17"}],"replies":[{"embeddable":true,"href":"https:\/\/pdt-rj.org.br\/index.php\/wp-json\/wp\/v2\/comments?post=80661"}],"version-history":[{"count":1,"href":"https:\/\/pdt-rj.org.br\/index.php\/wp-json\/wp\/v2\/posts\/80661\/revisions"}],"predecessor-version":[{"id":80663,"href":"https:\/\/pdt-rj.org.br\/index.php\/wp-json\/wp\/v2\/posts\/80661\/revisions\/80663"}],"wp:featuredmedia":[{"embeddable":true,"href":"https:\/\/pdt-rj.org.br\/index.php\/wp-json\/wp\/v2\/media\/80662"}],"wp:attachment":[{"href":"https:\/\/pdt-rj.org.br\/index.php\/wp-json\/wp\/v2\/media?parent=80661"}],"wp:term":[{"taxonomy":"category","embeddable":true,"href":"https:\/\/pdt-rj.org.br\/index.php\/wp-json\/wp\/v2\/categories?post=80661"},{"taxonomy":"post_tag","embeddable":true,"href":"https:\/\/pdt-rj.org.br\/index.php\/wp-json\/wp\/v2\/tags?post=80661"}],"curies":[{"name":"wp","href":"https:\/\/api.w.org\/{rel}","templated":true}]}}