{"id":80655,"date":"2021-11-12T22:45:05","date_gmt":"2021-11-13T01:45:05","guid":{"rendered":"http:\/\/pdt-rj.org.br\/?p=80655"},"modified":"2021-11-12T22:45:26","modified_gmt":"2021-11-13T01:45:26","slug":"cop-26-e-projeto-nacional-de-desenvolvimento-sustentavel","status":"publish","type":"post","link":"https:\/\/pdt-rj.org.br\/index.php\/cop-26-e-projeto-nacional-de-desenvolvimento-sustentavel\/","title":{"rendered":"COP 26 e Projeto Nacional de Desenvolvimento Sustent\u00e1vel"},"content":{"rendered":"<div class=\"I_52qC D_FY W_6D6F\" data-test-id=\"message-view-body\">\n<div class=\"msg-body P_wpofO mq_AS\" data-test-id=\"message-view-body-content\">\n<div class=\"jb_0 X_6MGW N_6Fd5\">\n<div id=\"yiv6728528026\">\n<div><em><strong>\u00c9 preciso discutir como o Pa\u00eds lidar\u00e1 com os impactos econ\u00f4micos e sociais decorrentes das mudan\u00e7as clim\u00e1ticas que afetar\u00e3o muitos setores estrat\u00e9gicos<\/strong><\/em><\/div>\n<div><\/div>\n<div>L\u00edderes de todo mundo debatem sobre nosso futuro clim\u00e1tico na 26\u00aa Confer\u00eancia das Na\u00e7\u00f5es Unidas sobre as Mudan\u00e7as Clim\u00e1ticas (COP 26). Na ocasi\u00e3o, os pa\u00edses re\u00fanem-se com o prop\u00f3sito de debater a redu\u00e7\u00e3o de emiss\u00e3o de gases do efeito estufa, embasados nos mais recentes dados cient\u00edficos que monitoram os impactos atuais e futuros do aquecimento global.<\/div>\n<div>\n<p class=\"yiv6728528026p2\">Os participantes do encontro precisam ser cobrados por mobiliza\u00e7\u00e3o mais contundente contra as mudan\u00e7as clim\u00e1ticas e por colocar em pr\u00e1tica estrat\u00e9gias desenhadas no hist\u00f3rico Acordo de Paris, de 2015. O acordo definiu como imperativo limitar o aumento de temperatura do planeta em 1,5\u00baC em rela\u00e7\u00e3o aos n\u00edveis pr\u00e9-industriais.<\/p>\n<p class=\"yiv6728528026p2\">A publica\u00e7\u00e3o norteadora da confer\u00eancia ser\u00e1 o \u00faltimo relat\u00f3rio do Painel Intergovernamental de Mudan\u00e7as Clim\u00e1ticas (IPCC), \u00f3rg\u00e3o que compila estudos sobre o tema para a ONU. Segundo ele, os esfor\u00e7os para n\u00e3o ultrapassar o aquecimento m\u00e9dio do planeta definido pelo Acordo de Paris se tornaram imposs\u00edveis. Em todos os cen\u00e1rios, a marca de 1,5 \u00baC, limite mais ambicioso do Acordo, deve ser ultrapassada entre 2021 e 2040.<\/p>\n<p class=\"yiv6728528026p2\">As mudan\u00e7as clim\u00e1ticas afetar\u00e3o muitos setores estrat\u00e9gicos do Brasil. \u00c9 preciso discutir como o pa\u00eds lidar\u00e1 com esses impactos econ\u00f4micos e sociais, e qual ser\u00e1 a aloca\u00e7\u00e3o de recursos para resolver as defici\u00eancias j\u00e1 existentes, como a seguran\u00e7a energ\u00e9tica, h\u00eddrica e alimentar. S\u00e3o todas discuss\u00f5es de m\u00e9dio a longo prazo.<\/p>\n<p class=\"yiv6728528026p2\">Pela primeira vez, o IPCC tra\u00e7ou um mapa geogr\u00e1fico de riscos com os efeitos extremos, e apontou o Nordeste brasileiro como alvo de tais altera\u00e7\u00f5es. Algumas regi\u00f5es semi\u00e1ridas e a chamada Regi\u00e3o da Mon\u00e7\u00e3o da Am\u00e9rica do Sul, que compreende parte do Centro-Oeste brasileiro, da Amaz\u00f4nia, da Bol\u00edvia e do Peru, dever\u00e3o ter os maiores aumentos de temperatura nos dias mais quentes do ano \u2013 at\u00e9 duas vezes mais que a taxa de aquecimento global. Com uma esta\u00e7\u00e3o mais prolongada e maior demora para entrada do per\u00edodo chuvoso h\u00e1 um impacto direto sobre a atividade econ\u00f4mica principal na regi\u00e3o, a agricultura. O relat\u00f3rio do IPCC mostra que, nos piores cen\u00e1rios, a planta\u00e7\u00e3o de milho e soja ficar\u00e1 inviabilizada em estados como Maranh\u00e3o, Tocantins, Piau\u00ed e Bahia.<\/p>\n<p class=\"yiv6728528026p2\">Nos \u00faltimos anos, o Brasil tem sido cobrado publicamente por l\u00edderes mundiais, empresas e at\u00e9 fundos de investimento acerca do aumento do aumento no desmatamento e queimadas na Amaz\u00f4nia, no Cerrado e no Pantanal. A aus\u00eancia do Presidente Bolsonaro na COP 26 refor\u00e7a simbolicamente a falta de compromisso com a luta pela transforma\u00e7\u00e3o.<\/p>\n<p class=\"yiv6728528026p2\">O Brasil que, at\u00e9 poucos anos atr\u00e1s, exercia protagonismo nesse tema fundamental do novo s\u00e9culo, est\u00e1 perdendo uma grande oportunidade de liderar esse processo de mudan\u00e7a. Nossa imagem sofreu muito desgaste quando o tema \u00e9 sustentabilidade. Segundo um levantamento divulgado pelo Observat\u00f3rio do Clima, em 2020 foram emitidos 728 milh\u00f5es de toneladas de CO2 apenas em decorr\u00eancia das interven\u00e7\u00f5es humanas no solo amaz\u00f4nico.<\/p>\n<p class=\"yiv6728528026p2\">Entre a implementa\u00e7\u00e3o da Pol\u00edtica Nacional sobre Mudan\u00e7a do Clima (PNMC), em 2009, e o ano de 2020, o desmate acumulado foi 176% maior do que a meta estipulada originalmente. Os dados dos anos mais recentes tamb\u00e9m mostram uma tend\u00eancia de aumento na devasta\u00e7\u00e3o da maior floresta tropical do mundo. Entre agosto de 2019 e julho de 2020, segundo dados do Inpe, a Amaz\u00f4nia brasileira perdeu 11.088 km\u00b2 quadrados de \u00e1rea, o n\u00famero mais alto dos \u00faltimos 12 anos.<\/p>\n<p class=\"yiv6728528026p2\">Existe uma corrida em curso para uma economia com baixa emiss\u00e3o de gases do efeito estufa, e o Brasil \u00e9 uma pot\u00eancia ambiental. Precisamos encontrar caminhos que conciliem o desenvolvimento econ\u00f4mico com as demandas ambientais, e uma das solu\u00e7\u00f5es propostas pelos estudiosos seria promover a transi\u00e7\u00e3o da matriz energ\u00e9tica atual para fontes de energias limpas. A transi\u00e7\u00e3o energ\u00e9tica, segundo estudos, nos proporcionaria a oportunidade de criar empregos e gerar riqueza, a partir da nova infraestrutura verde exig\u00edvel para a moderna economia de baixo carbono. Vale dizer que tal modelo est\u00e1 ancorado no desenvolvimento sustent\u00e1vel que pressup\u00f5e a inter-rela\u00e7\u00e3o do trip\u00e9: social, econ\u00f4mico e ambiental.<\/p>\n<p class=\"yiv6728528026p2\">O \u00eaxito brasileiro estaria na ado\u00e7\u00e3o de um Projeto Nacional de Desenvolvimento Sustent\u00e1vel (PNDS), o qual leve em considera\u00e7\u00e3o as dimens\u00f5es conjunturais e estruturais. Este plano dever\u00e1 nos conectar a um futuro pr\u00f3ximo, no qual os empregos verdes e decentes sejam a t\u00f4nica da nova realidade que desejamos estabelecer. O PNDS seria uma adapta\u00e7\u00e3o, \u00e0s demandas e peculiaridades brasileiras, do \u201cGreen New Deal\u201d, tratado que vem sendo adotado por grandes pot\u00eancias como os EUA, e alguns pa\u00edses da Europa, e re\u00fane propostas para conter a crise econ\u00f4mica e gerar desenvolvimento, sem esquecer de remediar a crise ambiental que o mundo vem enfrentando.<\/p>\n<p class=\"yiv6728528026p2\">Estudiosos avaliam que, apenas no Brasil, h\u00e1 um potencial de cria\u00e7\u00e3o de cerca de 2 milh\u00f5es de novos empregos verdes. A conquista do resultado almejado requer investimentos em educa\u00e7\u00e3o, com foco em C&amp;T e inova\u00e7\u00e3o. Creio, com muito vigor, que seja sim poss\u00edvel conjugar cria\u00e7\u00e3o de riquezas, equil\u00edbrio ambiental e redu\u00e7\u00e3o de desigualdade social, resultando numa transi\u00e7\u00e3o justa e sustent\u00e1vel. Este dever\u00e1 ser nosso ponto de partida. Para consolidar esse plano \u00e9 essencial a compreens\u00e3o e engajamento das novas gera\u00e7\u00f5es, nossa esperan\u00e7a se acende quando vemos que uma das maiores lideran\u00e7as mundiais em defesa do planeta \u00e9 a jovem Greta Thunberg. Como diria nosso eterno l\u00edder Leonel Brizola: \u201c\u00c9 dos jovens que surgem os grandes movimentos transformadores\u201d.<\/p>\n<p class=\"yiv6728528026p2\">Vale ressaltar que a supera\u00e7\u00e3o da emerg\u00eancia clim\u00e1tica s\u00f3 ocorrer\u00e1 quando conseguirmos modificar as bases de nossa rela\u00e7\u00e3o com a natureza. O processo civilizat\u00f3rio n\u00e3o pode conter em si o risco da extin\u00e7\u00e3o do homem e da biodiversidade do planeta, e sim possibilitar um conv\u00edvio social livre de opress\u00f5es. Assim, nossa miss\u00e3o n\u00e3o \u00e9 apenas preservar o planeta. \u00c9 necess\u00e1rio restabelecermos nossas prioridades, modificando a concep\u00e7\u00e3o que temos de n\u00f3s mesmos e da natureza e reconstruindo as bases de nossa organiza\u00e7\u00e3o socioecon\u00f4mica. Caso contr\u00e1rio, qualquer esfor\u00e7o no sentido de tentar minimizar ou eliminar os problemas ambientais ser\u00e1 apenas paliativo e n\u00e3o representar\u00e1 uma mudan\u00e7a duradoura e sustent\u00e1vel.<\/p>\n<p class=\"yiv6728528026p2\"><span class=\"yiv6728528026s2\"><em><strong>*<\/strong><strong>Everton Gomes \u00e9 cientista pol\u00edtico, vice-presidente nacional do Movimento Ecotrabalhismo e secret\u00e1rio nacional de Assuntos Econ\u00f4micos do PDT.<\/strong><\/em><br \/>\n<\/span><\/p>\n<\/div>\n<\/div>\n<\/div>\n<\/div>\n<\/div>\n<div class=\"H_7jIs D_F ab_C Q_69H5 E_36RhU\" data-test-id=\"toolbar-hover-area\">\n<div class=\"D_F W_6D6F r_BN gl_C\" data-test-id=\"card-toolbar\">\n<div class=\"D_F ab_C en_0 b_Z14vXdP e_3mS2U I_52qC P_Z1otBpf\">\n<hr class=\"M_0 P_0 cn_0\" \/>\n<\/div>\n<\/div>\n<\/div>\n<!-- AddThis Advanced Settings generic via filter on the_content --><!-- AddThis Share Buttons generic via filter on the_content -->","protected":false},"excerpt":{"rendered":"<p>\u00c9 preciso discutir como o Pa\u00eds lidar\u00e1 com os impactos econ\u00f4micos e sociais decorrentes das mudan\u00e7as clim\u00e1ticas que afetar\u00e3o muitos setores estrat\u00e9gicos L\u00edderes de todo mundo debatem sobre nosso futuro clim\u00e1tico na 26\u00aa Confer\u00eancia das Na\u00e7\u00f5es Unidas sobre as Mudan\u00e7as Clim\u00e1ticas (COP 26). Na ocasi\u00e3o, os pa\u00edses re\u00fanem-se com o prop\u00f3sito de debater a redu\u00e7\u00e3o&#8230;<!-- AddThis Advanced Settings generic via filter on wp_trim_excerpt --><!-- AddThis Share Buttons generic via filter on wp_trim_excerpt --><\/p>\n","protected":false},"author":17,"featured_media":80656,"comment_status":"closed","ping_status":"closed","sticky":false,"template":"","format":"standard","meta":{"_monsterinsights_skip_tracking":false,"_monsterinsights_sitenote_active":false,"_monsterinsights_sitenote_note":"","_monsterinsights_sitenote_category":0,"_uf_show_specific_survey":0,"_uf_disable_surveys":false,"footnotes":""},"categories":[1584,1390],"tags":[3280,22,5303,4981,4215,5318,5320,5319,5294],"class_list":["post-80655","post","type-post","status-publish","format-standard","has-post-thumbnail","hentry","category-artigos","category-editorias","tag-amazonia","tag-brasil","tag-conferencia-das-nacoes-unidas-sobre-as-mudancas-climaticas","tag-cop-26","tag-green-new-deal","tag-pnds","tag-pnmc","tag-politica-nacional-sobre-mudanca-do-clima","tag-projeto-nacional-de-desenvolvimento-sustentavel"],"acf":[],"_links":{"self":[{"href":"https:\/\/pdt-rj.org.br\/index.php\/wp-json\/wp\/v2\/posts\/80655","targetHints":{"allow":["GET"]}}],"collection":[{"href":"https:\/\/pdt-rj.org.br\/index.php\/wp-json\/wp\/v2\/posts"}],"about":[{"href":"https:\/\/pdt-rj.org.br\/index.php\/wp-json\/wp\/v2\/types\/post"}],"author":[{"embeddable":true,"href":"https:\/\/pdt-rj.org.br\/index.php\/wp-json\/wp\/v2\/users\/17"}],"replies":[{"embeddable":true,"href":"https:\/\/pdt-rj.org.br\/index.php\/wp-json\/wp\/v2\/comments?post=80655"}],"version-history":[{"count":1,"href":"https:\/\/pdt-rj.org.br\/index.php\/wp-json\/wp\/v2\/posts\/80655\/revisions"}],"predecessor-version":[{"id":80657,"href":"https:\/\/pdt-rj.org.br\/index.php\/wp-json\/wp\/v2\/posts\/80655\/revisions\/80657"}],"wp:featuredmedia":[{"embeddable":true,"href":"https:\/\/pdt-rj.org.br\/index.php\/wp-json\/wp\/v2\/media\/80656"}],"wp:attachment":[{"href":"https:\/\/pdt-rj.org.br\/index.php\/wp-json\/wp\/v2\/media?parent=80655"}],"wp:term":[{"taxonomy":"category","embeddable":true,"href":"https:\/\/pdt-rj.org.br\/index.php\/wp-json\/wp\/v2\/categories?post=80655"},{"taxonomy":"post_tag","embeddable":true,"href":"https:\/\/pdt-rj.org.br\/index.php\/wp-json\/wp\/v2\/tags?post=80655"}],"curies":[{"name":"wp","href":"https:\/\/api.w.org\/{rel}","templated":true}]}}