{"id":80638,"date":"2021-11-10T22:30:25","date_gmt":"2021-11-11T01:30:25","guid":{"rendered":"http:\/\/pdt-rj.org.br\/?p=80638"},"modified":"2021-11-24T22:37:31","modified_gmt":"2021-11-25T01:37:31","slug":"lupi-elogia-coesao-do-pdt-e-preve-cerco-a-pec-dos-precatorios-no-senado","status":"publish","type":"post","link":"https:\/\/pdt-rj.org.br\/index.php\/lupi-elogia-coesao-do-pdt-e-preve-cerco-a-pec-dos-precatorios-no-senado\/","title":{"rendered":"Lupi elogia coes\u00e3o do PDT e prev\u00ea cerco \u00e0 PEC dos Precat\u00f3rios no Senado"},"content":{"rendered":"<p class=\"yiv2885300526MsoNormal\"><em><b>Presidente nacional do partido fortalece Ciro Gomes como op\u00e7\u00e3o \u201cpreparada\u201d para superar Jair Bolsonaro<\/b><\/em><\/p>\n<p class=\"yiv2885300526MsoNormal\">Ao prever o cerco pol\u00edtico e jur\u00eddico contra a Proposta de Emenda \u00e0 Constitui\u00e7\u00e3o 23\/2021 (PEC dos Precat\u00f3rios) no Senado Federal, o presidente nacional do PDT, Carlos Lupi, elogiou o alinhamento da bancada de deputados federais do partido, que concedeu 19 votos contr\u00e1rios no segundo turno da tramita\u00e7\u00e3o realizada ontem (9), na C\u00e2mara. \u201cConseguimos manter a coes\u00e3o partid\u00e1ria, mas a luta n\u00e3o acabou\u201d, afirmou nesta quarta-feira (10), em <a href=\"https:\/\/www.youtube.com\/watch?v=VheIWmrUHmA\" target=\"_blank\" rel=\"nofollow noopener noreferrer\">entrevista<\/a>\u00a0\u00e0 TV Democracia.<\/p>\n<p class=\"yiv2885300526MsoNormal\">Pela correla\u00e7\u00e3o de for\u00e7as no Senado e a \u201cindepend\u00eancia\u201d do presidente da Casa, Rodrigo Pacheco, Lupi indicou um cen\u00e1rio dif\u00edcil para o governo federal avan\u00e7ar com o dispositivo. Na oposi\u00e7\u00e3o, a sigla trabalhista conta com tr\u00eas parlamentares na chamada \u201cc\u00e2mara alta\u201d: Cid Gomes, Weverton Rocha e Acir Gurgacz.<\/p>\n<p class=\"yiv2885300526MsoNormal\">\u201cBolsonaro teve v\u00e1rias derrotas muito fortes no Senado. N\u00e3o \u00e9 simples ele passar essa PEC, principalmente porque ela \u00e9 completamente inconstitucional\u201d, explicou, indicando que tamb\u00e9m seguir\u00e1 atuando no Supremo Tribunal Federal (STF) para barrar a tramita\u00e7\u00e3o.<\/p>\n<p class=\"yiv2885300526MsoNormal\">Diante do impacto acumulado pelas crises pol\u00edtica, econ\u00f4mica e social nos \u00faltimos anos, Lupi lembrou ainda que Bolsonaro \u00e9 o \u00fanico presidente, entre os maiores pa\u00edses do mundo, que n\u00e3o se vacinou, nega a ci\u00eancia e estimula o desmatamento para afrontar o equil\u00edbrio ecol\u00f3gico.<\/p>\n<p class=\"yiv2885300526MsoNormal\">\u201cTemos que canalizar toda a nossa energia contra o &#8216;profeta&#8217; da ignor\u00e2ncia. Bolsonaro representa o atraso do atraso, a ridiculariza\u00e7\u00e3o do Brasil no mundo. Virou uma chacota\u201d, evidenciou.<\/p>\n<p class=\"yiv2885300526MsoNormal\"><b>Caminho<\/b><\/p>\n<p class=\"yiv2885300526MsoNormal\">Classificando a ess\u00eancia do \u201cbolsonarismo\u201d como ultradireita \u201craivosa, homof\u00f3bica e racista\u201d, o pedetista entende que o processo de transforma\u00e7\u00e3o do cen\u00e1rio n\u00e3o ocorre instantaneamente. Com isso, colocou a pr\u00e9-candidatura de Ciro Gomes ao Pal\u00e1cio do Planalto como fator essencial, pois o cearense \u00e9, segundo ele, \u201co mais preparado\u201d e conta com um o Projeto Nacional de Desenvolvimento estruturado e aprimorado.<\/p>\n<p class=\"yiv2885300526MsoNormal\">\u201cIsso n\u00e3o muda de um dia para o outro. N\u00f3s temos que trabalhar para ganhar espa\u00e7o e esclarecer a sociedade. N\u00e3o h\u00e1 hip\u00f3tese do PDT caminhar com qualquer linha bolsonarista\u201d, disse.<\/p>\n<p class=\"yiv2885300526MsoNormal\">\u201cVamos apresentar o nosso projeto, que \u00e9 representado pelo Ciro e eu considero o melhor para o Brasil\u201d, completou, acreditando no segundo turno com o ex-presidente Lula, do PT.<\/p>\n<!-- AddThis Advanced Settings generic via filter on the_content --><!-- AddThis Share Buttons generic via filter on the_content -->","protected":false},"excerpt":{"rendered":"<p>Presidente nacional do partido fortalece Ciro Gomes como op\u00e7\u00e3o \u201cpreparada\u201d para superar Jair Bolsonaro Ao prever o cerco pol\u00edtico e jur\u00eddico contra a Proposta de Emenda \u00e0 Constitui\u00e7\u00e3o 23\/2021 (PEC dos Precat\u00f3rios) no Senado Federal, o presidente nacional do PDT, Carlos Lupi, elogiou o alinhamento da bancada de deputados federais do partido, que concedeu 19&#8230;<!-- AddThis Advanced Settings generic via filter on wp_trim_excerpt --><!-- AddThis Share Buttons generic via filter on wp_trim_excerpt --><\/p>\n","protected":false},"author":17,"featured_media":80639,"comment_status":"closed","ping_status":"closed","sticky":false,"template":"","format":"standard","meta":{"_monsterinsights_skip_tracking":false,"_monsterinsights_sitenote_active":false,"_monsterinsights_sitenote_note":"","_monsterinsights_sitenote_category":0,"_uf_show_specific_survey":0,"_uf_disable_surveys":false,"footnotes":""},"categories":[1390,1459,1401,976],"tags":[88,196,211,1541,962],"class_list":["post-80638","post","type-post","status-publish","format-standard","has-post-thumbnail","hentry","category-editorias","category-congresso","category-nacional","category-noticias-em-destaque","tag-acir-gurgacz","tag-carlos-lupi","tag-cid-gomes","tag-projeto-nacional-de-desenvolvimento","tag-weverton-rocha"],"acf":[],"_links":{"self":[{"href":"https:\/\/pdt-rj.org.br\/index.php\/wp-json\/wp\/v2\/posts\/80638","targetHints":{"allow":["GET"]}}],"collection":[{"href":"https:\/\/pdt-rj.org.br\/index.php\/wp-json\/wp\/v2\/posts"}],"about":[{"href":"https:\/\/pdt-rj.org.br\/index.php\/wp-json\/wp\/v2\/types\/post"}],"author":[{"embeddable":true,"href":"https:\/\/pdt-rj.org.br\/index.php\/wp-json\/wp\/v2\/users\/17"}],"replies":[{"embeddable":true,"href":"https:\/\/pdt-rj.org.br\/index.php\/wp-json\/wp\/v2\/comments?post=80638"}],"version-history":[{"count":1,"href":"https:\/\/pdt-rj.org.br\/index.php\/wp-json\/wp\/v2\/posts\/80638\/revisions"}],"predecessor-version":[{"id":80640,"href":"https:\/\/pdt-rj.org.br\/index.php\/wp-json\/wp\/v2\/posts\/80638\/revisions\/80640"}],"wp:featuredmedia":[{"embeddable":true,"href":"https:\/\/pdt-rj.org.br\/index.php\/wp-json\/wp\/v2\/media\/80639"}],"wp:attachment":[{"href":"https:\/\/pdt-rj.org.br\/index.php\/wp-json\/wp\/v2\/media?parent=80638"}],"wp:term":[{"taxonomy":"category","embeddable":true,"href":"https:\/\/pdt-rj.org.br\/index.php\/wp-json\/wp\/v2\/categories?post=80638"},{"taxonomy":"post_tag","embeddable":true,"href":"https:\/\/pdt-rj.org.br\/index.php\/wp-json\/wp\/v2\/tags?post=80638"}],"curies":[{"name":"wp","href":"https:\/\/api.w.org\/{rel}","templated":true}]}}