{"id":80631,"date":"2021-11-10T21:58:09","date_gmt":"2021-11-11T00:58:09","guid":{"rendered":"http:\/\/pdt-rj.org.br\/?p=80631"},"modified":"2021-11-22T15:48:07","modified_gmt":"2021-11-22T18:48:07","slug":"cid-gomes-defende-renda-basica-para-que-brasil-proteja-os-mais-pobres","status":"publish","type":"post","link":"https:\/\/pdt-rj.org.br\/index.php\/cid-gomes-defende-renda-basica-para-que-brasil-proteja-os-mais-pobres\/","title":{"rendered":"Cid Gomes defende renda b\u00e1sica para que Brasil proteja os mais pobres"},"content":{"rendered":"<p><em><strong>Para o senador, o teto de gastos \u00e9 uma ilus\u00e3o e \u201cs\u00f3 existe para despesas voltadas para os servi\u00e7os p\u00fablicos destinados \u00e0 popula\u00e7\u00e3o\u201d<\/strong><\/em><\/p>\n<p>O senador Cid Gomes (PDT-CE) defendeu, durante a sess\u00e3o do Senado Federal desta ter\u00e7a-feira (9), que \u201co Brasil precisa proteger a sua popula\u00e7\u00e3o mais pobre\u201d. A fala do senador ocorreu ao encaminhar, como l\u00edder do PDT, a vota\u00e7\u00e3o da Proposta de Emenda \u00e0 Constitui\u00e7\u00e3o (PEC) que inclui a renda b\u00e1sica como direito social dos brasileiros na Constitui\u00e7\u00e3o Federal.<\/p>\n<p>O texto da PEC, apresentada pelo senador Eduardo Braga (MDB-AM) e aprovada pela maioria dos senadores, estabelece que <em>&#8220;Todo brasileiro em situa\u00e7\u00e3o de vulnerabilidade de renda ter\u00e1 direito a uma renda b\u00e1sica, garantida pelo poder p\u00fablico, cujas normas e requisitos de acesso ser\u00e3o determinados em lei.\u201d<\/em><\/p>\n<p>Hoje o artigo 6\u00ba da Constitui\u00e7\u00e3o prev\u00ea como direitos sociais &#8220;a educa\u00e7\u00e3o, a sa\u00fade, a alimenta\u00e7\u00e3o, o trabalho, a moradia, o transporte, o lazer, a seguran\u00e7a, a previd\u00eancia social, a prote\u00e7\u00e3o \u00e0 maternidade e \u00e0 inf\u00e2ncia, a assist\u00eancia aos desamparados&#8221;. Com a mudan\u00e7a, fica inclu\u00eddo tamb\u00e9m a renda m\u00ednima como direito constitucionalizado \u00e0 popula\u00e7\u00e3o em situa\u00e7\u00e3o de vulnerabilidade \u2013 o que vai ser definido em lei.<\/p>\n<p><strong>Teto de gastos<\/strong><br \/>\nCid Gomes aproveitou a discuss\u00e3o da mat\u00e9ria para se posicionar contra um destaque \u00e0 PEC apresentado pelo Partido dos Trabalhadores que pretendia retirar a renda m\u00ednima no teto de gastos do Governo Federal. Na avalia\u00e7\u00e3o do senador, o teto de gastos \u00e9 uma ilus\u00e3o e \u201cs\u00f3 existe para despesas voltadas para os servi\u00e7os p\u00fablicos destinados \u00e0 popula\u00e7\u00e3o\u201d.<\/p>\n<p>\u201cQuando se trata de juros e servi\u00e7os da d\u00edvida, n\u00e3o existe teto de gastos. O que a gente v\u00ea \u00e9 crescentemente o or\u00e7amento da Uni\u00e3o dando lucro a banqueiro, dando dinheiro a quem j\u00e1 tem muito. E o teto de gastos \u00e9 s\u00f3 para o servidor p\u00fablico, para a educa\u00e7\u00e3o, para o ensino superior, para o Fundeb, para o SUS. Jamais quero registrar um voto favor\u00e1vel \u00e0 manuten\u00e7\u00e3o de um teto de gastos que \u00e9 s\u00f3 para os pobres\u201d, argumentou Cid.<\/p>\n<!-- AddThis Advanced Settings generic via filter on the_content --><!-- AddThis Share Buttons generic via filter on the_content -->","protected":false},"excerpt":{"rendered":"<p>Para o senador, o teto de gastos \u00e9 uma ilus\u00e3o e \u201cs\u00f3 existe para despesas voltadas para os servi\u00e7os p\u00fablicos destinados \u00e0 popula\u00e7\u00e3o\u201d O senador Cid Gomes (PDT-CE) defendeu, durante a sess\u00e3o do Senado Federal desta ter\u00e7a-feira (9), que \u201co Brasil precisa proteger a sua popula\u00e7\u00e3o mais pobre\u201d. A fala do senador ocorreu ao encaminhar,&#8230;<!-- AddThis Advanced Settings generic via filter on wp_trim_excerpt --><!-- AddThis Share Buttons generic via filter on wp_trim_excerpt --><\/p>\n","protected":false},"author":17,"featured_media":80632,"comment_status":"closed","ping_status":"closed","sticky":false,"template":"","format":"standard","meta":{"_monsterinsights_skip_tracking":false,"_monsterinsights_sitenote_active":false,"_monsterinsights_sitenote_note":"","_monsterinsights_sitenote_category":0,"_uf_show_specific_survey":0,"_uf_disable_surveys":false,"footnotes":""},"categories":[1390],"tags":[211,220,2152,5310,900,4626],"class_list":["post-80631","post","type-post","status-publish","format-standard","has-post-thumbnail","hentry","category-editorias","tag-cid-gomes","tag-ciro-gomes","tag-fundeb","tag-populacao-em-situacao-de-vulnerabilidade","tag-sus","tag-teto-de-gastos"],"acf":[],"_links":{"self":[{"href":"https:\/\/pdt-rj.org.br\/index.php\/wp-json\/wp\/v2\/posts\/80631","targetHints":{"allow":["GET"]}}],"collection":[{"href":"https:\/\/pdt-rj.org.br\/index.php\/wp-json\/wp\/v2\/posts"}],"about":[{"href":"https:\/\/pdt-rj.org.br\/index.php\/wp-json\/wp\/v2\/types\/post"}],"author":[{"embeddable":true,"href":"https:\/\/pdt-rj.org.br\/index.php\/wp-json\/wp\/v2\/users\/17"}],"replies":[{"embeddable":true,"href":"https:\/\/pdt-rj.org.br\/index.php\/wp-json\/wp\/v2\/comments?post=80631"}],"version-history":[{"count":3,"href":"https:\/\/pdt-rj.org.br\/index.php\/wp-json\/wp\/v2\/posts\/80631\/revisions"}],"predecessor-version":[{"id":80637,"href":"https:\/\/pdt-rj.org.br\/index.php\/wp-json\/wp\/v2\/posts\/80631\/revisions\/80637"}],"wp:featuredmedia":[{"embeddable":true,"href":"https:\/\/pdt-rj.org.br\/index.php\/wp-json\/wp\/v2\/media\/80632"}],"wp:attachment":[{"href":"https:\/\/pdt-rj.org.br\/index.php\/wp-json\/wp\/v2\/media?parent=80631"}],"wp:term":[{"taxonomy":"category","embeddable":true,"href":"https:\/\/pdt-rj.org.br\/index.php\/wp-json\/wp\/v2\/categories?post=80631"},{"taxonomy":"post_tag","embeddable":true,"href":"https:\/\/pdt-rj.org.br\/index.php\/wp-json\/wp\/v2\/tags?post=80631"}],"curies":[{"name":"wp","href":"https:\/\/api.w.org\/{rel}","templated":true}]}}