{"id":80628,"date":"2021-11-09T21:57:55","date_gmt":"2021-11-10T00:57:55","guid":{"rendered":"http:\/\/pdt-rj.org.br\/?p=80628"},"modified":"2022-04-18T16:07:49","modified_gmt":"2022-04-18T19:07:49","slug":"ciro-gomes-e-finalista-do-63o-premio-jabuti-com-projeto-nacional-o-dever-da-esperanca","status":"publish","type":"post","link":"https:\/\/pdt-rj.org.br\/index.php\/ciro-gomes-e-finalista-do-63o-premio-jabuti-com-projeto-nacional-o-dever-da-esperanca\/","title":{"rendered":"Ciro Gomes \u00e9 finalista do 63\u00ba Pr\u00eamio Jabuti com \u201cProjeto nacional: o dever da esperan\u00e7a\u201d"},"content":{"rendered":"<p>A obra \u201cProjeto nacional: o dever da esperan\u00e7a\u201d, de Ciro Gomes, est\u00e1 entre as finalistas do Pr\u00eamio Jabuti deste ano, na categoria \u201cCi\u00eancias Sociais\u201d. O livro, publicado em 2020, apresenta o projeto nacional desenvolvimentista que apoia a pr\u00e9-candidatura do pedetista e foi base para a campanha de 2018. Ciro concorre com outros nove finalistas.<\/p>\n<p>A organiza\u00e7\u00e3o do 63\u00ba Pr\u00eamio Jabuti, o mais importante da literatura brasileira, divulgou a lista de finalistas na \u00faltima ter\u00e7a-feira (9). Obras como &#8220;10 hist\u00f3rias para tentar entender um mundo ca\u00f3tico&#8221;, de Jamil Chade e Ruth Manus, e &#8220;O capitalismo se desloca&#8221;, de Ladislau Dowbor, tamb\u00e9m concorrem na categoria \u201cCi\u00eancias Sociais\u201d.<\/p>\n<p>\u201cProjeto nacional: o dever da esperan\u00e7a\u201d \u00e9 editado pela Leya e alcan\u00e7ou a marca de mais vendido pela Amazon 24 horas ap\u00f3s o seu lan\u00e7amento, em maio do ano passado. O livro faz uma an\u00e1lise de quase um s\u00e9culo da hist\u00f3ria pol\u00edtica e econ\u00f4mica do Brasil \u2013 do Governo Vargas \u00e0 atualidade \u2013 e apresenta as propostas de Ciro Gomes para que o Estado brasileiro retome o desenvolvimento.<\/p>\n<p>Na pr\u00f3xima semana, o pr\u00eamio ir\u00e1 reduzir a lista a cinco finalistas e o vencedor ser\u00e1 divulgado no pr\u00f3ximo dia 25.<\/p>\n<!-- AddThis Advanced Settings generic via filter on the_content --><!-- AddThis Share Buttons generic via filter on the_content -->","protected":false},"excerpt":{"rendered":"<p>A obra \u201cProjeto nacional: o dever da esperan\u00e7a\u201d, de Ciro Gomes, est\u00e1 entre as finalistas do Pr\u00eamio Jabuti deste ano, na categoria \u201cCi\u00eancias Sociais\u201d. O livro, publicado em 2020, apresenta o projeto nacional desenvolvimentista que apoia a pr\u00e9-candidatura do pedetista e foi base para a campanha de 2018. Ciro concorre com outros nove finalistas. A&#8230;<!-- AddThis Advanced Settings generic via filter on wp_trim_excerpt --><!-- AddThis Share Buttons generic via filter on wp_trim_excerpt --><\/p>\n","protected":false},"author":17,"featured_media":71629,"comment_status":"closed","ping_status":"closed","sticky":false,"template":"","format":"standard","meta":{"_monsterinsights_skip_tracking":false,"_monsterinsights_sitenote_active":false,"_monsterinsights_sitenote_note":"","_monsterinsights_sitenote_category":0,"_uf_show_specific_survey":0,"_uf_disable_surveys":false,"footnotes":""},"categories":[1390,5416],"tags":[5331,220,3587],"class_list":["post-80628","post","type-post","status-publish","format-standard","has-post-thumbnail","hentry","category-editorias","category-ciro-gomes","tag-63o-premio-jabuti","tag-ciro-gomes","tag-projeto-nacional-o-dever-da-esperanca"],"acf":[],"_links":{"self":[{"href":"https:\/\/pdt-rj.org.br\/index.php\/wp-json\/wp\/v2\/posts\/80628","targetHints":{"allow":["GET"]}}],"collection":[{"href":"https:\/\/pdt-rj.org.br\/index.php\/wp-json\/wp\/v2\/posts"}],"about":[{"href":"https:\/\/pdt-rj.org.br\/index.php\/wp-json\/wp\/v2\/types\/post"}],"author":[{"embeddable":true,"href":"https:\/\/pdt-rj.org.br\/index.php\/wp-json\/wp\/v2\/users\/17"}],"replies":[{"embeddable":true,"href":"https:\/\/pdt-rj.org.br\/index.php\/wp-json\/wp\/v2\/comments?post=80628"}],"version-history":[{"count":3,"href":"https:\/\/pdt-rj.org.br\/index.php\/wp-json\/wp\/v2\/posts\/80628\/revisions"}],"predecessor-version":[{"id":80749,"href":"https:\/\/pdt-rj.org.br\/index.php\/wp-json\/wp\/v2\/posts\/80628\/revisions\/80749"}],"wp:featuredmedia":[{"embeddable":true,"href":"https:\/\/pdt-rj.org.br\/index.php\/wp-json\/wp\/v2\/media\/71629"}],"wp:attachment":[{"href":"https:\/\/pdt-rj.org.br\/index.php\/wp-json\/wp\/v2\/media?parent=80628"}],"wp:term":[{"taxonomy":"category","embeddable":true,"href":"https:\/\/pdt-rj.org.br\/index.php\/wp-json\/wp\/v2\/categories?post=80628"},{"taxonomy":"post_tag","embeddable":true,"href":"https:\/\/pdt-rj.org.br\/index.php\/wp-json\/wp\/v2\/tags?post=80628"}],"curies":[{"name":"wp","href":"https:\/\/api.w.org\/{rel}","templated":true}]}}