{"id":80615,"date":"2021-11-09T13:29:04","date_gmt":"2021-11-09T16:29:04","guid":{"rendered":"http:\/\/pdt-rj.org.br\/?p=80615"},"modified":"2021-11-21T14:07:36","modified_gmt":"2021-11-21T17:07:36","slug":"por-consenso-bancada-federal-do-pdt-vota-contra-pec-dos-precatorios","status":"publish","type":"post","link":"https:\/\/pdt-rj.org.br\/index.php\/por-consenso-bancada-federal-do-pdt-vota-contra-pec-dos-precatorios\/","title":{"rendered":"Por consenso, bancada Federal do PDT vota contra PEC dos Precat\u00f3rios"},"content":{"rendered":"<p>Em reuni\u00e3o da Executiva Nacional do PDT com a bancada na C\u00e2mara dos Deputados nesta ter\u00e7a (9\/11), ficou decidido, atrav\u00e9s de consenso, que a bancada ir\u00e1 rever seu posicionamento no segundo turno da PEC 23\/2021, conhecida como PEC dos Precat\u00f3rios, e votar contra. A decis\u00e3o foi anunciada pelo presidente nacional da legenda, Carlos Lupi, logo ap\u00f3s o encontro.<\/p>\n<p>O l\u00edder do partido na C\u00e2mara, deputado Wolney Queiroz, afirmou que a decis\u00e3o tem como objetivo pacificar e manter a unidade partid\u00e1ria dentro do Congresso.<\/p>\n<p>Para Lupi, o consenso em torno da decis\u00e3o mostra que o partido est\u00e1 forte e o Plano Nacional de Desenvolvimento \u2013 plataforma da campanha presidencial de Ciro para 2022 \u2013 garante a unidade partid\u00e1ria para as mudan\u00e7as que o Brasil precisa.<\/p>\n<p>\u201cSofremos muito nesta \u00faltima semana, com ataques de todos os lados e ila\u00e7\u00f5es descabidas sobre a forma que nossa bancada havia votado. Aqui n\u00e3o existe esta quest\u00e3o de votar por emendas, como muito se afirmou. Temos um projeto e estamos demonstrando for\u00e7a e unidade em torno de Ciro, nosso candidato a presid\u00eancia em 2022. Avaliamos a quest\u00e3o e, por consenso, decidimos que n\u00e3o podemos compactuar, de forma alguma, com quest\u00f5es inconstitucionais e que possam levar a compra de apoio pelo Governo Bolsonaro, afirmou Lupi.<\/p>\n<!-- AddThis Advanced Settings generic via filter on the_content --><!-- AddThis Share Buttons generic via filter on the_content -->","protected":false},"excerpt":{"rendered":"<p>Em reuni\u00e3o da Executiva Nacional do PDT com a bancada na C\u00e2mara dos Deputados nesta ter\u00e7a (9\/11), ficou decidido, atrav\u00e9s de consenso, que a bancada ir\u00e1 rever seu posicionamento no segundo turno da PEC 23\/2021, conhecida como PEC dos Precat\u00f3rios, e votar contra. A decis\u00e3o foi anunciada pelo presidente nacional da legenda, Carlos Lupi, logo&#8230;<!-- AddThis Advanced Settings generic via filter on wp_trim_excerpt --><!-- AddThis Share Buttons generic via filter on wp_trim_excerpt --><\/p>\n","protected":false},"author":17,"featured_media":80616,"comment_status":"closed","ping_status":"closed","sticky":false,"template":"","format":"standard","meta":{"_monsterinsights_skip_tracking":false,"_monsterinsights_sitenote_active":false,"_monsterinsights_sitenote_note":"","_monsterinsights_sitenote_category":0,"_uf_show_specific_survey":0,"_uf_disable_surveys":false,"footnotes":""},"categories":[1390,1459,975,1401,976],"tags":[196,3759,5297],"class_list":["post-80615","post","type-post","status-publish","format-standard","has-post-thumbnail","hentry","category-editorias","category-congresso","category-manchete","category-nacional","category-noticias-em-destaque","tag-carlos-lupi","tag-executiva-nacional-do-pdt","tag-pec-dos-precatorios"],"acf":[],"_links":{"self":[{"href":"https:\/\/pdt-rj.org.br\/index.php\/wp-json\/wp\/v2\/posts\/80615","targetHints":{"allow":["GET"]}}],"collection":[{"href":"https:\/\/pdt-rj.org.br\/index.php\/wp-json\/wp\/v2\/posts"}],"about":[{"href":"https:\/\/pdt-rj.org.br\/index.php\/wp-json\/wp\/v2\/types\/post"}],"author":[{"embeddable":true,"href":"https:\/\/pdt-rj.org.br\/index.php\/wp-json\/wp\/v2\/users\/17"}],"replies":[{"embeddable":true,"href":"https:\/\/pdt-rj.org.br\/index.php\/wp-json\/wp\/v2\/comments?post=80615"}],"version-history":[{"count":3,"href":"https:\/\/pdt-rj.org.br\/index.php\/wp-json\/wp\/v2\/posts\/80615\/revisions"}],"predecessor-version":[{"id":80704,"href":"https:\/\/pdt-rj.org.br\/index.php\/wp-json\/wp\/v2\/posts\/80615\/revisions\/80704"}],"wp:featuredmedia":[{"embeddable":true,"href":"https:\/\/pdt-rj.org.br\/index.php\/wp-json\/wp\/v2\/media\/80616"}],"wp:attachment":[{"href":"https:\/\/pdt-rj.org.br\/index.php\/wp-json\/wp\/v2\/media?parent=80615"}],"wp:term":[{"taxonomy":"category","embeddable":true,"href":"https:\/\/pdt-rj.org.br\/index.php\/wp-json\/wp\/v2\/categories?post=80615"},{"taxonomy":"post_tag","embeddable":true,"href":"https:\/\/pdt-rj.org.br\/index.php\/wp-json\/wp\/v2\/tags?post=80615"}],"curies":[{"name":"wp","href":"https:\/\/api.w.org\/{rel}","templated":true}]}}