{"id":80606,"date":"2021-11-08T23:43:41","date_gmt":"2021-11-09T02:43:41","guid":{"rendered":"http:\/\/pdt-rj.org.br\/?p=80606"},"modified":"2022-04-18T15:55:11","modified_gmt":"2022-04-18T18:55:11","slug":"carlos-lupi-somos-uma-nova-via-e-nao-terceira","status":"publish","type":"post","link":"https:\/\/pdt-rj.org.br\/index.php\/carlos-lupi-somos-uma-nova-via-e-nao-terceira\/","title":{"rendered":"Carlos Lupi: \u201cSomos uma nova via, e n\u00e3o terceira\u201d"},"content":{"rendered":"<p class=\"yiv0117240131p1\"><strong><em><span class=\"yiv0117240131s1\">No Rio de Janeiro, partido debate projetos trabalhistas e apresenta pr\u00e9-candidatos a deputado<\/span><\/em><\/strong><\/p>\n<p class=\"yiv0117240131p1\"><span class=\"yiv0117240131s3\">\u201c<\/span><span class=\"yiv0117240131s2\">Somos uma nova via, e n\u00e3o terceira\u201d, disse o presidente nacional do PDT, Carlos Lupi, ao promover reuni\u00e3o ampliada do Diret\u00f3rio Estadual do Rio de Janeiro nesta segunda-feira (8), no Centro da capital. Ao lado do postulante ao governo fluminense, Rodrigo Neves, o l\u00edder pedetista debateu os projetos trabalhistas e apresentou pr\u00e9-candidatos aos parlamentos local e federal.\u00a0<\/span><\/p>\n<p class=\"yiv0117240131p1\"><span class=\"yiv0117240131s2\">Sobre a viabilidade de Ciro Gomes na elei\u00e7\u00e3o de presidente do Brasil e de Rodrigo Neves para governador, Lupi explicou o processo ampliado de estrutura\u00e7\u00e3o das futuras chapas.<\/span><\/p>\n<p class=\"yiv0117240131p1\"><span class=\"yiv0117240131s2\">\u201cA candidatura do Ciro tem tudo para dar certo, pois ele tem compet\u00eancia, coragem e um Projeto Nacional de Desenvolvimento que vai transformar o pa\u00eds\u201d, relatou, ao salientar que, na sua opini\u00e3o, a participa\u00e7\u00e3o do ex-governador cearense \u00e9 \u201cirrevers\u00edvel\u201d.\u00a0<\/span><\/p>\n<p class=\"yiv0117240131p1\"><span class=\"yiv0117240131s2\">\u201cO Rodrigo tem um bom tr\u00e2nsito para formar uma forte alian\u00e7a, que envolve um nome da Baixada. Temos chances reais e, por isso, vamos seguir conversando com as for\u00e7as pol\u00edticas do estado\u201d, completou, com cr\u00edticas ao atual governador.\u00a0<\/span><\/p>\n<p class=\"yiv0117240131p1\"><strong><span class=\"yiv0117240131s1\">Potencial<\/span><span class=\"yiv0117240131s2\">\u00a0<\/span><\/strong><\/p>\n<p class=\"yiv0117240131p1\"><span class=\"yiv0117240131s2\">Colocando o plano \u201cO estado do Rio que queremos\u201d como diferencial para transformar a gest\u00e3o do Pal\u00e1cio Guanabara, Neves, que foi prefeito de Niter\u00f3i, abordou a estrat\u00e9gia da sigla para potencializar a populariza\u00e7\u00e3o das a\u00e7\u00f5es pol\u00edticas e ampliar o di\u00e1logo com lideran\u00e7as de todas as regi\u00f5es.\u00a0<\/span><\/p>\n<p class=\"yiv0117240131p1\"><span class=\"yiv0117240131s2\">\u201cEssa elei\u00e7\u00e3o do Rio n\u00e3o \u00e9 uma corrida de 100 metros, mas uma maratona. A maioria da popula\u00e7\u00e3o n\u00e3o tem candidato. Temos dois advers\u00e1rios que, apesar do alto n\u00edvel de conhecimento, n\u00e3o empolgam\u201d, relatou.\u00a0<\/span><\/p>\n<p class=\"yiv0117240131p1\"><span class=\"yiv0117240131s2\">\u201cEstamos dialogando e trabalhando para reconstruir o estado do Rio. [\u2026] Estou muito convicto que avan\u00e7aremos muito em 2022. Quem conhece a gente, confia e opta pelo nosso projeto\u201d, garantiu, ao elogiar a gest\u00e3o niteroiense liderada pelo prefeito Axel Grael e seu vice, Paulo Bagueira.<\/span><\/p>\n<p class=\"yiv0117240131p1\"><span class=\"yiv0117240131s2\">Citando o fundador e presidente de honra do PDT, Leonel Brizola, o prefeito de Cabo Frio (RJ) destacou a import\u00e2ncia da mobiliza\u00e7\u00e3o para promover os nomes pedetistas perante as amea\u00e7as contra a democracia.\u00a0<\/span><\/p>\n<p class=\"yiv0117240131p1\"><span class=\"yiv0117240131s2\">\u201cO mais preparado para o Brasil \u00e9 o Ciro Gomes. Temos que fazer nominatas fortes para dar susten\u00e7\u00e3o n\u00e3o s\u00f3 para o Ciro, mas tamb\u00e9m para o Rodrigo\u201d, analisou.\u00a0<\/span><\/p>\n<p class=\"yiv0117240131p1\"><span class=\"yiv0117240131s2\">A deputada estadual Martha Rocha completou mostrando que o legado trabalhista contempla os anseios da popula\u00e7\u00e3o.\u00a0<\/span><\/p>\n<p class=\"yiv0117240131p1\"><span class=\"yiv0117240131s2\">\u201c\u00c9 nossa responsabilidade n\u00e3o s\u00f3 apresentar a nossa pr\u00e9-candidatura, mas tamb\u00e9m do Rodrigo e Ciro, que re\u00fanem projetos de desenvolvimento\u201d, abordou a parlamentar, que almeja a reelei\u00e7\u00e3o.\u00a0<\/span><\/p>\n<p class=\"yiv0117240131p1\"><span class=\"yiv0117240131s2\">Durante os debates, pr\u00e9-candidatos a deputado ratificaram a import\u00e2ncia de ocupar os plen\u00e1rios para defender as bandeiras trabalhistas. Entre os anunciados, J\u00e2nio Mendes e Brizola Neto, que buscar\u00e3o novas vagas na Assembleia, bem como o advogado Miro Teixeira e o secret\u00e1rio de Criatividade e Inova\u00e7\u00e3o da Funda\u00e7\u00e3o Leonel Brizola &#8211; Alberto Pasqualini (FLB-AP), Leonardo Lupi, que estar\u00e3o na disputa para a C\u00e2mara em conjunto com os atuais deputados Paulo Ramos e Chico D\u2019Angelo.<\/span><\/p>\n<p class=\"yiv0117240131p1\"><span class=\"yiv0117240131s2\">O encontro contou com as participa\u00e7\u00f5es da deputada estadual Martha Rocha, do vereador de Niter\u00f3i, Binho Guimar\u00e3es, do tesoureiro nacional da sigla, Marcelo Panella, e dos presidente e vice-presidente do diret\u00f3rio da capital, Augusto Ribeiro e Ant\u00f4nio Albuquerque.\u00a0<\/span><\/p>\n<p class=\"yiv0117240131p1\"><span class=\"yiv0117240131s2\">Entre os membros dos movimentos pedetistas presentes, os presidentes nacionais da Juventude Socialista, do Movimento dos Aposentados, Pensionistas e Idosos (Mapi), do Movimento PDT Ax\u00e9 e do Movimento Trabalhista pela Educa\u00e7\u00e3o, William Rodrigues, Maria Jos\u00e9 Latg\u00e9, Maria Am\u00e9lia e Marcelo Monteiro.\u00a0<\/span><\/p>\n<!-- AddThis Advanced Settings generic via filter on the_content --><!-- AddThis Share Buttons generic via filter on the_content -->","protected":false},"excerpt":{"rendered":"<p>No Rio de Janeiro, partido debate projetos trabalhistas e apresenta pr\u00e9-candidatos a deputado \u201cSomos uma nova via, e n\u00e3o terceira\u201d, disse o presidente nacional do PDT, Carlos Lupi, ao promover reuni\u00e3o ampliada do Diret\u00f3rio Estadual do Rio de Janeiro nesta segunda-feira (8), no Centro da capital. Ao lado do postulante ao governo fluminense, Rodrigo Neves,&#8230;<!-- AddThis Advanced Settings generic via filter on wp_trim_excerpt --><!-- AddThis Share Buttons generic via filter on wp_trim_excerpt --><\/p>\n","protected":false},"author":17,"featured_media":80607,"comment_status":"closed","ping_status":"closed","sticky":false,"template":"","format":"standard","meta":{"_monsterinsights_skip_tracking":false,"_monsterinsights_sitenote_active":false,"_monsterinsights_sitenote_note":"","_monsterinsights_sitenote_category":0,"_uf_show_specific_survey":0,"_uf_disable_surveys":false,"footnotes":""},"categories":[1390,5417,1401],"tags":[4025,1025,4129,196,2854,426,5107,3747,4381,1140,2463,5305,3241,38,3169,2395],"class_list":["post-80606","post","type-post","status-publish","format-standard","has-post-thumbnail","hentry","category-editorias","category-carlos-lupi","category-nacional","tag-axel-grael","tag-brizola-neto","tag-cabo-frio-rj","tag-carlos-lupi","tag-chico-dangelo","tag-fundacao-leonel-brizola-alberto-pasqualini","tag-leonardo-lupi","tag-marcelo-monteiro","tag-maria-amelia","tag-maria-jose-latge","tag-niteroi-rj","tag-paulo-bagueira","tag-paulo-ramos","tag-pdt","tag-rodrigo-neves","tag-william-rodrigues"],"acf":[],"_links":{"self":[{"href":"https:\/\/pdt-rj.org.br\/index.php\/wp-json\/wp\/v2\/posts\/80606","targetHints":{"allow":["GET"]}}],"collection":[{"href":"https:\/\/pdt-rj.org.br\/index.php\/wp-json\/wp\/v2\/posts"}],"about":[{"href":"https:\/\/pdt-rj.org.br\/index.php\/wp-json\/wp\/v2\/types\/post"}],"author":[{"embeddable":true,"href":"https:\/\/pdt-rj.org.br\/index.php\/wp-json\/wp\/v2\/users\/17"}],"replies":[{"embeddable":true,"href":"https:\/\/pdt-rj.org.br\/index.php\/wp-json\/wp\/v2\/comments?post=80606"}],"version-history":[{"count":2,"href":"https:\/\/pdt-rj.org.br\/index.php\/wp-json\/wp\/v2\/posts\/80606\/revisions"}],"predecessor-version":[{"id":80609,"href":"https:\/\/pdt-rj.org.br\/index.php\/wp-json\/wp\/v2\/posts\/80606\/revisions\/80609"}],"wp:featuredmedia":[{"embeddable":true,"href":"https:\/\/pdt-rj.org.br\/index.php\/wp-json\/wp\/v2\/media\/80607"}],"wp:attachment":[{"href":"https:\/\/pdt-rj.org.br\/index.php\/wp-json\/wp\/v2\/media?parent=80606"}],"wp:term":[{"taxonomy":"category","embeddable":true,"href":"https:\/\/pdt-rj.org.br\/index.php\/wp-json\/wp\/v2\/categories?post=80606"},{"taxonomy":"post_tag","embeddable":true,"href":"https:\/\/pdt-rj.org.br\/index.php\/wp-json\/wp\/v2\/tags?post=80606"}],"curies":[{"name":"wp","href":"https:\/\/api.w.org\/{rel}","templated":true}]}}