{"id":80594,"date":"2021-11-08T15:14:23","date_gmt":"2021-11-08T18:14:23","guid":{"rendered":"http:\/\/pdt-rj.org.br\/?p=80594"},"modified":"2021-11-08T15:28:40","modified_gmt":"2021-11-08T18:28:40","slug":"axel-grael-representa-prefeitos-brasileiros-em-conferencia-da-onu-sobre-o-clima","status":"publish","type":"post","link":"https:\/\/pdt-rj.org.br\/index.php\/axel-grael-representa-prefeitos-brasileiros-em-conferencia-da-onu-sobre-o-clima\/","title":{"rendered":"Axel Grael representa prefeitos brasileiros em confer\u00eancia da ONU sobre o clima"},"content":{"rendered":"<p data-raofz=\"15\">O prefeito de Niter\u00f3i (RJ), Axel Grael (PDT), deu in\u00edcio nesse s\u00e1bado (06) \u00e0 sua participa\u00e7\u00e3o na 26\u00aa Confer\u00eancia das Na\u00e7\u00f5es Unidas sobre Mudan\u00e7as Clim\u00e1ticas (COP 26), que re\u00fane representantes de aproximadamente 200 pa\u00edses em Glasgow, na Esc\u00f3cia. Vice-presidente da Frente Nacional de Prefeitos para Objetivos do Desenvolvimento Sustent\u00e1vel, ele participou de um debate sobre a import\u00e2ncia dos governos locais e a Declara\u00e7\u00e3o de Edimburgo.<\/p>\n<p data-raofz=\"15\">Em agosto, Niter\u00f3i foi a segunda cidade brasileira a assinar a Declara\u00e7\u00e3o de Edimburgo sinalizando o compromisso municipal de realizar a\u00e7\u00f5es transformadoras para alcan\u00e7ar objetivos e ambi\u00e7\u00f5es definidas no marco global da biodiversidade. Al\u00e9m do prefeito Axel Grael, tamb\u00e9m participaram do debate Suzanne Case, presidente do Departamento de Terras e Recursos Naturais do Estado do Hava\u00ed, e Ana Oregi, vice-prefeita de Vitoria-Gasteiz (Espanha).<\/p>\n<p data-raofz=\"15\">Grael, que est\u00e1 representando Niter\u00f3i e a FNP em Glasgow, ressaltou a import\u00e2ncia dos governos locais em defesa da agenda clim\u00e1tica.<\/p>\n<p data-raofz=\"15\">\u201c\u00c9 preciso ratificar para as lideran\u00e7as internacionais que os governos locais brasileiros est\u00e3o preocupados e engajados nesta miss\u00e3o de conter o aquecimento global. Vivemos um momento decisivo para o futuro da humanidade. Apesar de, infelizmente, n\u00e3o termos um consenso a este respeito no Brasil\u201d, disse o prefeito de Niter\u00f3i.<\/p>\n<p data-raofz=\"15\">Embora ainda n\u00e3o seja uma unanimidade, Axel garantiu que, a esmagadora maioria dos governantes brasileiros, est\u00e1 consciente de que precisa pensar, agir e cobrar a\u00e7\u00f5es locais, regionais, nacionais e planet\u00e1rias a fim de evitar uma cat\u00e1strofe: \u201cN\u00e3o h\u00e1 escolha, o desenvolvimento ser\u00e1 sustent\u00e1vel ou, simplesmente, n\u00e3o acontecer\u00e1\u201d, sentenciou o ambientalista.<\/p>\n<p data-raofz=\"15\">Grael continuou sua interven\u00e7\u00e3o afirmando que, a Agenda 2030, precisa ser percebida como ferramenta para transforma\u00e7\u00e3o de desafios em oportunidades.<\/p>\n<p data-raofz=\"15\">\u201cSe sairmos desta pandemia da mesma forma como entramos, teremos perdido uma oportunidade hist\u00f3rica. Ao mesmo tempo em que nos deixou ainda mais longe dos Objetivos do Desenvolvimento Sustent\u00e1vel, a Covid-19 chamou a aten\u00e7\u00e3o do mundo sobre a import\u00e2ncia e urg\u00eancia do cumprimento do Acordo de Paris de 2015, que foi um marco nas negocia\u00e7\u00f5es internacionais sobre o clima\u201d, disse o gestor de Niter\u00f3i, me nome da Frente Nacional de Prefeitos.<\/p>\n<p data-raofz=\"15\">Niter\u00f3i tamb\u00e9m est\u00e1 representada em Glasgow pelo secret\u00e1rio municipal do Clima, Luciano Paez, e o coordenador do Programa Niter\u00f3i de Bicicleta, Filipe Sim\u00f5es.<\/p>\n<p data-raofz=\"15\"><strong>Declara\u00e7\u00e3o de Edimburgo<\/strong><\/p>\n<p data-raofz=\"15\">A constru\u00e7\u00e3o da Declara\u00e7\u00e3o de Edimburgo, um movimento participativo chamado \u201cprocesso de Edimburgo para os governos infranacionais e locais sobre o desenvolvimento do quadro mundial para a biodiversidade p\u00f3s-2020\u201d, \u00e9 uma iniciativa do Governo da Esc\u00f3cia em parceria com diversas organiza\u00e7\u00f5es internacionais, e buscou expressar os anseios, as contribui\u00e7\u00f5es, as demandas e os compromissos comuns dos governos locais de todo o mundo na ado\u00e7\u00e3o e implementa\u00e7\u00e3o da agenda p\u00f3s 2020.<\/p>\n<!-- AddThis Advanced Settings generic via filter on the_content --><!-- AddThis Share Buttons generic via filter on the_content -->","protected":false},"excerpt":{"rendered":"<p>O prefeito de Niter\u00f3i (RJ), Axel Grael (PDT), deu in\u00edcio nesse s\u00e1bado (06) \u00e0 sua participa\u00e7\u00e3o na 26\u00aa Confer\u00eancia das Na\u00e7\u00f5es Unidas sobre Mudan\u00e7as Clim\u00e1ticas (COP 26), que re\u00fane representantes de aproximadamente 200 pa\u00edses em Glasgow, na Esc\u00f3cia. Vice-presidente da Frente Nacional de Prefeitos para Objetivos do Desenvolvimento Sustent\u00e1vel, ele participou de um debate sobre&#8230;<!-- AddThis Advanced Settings generic via filter on wp_trim_excerpt --><!-- AddThis Share Buttons generic via filter on wp_trim_excerpt --><\/p>\n","protected":false},"author":17,"featured_media":80596,"comment_status":"closed","ping_status":"closed","sticky":false,"template":"","format":"standard","meta":{"_monsterinsights_skip_tracking":false,"_monsterinsights_sitenote_active":false,"_monsterinsights_sitenote_note":"","_monsterinsights_sitenote_category":0,"_uf_show_specific_survey":0,"_uf_disable_surveys":false,"footnotes":""},"categories":[1390,1402],"tags":[5300,4025,4981,5301,67,4545,5302],"class_list":["post-80594","post","type-post","status-publish","format-standard","has-post-thumbnail","hentry","category-editorias","category-cidades","tag-agenda-climatica","tag-axel-grael","tag-cop-26","tag-declaracao-de-edimburgo","tag-onu","tag-prefeitura-de-niteroi-rj","tag-programa-niteroi-de-bicicleta"],"acf":[],"_links":{"self":[{"href":"https:\/\/pdt-rj.org.br\/index.php\/wp-json\/wp\/v2\/posts\/80594","targetHints":{"allow":["GET"]}}],"collection":[{"href":"https:\/\/pdt-rj.org.br\/index.php\/wp-json\/wp\/v2\/posts"}],"about":[{"href":"https:\/\/pdt-rj.org.br\/index.php\/wp-json\/wp\/v2\/types\/post"}],"author":[{"embeddable":true,"href":"https:\/\/pdt-rj.org.br\/index.php\/wp-json\/wp\/v2\/users\/17"}],"replies":[{"embeddable":true,"href":"https:\/\/pdt-rj.org.br\/index.php\/wp-json\/wp\/v2\/comments?post=80594"}],"version-history":[{"count":4,"href":"https:\/\/pdt-rj.org.br\/index.php\/wp-json\/wp\/v2\/posts\/80594\/revisions"}],"predecessor-version":[{"id":80599,"href":"https:\/\/pdt-rj.org.br\/index.php\/wp-json\/wp\/v2\/posts\/80594\/revisions\/80599"}],"wp:featuredmedia":[{"embeddable":true,"href":"https:\/\/pdt-rj.org.br\/index.php\/wp-json\/wp\/v2\/media\/80596"}],"wp:attachment":[{"href":"https:\/\/pdt-rj.org.br\/index.php\/wp-json\/wp\/v2\/media?parent=80594"}],"wp:term":[{"taxonomy":"category","embeddable":true,"href":"https:\/\/pdt-rj.org.br\/index.php\/wp-json\/wp\/v2\/categories?post=80594"},{"taxonomy":"post_tag","embeddable":true,"href":"https:\/\/pdt-rj.org.br\/index.php\/wp-json\/wp\/v2\/tags?post=80594"}],"curies":[{"name":"wp","href":"https:\/\/api.w.org\/{rel}","templated":true}]}}