{"id":80583,"date":"2021-11-06T17:25:33","date_gmt":"2021-11-06T20:25:33","guid":{"rendered":"http:\/\/pdt-rj.org.br\/?p=80583"},"modified":"2021-11-06T17:25:33","modified_gmt":"2021-11-06T20:25:33","slug":"moeda-social-itajuru-movimenta-r-50-mil-nos-primeiros-dias-em-cabo-frio-rj","status":"publish","type":"post","link":"https:\/\/pdt-rj.org.br\/index.php\/moeda-social-itajuru-movimenta-r-50-mil-nos-primeiros-dias-em-cabo-frio-rj\/","title":{"rendered":"Moeda Social Itajuru movimenta R$ 50 mil nos primeiros dias em Cabo Frio (RJ)"},"content":{"rendered":"<p class=\"yiv7391664063MsoNormal\"><em><strong>Moeda social lan\u00e7ada pelo prefeito Jos\u00e9 Bonif\u00e1cio tem atendido 500 fam\u00edlias do bairro Manoel Corr\u00eaa<\/strong><\/em><\/p>\n<p class=\"yiv7391664063MsoNormal\">Em apenas cinco dias, a Moeda Social Itajuru j\u00e1 movimentou 50 mil itajurus no com\u00e9rcio cadastrado no bairro Manoel Corr\u00eaa, em Cabo Frio (RJ). O valor \u00e9 equivalente a R$ 50 mil. A moeda foi oficialmente implementada pelo prefeito Jos\u00e9 Bonif\u00e1cio (PDT) na \u00faltima sexta-feira (29) e, inicialmente, beneficiar\u00e1 500 fam\u00edlias. Deste total, 331 j\u00e1 fizeram a retirada do cart\u00e3o.<\/p>\n<p class=\"yiv7391664063MsoNormal\">Segundo o Instituto E-Dinheiro Brasil, somente no primeiro dia foram movimentados R$ 12.685,00. At\u00e9 a \u00faltima segunda-feira (1\u00ba) este valor j\u00e1 havia alcan\u00e7ado a marca de R$ 35.466,15, com 603 compras registradas em hortifrutis, mercearias e farm\u00e1cias cadastradas. Na manh\u00e3 desta quarta-feira (03), o consumo j\u00e1 havia ultrapassado a marca dos 50 mil itajurus (R$ 50.886,53), com 957 compras.<\/p>\n<p class=\"yiv7391664063MsoNormal\">De acordo com a Secretaria de Assist\u00eancia Social, atualmente 76 com\u00e9rcios est\u00e3o cadastrados para receber a Moeda Social Itajuru, mas apenas 39 cadastraram a plataforma para operar a moeda.<\/p>\n<p class=\"yiv7391664063MsoNormal\">\u201cOs comerciantes que ainda n\u00e3o cadastraram o aplicativo no celular e os benefici\u00e1rios selecionados que n\u00e3o puderam comparecer para retirar a Moeda dever\u00e3o comparecer das 9h \u00e0s 16h, na Secretaria de Assist\u00eancia Social localizada na rua Florisbela Rosa da Penha, 292, no Braga\u201d, informou, Adriano Brisola, coordenador do Programa.<\/p>\n<p class=\"yiv7391664063MsoNormal\">O lan\u00e7amento aconteceu na quadra do Ciep-150 Professora Am\u00e9lia Ferreira dos Santos e contou com a presen\u00e7a de autoridades pol\u00edticas, comerciantes e moradores do bairro.<\/p>\n<!-- AddThis Advanced Settings generic via filter on the_content --><!-- AddThis Share Buttons generic via filter on the_content -->","protected":false},"excerpt":{"rendered":"<p>Moeda social lan\u00e7ada pelo prefeito Jos\u00e9 Bonif\u00e1cio tem atendido 500 fam\u00edlias do bairro Manoel Corr\u00eaa Em apenas cinco dias, a Moeda Social Itajuru j\u00e1 movimentou 50 mil itajurus no com\u00e9rcio cadastrado no bairro Manoel Corr\u00eaa, em Cabo Frio (RJ). O valor \u00e9 equivalente a R$ 50 mil. A moeda foi oficialmente implementada pelo prefeito Jos\u00e9&#8230;<!-- AddThis Advanced Settings generic via filter on wp_trim_excerpt --><!-- AddThis Share Buttons generic via filter on wp_trim_excerpt --><\/p>\n","protected":false},"author":17,"featured_media":80584,"comment_status":"closed","ping_status":"closed","sticky":false,"template":"","format":"standard","meta":{"_monsterinsights_skip_tracking":false,"_monsterinsights_sitenote_active":false,"_monsterinsights_sitenote_note":"","_monsterinsights_sitenote_category":0,"_uf_show_specific_survey":0,"_uf_disable_surveys":false,"footnotes":""},"categories":[1390],"tags":[4129,5296,3068,5295],"class_list":["post-80583","post","type-post","status-publish","format-standard","has-post-thumbnail","hentry","category-editorias","tag-cabo-frio-rj","tag-instituto-e-dinheiro-brasil","tag-jose-bonifacio","tag-moeda-social-itajuru"],"acf":[],"_links":{"self":[{"href":"https:\/\/pdt-rj.org.br\/index.php\/wp-json\/wp\/v2\/posts\/80583","targetHints":{"allow":["GET"]}}],"collection":[{"href":"https:\/\/pdt-rj.org.br\/index.php\/wp-json\/wp\/v2\/posts"}],"about":[{"href":"https:\/\/pdt-rj.org.br\/index.php\/wp-json\/wp\/v2\/types\/post"}],"author":[{"embeddable":true,"href":"https:\/\/pdt-rj.org.br\/index.php\/wp-json\/wp\/v2\/users\/17"}],"replies":[{"embeddable":true,"href":"https:\/\/pdt-rj.org.br\/index.php\/wp-json\/wp\/v2\/comments?post=80583"}],"version-history":[{"count":1,"href":"https:\/\/pdt-rj.org.br\/index.php\/wp-json\/wp\/v2\/posts\/80583\/revisions"}],"predecessor-version":[{"id":80585,"href":"https:\/\/pdt-rj.org.br\/index.php\/wp-json\/wp\/v2\/posts\/80583\/revisions\/80585"}],"wp:featuredmedia":[{"embeddable":true,"href":"https:\/\/pdt-rj.org.br\/index.php\/wp-json\/wp\/v2\/media\/80584"}],"wp:attachment":[{"href":"https:\/\/pdt-rj.org.br\/index.php\/wp-json\/wp\/v2\/media?parent=80583"}],"wp:term":[{"taxonomy":"category","embeddable":true,"href":"https:\/\/pdt-rj.org.br\/index.php\/wp-json\/wp\/v2\/categories?post=80583"},{"taxonomy":"post_tag","embeddable":true,"href":"https:\/\/pdt-rj.org.br\/index.php\/wp-json\/wp\/v2\/tags?post=80583"}],"curies":[{"name":"wp","href":"https:\/\/api.w.org\/{rel}","templated":true}]}}