{"id":80541,"date":"2021-11-04T11:41:28","date_gmt":"2021-11-04T14:41:28","guid":{"rendered":"http:\/\/pdt-rj.org.br\/?p=80541"},"modified":"2021-11-08T23:47:16","modified_gmt":"2021-11-09T02:47:16","slug":"pdt-vai-ao-stf-contra-votacao-remota-da-pec-dos-precatorios","status":"publish","type":"post","link":"https:\/\/pdt-rj.org.br\/index.php\/pdt-vai-ao-stf-contra-votacao-remota-da-pec-dos-precatorios\/","title":{"rendered":"PDT vai ao STF contra vota\u00e7\u00e3o remota da \u2018PEC dos Precat\u00f3rios\u2019"},"content":{"rendered":"<p><em><strong>Partido alega falta de isonomia e agress\u00e3o ao princ\u00edpio da impessoalidade<\/strong><\/em><\/p>\n<p>O Presidente Nacional do PDT, Carlos Lupi, peticionou ao Presidente do Supremo Tribunal Federal (STF), Mandado de Seguran\u00e7a com Pedido de Medida Liminar de Urg\u00eancia, para que seja cancelada a vota\u00e7\u00e3o da PEC 23\/2021. De acordo com o documento, a portaria publicada pela Mesa Diretora da C\u00e2mara dos Deputados \u2013 que autorizou que deputados no exterior pudessem votar remotamente \u2013, viola o princ\u00edpio da impessoalidade, da isonomia e serviu apenas para garantir interesses pessoais na formata\u00e7\u00e3o de qu\u00f3rum para aprova\u00e7\u00e3o da medida.<\/p>\n<p>\u201cOu seja, alterou-se o comando que institu\u00eda a volta do sistema de vota\u00e7\u00e3o presencial, que exige a biometria dos parlamentares, para satisfazer interesses pessoais na formata\u00e7\u00e3o de qu\u00f3rum necess\u00e1rio \u00e0 aprova\u00e7\u00e3o da PEC 23\/2021. Como se v\u00ea, a altera\u00e7\u00e3o do procedimento de vota\u00e7\u00e3o foi realizada no meio do tr\u00e2mite legislativo, publicada em edi\u00e7\u00e3o extraordin\u00e1ria do Di\u00e1rio Oficial da C\u00e2mara, tudo com o cerne de aprovar a PEC 23\/2021\u201d, diz um trecho do documento.<\/p>\n<p>Outro trecho do documento afirma que \u201cA medida tamb\u00e9m p\u00f5e em evid\u00eancia viola\u00e7\u00e3o ao Regimento Interno da C\u00e2mara dos Deputados, pois se o Presidente da C\u00e2mara determinou a volta do sistema presencial anteriormente, o que vigora \u00e9 o que est\u00e1 disposto no Regimento da Casa. Nesse passo, disp\u00f5e o art. 187 do Regimento que a vota\u00e7\u00e3o pelo processo nominal ocorre por meio da identifica\u00e7\u00e3o do parlamentar junto ao sistema de vota\u00e7\u00e3o eletr\u00f4nica (presencial, atrav\u00e9s da biometria) e ocorre quando h\u00e1 exig\u00eancia de qu\u00f3rum de maioria absoluta ou qu\u00f3runs qualificados, como nos casos de vota\u00e7\u00e3o de PECs. \u00c9 diante desse contexto que conforme ser\u00e1 amplamente demonstrado neste mandamus, o ato ora questionado revela um intenso acinte ao princ\u00edpio democr\u00e1tico e da legalidade, da isonomia, bem como evidencia a ocorr\u00eancia de n\u00edtido abuso de pode\u201d.<\/p>\n<p>O documento encerra com pedido de \u201cimediata suspens\u00e3o\u201d do tr\u00e2mite legislativo que aprovou a PEC 23\/2021, al\u00e9m de \u201cNo m\u00e9rito, a confirma\u00e7\u00e3o da medida liminar perseguida, se deferida, com a necess\u00e1ria concess\u00e3o da seguran\u00e7a para anular o Ato da Mesa no 212 e, como consequ\u00eancia a vota\u00e7\u00e3o do primeiro turno da PEC 23\/2021 na C\u00e2mara dos Deputados, que dever\u00e1 ocorrer nos estritos termos do Regimento Interno da C\u00e2mara\u201d.<\/p>\n<p>Leia a \u00edntegra do documento:\u00a0<a href=\"http:\/\/pdt-rj.org.br\/wp-content\/uploads\/2021\/11\/Peti\u00e7\u00e3o-Inicial-Madado-de-Seguran\u00e7a-com-Pedido-de-Liminar.pdf\">Peti\u00e7\u00e3o Inicial &#8211; Madado de Seguran\u00e7a com Pedido de Liminar<\/a><\/p>\n<!-- AddThis Advanced Settings generic via filter on the_content --><!-- AddThis Share Buttons generic via filter on the_content -->","protected":false},"excerpt":{"rendered":"<p>Partido alega falta de isonomia e agress\u00e3o ao princ\u00edpio da impessoalidade O Presidente Nacional do PDT, Carlos Lupi, peticionou ao Presidente do Supremo Tribunal Federal (STF), Mandado de Seguran\u00e7a com Pedido de Medida Liminar de Urg\u00eancia, para que seja cancelada a vota\u00e7\u00e3o da PEC 23\/2021. De acordo com o documento, a portaria publicada pela Mesa&#8230;<!-- AddThis Advanced Settings generic via filter on wp_trim_excerpt --><!-- AddThis Share Buttons generic via filter on wp_trim_excerpt --><\/p>\n","protected":false},"author":17,"featured_media":80591,"comment_status":"closed","ping_status":"closed","sticky":false,"template":"","format":"standard","meta":{"_monsterinsights_skip_tracking":false,"_monsterinsights_sitenote_active":false,"_monsterinsights_sitenote_note":"","_monsterinsights_sitenote_category":0,"_uf_show_specific_survey":0,"_uf_disable_surveys":false,"footnotes":""},"categories":[1390,975,1401,976],"tags":[196,220,5297],"class_list":["post-80541","post","type-post","status-publish","format-standard","has-post-thumbnail","hentry","category-editorias","category-manchete","category-nacional","category-noticias-em-destaque","tag-carlos-lupi","tag-ciro-gomes","tag-pec-dos-precatorios"],"acf":[],"_links":{"self":[{"href":"https:\/\/pdt-rj.org.br\/index.php\/wp-json\/wp\/v2\/posts\/80541","targetHints":{"allow":["GET"]}}],"collection":[{"href":"https:\/\/pdt-rj.org.br\/index.php\/wp-json\/wp\/v2\/posts"}],"about":[{"href":"https:\/\/pdt-rj.org.br\/index.php\/wp-json\/wp\/v2\/types\/post"}],"author":[{"embeddable":true,"href":"https:\/\/pdt-rj.org.br\/index.php\/wp-json\/wp\/v2\/users\/17"}],"replies":[{"embeddable":true,"href":"https:\/\/pdt-rj.org.br\/index.php\/wp-json\/wp\/v2\/comments?post=80541"}],"version-history":[{"count":6,"href":"https:\/\/pdt-rj.org.br\/index.php\/wp-json\/wp\/v2\/posts\/80541\/revisions"}],"predecessor-version":[{"id":80592,"href":"https:\/\/pdt-rj.org.br\/index.php\/wp-json\/wp\/v2\/posts\/80541\/revisions\/80592"}],"wp:featuredmedia":[{"embeddable":true,"href":"https:\/\/pdt-rj.org.br\/index.php\/wp-json\/wp\/v2\/media\/80591"}],"wp:attachment":[{"href":"https:\/\/pdt-rj.org.br\/index.php\/wp-json\/wp\/v2\/media?parent=80541"}],"wp:term":[{"taxonomy":"category","embeddable":true,"href":"https:\/\/pdt-rj.org.br\/index.php\/wp-json\/wp\/v2\/categories?post=80541"},{"taxonomy":"post_tag","embeddable":true,"href":"https:\/\/pdt-rj.org.br\/index.php\/wp-json\/wp\/v2\/tags?post=80541"}],"curies":[{"name":"wp","href":"https:\/\/api.w.org\/{rel}","templated":true}]}}