{"id":80529,"date":"2021-11-01T15:02:09","date_gmt":"2021-11-01T18:02:09","guid":{"rendered":"http:\/\/pdt-rj.org.br\/?p=80529"},"modified":"2021-11-01T17:13:40","modified_gmt":"2021-11-01T20:13:40","slug":"dra-fernanda-ontiveros-elabora-plano-para-obras-de-mobilidade-urbana-em-japeri-rj","status":"publish","type":"post","link":"https:\/\/pdt-rj.org.br\/index.php\/dra-fernanda-ontiveros-elabora-plano-para-obras-de-mobilidade-urbana-em-japeri-rj\/","title":{"rendered":"Dr\u00aa Fernanda Ontiveros elabora plano para obras de mobilidade urbana em Japeri (RJ)"},"content":{"rendered":"<p><em><strong>Em conjunto com Governo do Estado, projeto incluir\u00e1 a constru\u00e7\u00e3o da maternidade p\u00fablica do munic\u00edpio <\/strong><\/em><\/p>\n<p>A prefeita de Japeri (RJ), Dr\u00aa Fernanda Ontiveros (PDT) juntamente com o secret\u00e1rio municipal de Obras e Servi\u00e7os P\u00fablicos, Francisco Nac\u00e9lio, elaboraram um plano para as obras da maternidade p\u00fablica do munic\u00edpio e a constru\u00e7\u00e3o da Estrada S\u00e3o Jos\u00e9, que melhorar\u00e1 a mobilidade urbana da cidade ao ligar os dois centros urbanos mais importantes. Os of\u00edcios dos projetos das interven\u00e7\u00f5es foram protocolados na \u00faltima quarta-feira (27) e despachados para as Secretarias Estaduais de Infraestrutura e Obras (Seinfra) e das Cidades (Secid).<\/p>\n<p>A execu\u00e7\u00e3o do plano tem a parceria com o Governo do Estado, que prev\u00ea ainda a constru\u00e7\u00e3o de um destacamento no Corpo de Bombeiros, a concretagem de 59 ruas j\u00e1 drenadas pela prefeitura, que atender\u00e1 20 bairros da cidade, al\u00e9m da pavimenta\u00e7\u00e3o e implanta\u00e7\u00e3o de saneamento nos bairros Caramujo, Barcelona, Lagoa do Sapo, Delamare, Nova Bel\u00e9m e Santa Am\u00e9lia.<\/p>\n<p>A Dr\u00aa Fernanda destacou a import\u00e2ncia dessas interven\u00e7\u00f5es para a cidade, que constituir\u00e1 uma etapa importante j\u00e1 neste primeiro ano de governo. A prefeita e o secret\u00e1rio est\u00e3o empenhados para que as obras tenham in\u00edcio o mais rapidamente poss\u00edvel<\/p>\n<p>\u201cA expectativa \u00e9 de come\u00e7armos as interven\u00e7\u00f5es o quanto antes. J\u00e1 assinamos e enviamos os of\u00edcios dos encaminhamentos das obras ao Governo do Estado. O nosso maior objetivo \u00e9 dar mais qualidade de vida ao japeriense\u201d, disse a prefeita.<\/p>\n<p>De acordo com o secret\u00e1rio municipal de Obras e Servi\u00e7os P\u00fablicos, Francisco Nacelio, os projetos elaborados pela equipe t\u00e9cnica cumprem todos os requisitos necess\u00e1rios e exigidos para a execu\u00e7\u00e3o das interven\u00e7\u00f5es, e que agora depender\u00e1 do Governo do Estado dar continuidade aos tr\u00e2mites.<\/p>\n<p>\u201cEsse plano de obras \u00e9 um sonho, uma luta e acreditamos na palavra do governador Claudio Castro e do presidente da Alerj Andr\u00e9 Ceciliano, que tudo sair\u00e1 do papel o quanto antes\u201d, disse Nac\u00e9lio.<\/p>\n<!-- AddThis Advanced Settings generic via filter on the_content --><!-- AddThis Share Buttons generic via filter on the_content -->","protected":false},"excerpt":{"rendered":"<p>Em conjunto com Governo do Estado, projeto incluir\u00e1 a constru\u00e7\u00e3o da maternidade p\u00fablica do munic\u00edpio A prefeita de Japeri (RJ), Dr\u00aa Fernanda Ontiveros (PDT) juntamente com o secret\u00e1rio municipal de Obras e Servi\u00e7os P\u00fablicos, Francisco Nac\u00e9lio, elaboraram um plano para as obras da maternidade p\u00fablica do munic\u00edpio e a constru\u00e7\u00e3o da Estrada S\u00e3o Jos\u00e9, que&#8230;<!-- AddThis Advanced Settings generic via filter on wp_trim_excerpt --><!-- AddThis Share Buttons generic via filter on wp_trim_excerpt --><\/p>\n","protected":false},"author":17,"featured_media":80532,"comment_status":"closed","ping_status":"closed","sticky":false,"template":"","format":"standard","meta":{"_monsterinsights_skip_tracking":false,"_monsterinsights_sitenote_active":false,"_monsterinsights_sitenote_note":"","_monsterinsights_sitenote_category":0,"_uf_show_specific_survey":0,"_uf_disable_surveys":false,"footnotes":""},"categories":[1390,1402],"tags":[5117,5278,4782],"class_list":["post-80529","post","type-post","status-publish","format-standard","has-post-thumbnail","hentry","category-editorias","category-cidades","tag-dra-fernanda-ontiveros","tag-obras-de-mobilidade-urbana","tag-prefeitura-de-japeri-rj"],"acf":[],"_links":{"self":[{"href":"https:\/\/pdt-rj.org.br\/index.php\/wp-json\/wp\/v2\/posts\/80529","targetHints":{"allow":["GET"]}}],"collection":[{"href":"https:\/\/pdt-rj.org.br\/index.php\/wp-json\/wp\/v2\/posts"}],"about":[{"href":"https:\/\/pdt-rj.org.br\/index.php\/wp-json\/wp\/v2\/types\/post"}],"author":[{"embeddable":true,"href":"https:\/\/pdt-rj.org.br\/index.php\/wp-json\/wp\/v2\/users\/17"}],"replies":[{"embeddable":true,"href":"https:\/\/pdt-rj.org.br\/index.php\/wp-json\/wp\/v2\/comments?post=80529"}],"version-history":[{"count":5,"href":"https:\/\/pdt-rj.org.br\/index.php\/wp-json\/wp\/v2\/posts\/80529\/revisions"}],"predecessor-version":[{"id":80538,"href":"https:\/\/pdt-rj.org.br\/index.php\/wp-json\/wp\/v2\/posts\/80529\/revisions\/80538"}],"wp:featuredmedia":[{"embeddable":true,"href":"https:\/\/pdt-rj.org.br\/index.php\/wp-json\/wp\/v2\/media\/80532"}],"wp:attachment":[{"href":"https:\/\/pdt-rj.org.br\/index.php\/wp-json\/wp\/v2\/media?parent=80529"}],"wp:term":[{"taxonomy":"category","embeddable":true,"href":"https:\/\/pdt-rj.org.br\/index.php\/wp-json\/wp\/v2\/categories?post=80529"},{"taxonomy":"post_tag","embeddable":true,"href":"https:\/\/pdt-rj.org.br\/index.php\/wp-json\/wp\/v2\/tags?post=80529"}],"curies":[{"name":"wp","href":"https:\/\/api.w.org\/{rel}","templated":true}]}}