{"id":80469,"date":"2021-10-26T18:18:37","date_gmt":"2021-10-26T21:18:37","guid":{"rendered":"http:\/\/pdt-rj.org.br\/?p=80469"},"modified":"2021-11-08T19:45:50","modified_gmt":"2021-11-08T22:45:50","slug":"ciro-alerta-que-bolsonaro-busca-privatizacao-criminosa-da-petrobras","status":"publish","type":"post","link":"https:\/\/pdt-rj.org.br\/index.php\/ciro-alerta-que-bolsonaro-busca-privatizacao-criminosa-da-petrobras\/","title":{"rendered":"Ciro alerta que Bolsonaro busca \u201cprivatiza\u00e7\u00e3o criminosa\u201d da Petrobras"},"content":{"rendered":"<p><em><b>Governo federal mant\u00e9m pol\u00edtica \u201cassassina\u201d de pre\u00e7os e desmonte da maior empresa do Brasil<\/b><\/em><\/p>\n<p style=\"font-weight: 400;\">O presidenci\u00e1vel do PDT, Ciro Gomes, fez um alerta, em\u00a0<a href=\"https:\/\/www.facebook.com\/cirogomesoficial\/videos\/417256886787875\/\" data-saferedirecturl=\"https:\/\/www.google.com\/url?q=https:\/\/www.facebook.com\/cirogomesoficial\/videos\/417256886787875\/&amp;source=gmail&amp;ust=1635360691154000&amp;usg=AFQjCNEFZuoSEEY70MzADOY4bv_gEHgC5w\">v\u00eddeo<\/a>\u00a0nas redes sociais nesta ter\u00e7a-feira (26), para a tentativa de privatiza\u00e7\u00e3o \u201ccriminosa\u201d da Petrobras anunciada pelo presidente da Rep\u00fablica, Jair Bolsonaro, e organizada pelo ministro da Fazenda, Paulo Guedes. \u201cO petr\u00f3leo \u00e9 nosso. A Petrobras \u00e9 nossa. Queremos eles de volta\u201d, cobrou.<\/p>\n<p style=\"font-weight: 400;\">Como ferramentas viabilizadoras, o governo bolsonarista utiliza desde 2019, segundo o pedetista, a pol\u00edtica de pre\u00e7os atrelada ao d\u00f3lar e o desmonte da maior empresa do Brasil. Este mecanismo potencializou o formato estabelecido na gest\u00e3o do presidente Michel Temer.<\/p>\n<p style=\"font-weight: 400;\">Ao estimular a mobiliza\u00e7\u00e3o popular contra o \u201ccrime\u201d sobre a soberania nacional e o patrim\u00f4nio p\u00fablico, Ciro relatou que a \u201cestrat\u00e9gia maligna\u201d dos \u201ctraidores da p\u00e1tria\u201d se apoia em dois polos.<\/p>\n<p style=\"font-weight: 400;\">\u201cDe um lado, torna a Petrobras queridinha dos mercados internacionais. De outro, torn\u00e1-la antip\u00e1tica ao povo brasileiro\u201d, disse, classificando a metodologia atual como \u201cassassina\u201d e vinculada aos interesses de grupos estrangeiros e da Lava Jato.<\/p>\n<p style=\"font-weight: 400;\">Citando a venda de refinarias e subsidi\u00e1rias por pre\u00e7os \u201cescandalosamente baixos\u201d, bem como leil\u00f5es improvisados de lotes do pr\u00e9-sal, o ex-governador do Cear\u00e1 detalhou, na sequ\u00eancia, o desdobramento das interven\u00e7\u00f5es que est\u00e3o arruinando a opera\u00e7\u00e3o e a imagem da estatal.<\/p>\n<p style=\"font-weight: 400;\">\u201cEles querem dar a falsa impress\u00e3o de que a Petrobras \u00e9 in\u00fatil e incapaz de funcionar como escudo de prote\u00e7\u00e3o ao bolso e ao bem-estar dos brasileiros e brasileiras [&#8230;] E a falsa ideia de que a Petrobras n\u00e3o tem condi\u00e7\u00f5es de conter os pre\u00e7os e de produzir derivados melhores e mais baratos que o produto estrangeiro\u201d, comentou.<\/p>\n<p style=\"font-weight: 400;\">Para manter a exponencial lucratividade de acionistas privados em detrimento do Estado, Ciro alegou que Bolsonaro tenta, reiteradamente, negar e desvirtuar \u201ctoda a hist\u00f3ria e sentido da Petrobras\u201d, em \u201cuma das roubalheiras mais silenciosas j\u00e1 praticadas\u201d no Pa\u00eds.<\/p>\n<p style=\"font-weight: 400;\">\u201cSua capacidade de nos dar autonomia em petr\u00f3leo e derivados. De garantir combust\u00edveis bons e baratos. Querem, inclusive, ir na contram\u00e3o do mundo, pois praticamente todos os pa\u00edses produtores de petr\u00f3leo est\u00e3o refor\u00e7ando o poder de fogo de suas estatais de \u00f3leo e g\u00e1s\u201d, pontuou.<\/p>\n<!-- AddThis Advanced Settings generic via filter on the_content --><!-- AddThis Share Buttons generic via filter on the_content -->","protected":false},"excerpt":{"rendered":"<p>Governo federal mant\u00e9m pol\u00edtica \u201cassassina\u201d de pre\u00e7os e desmonte da maior empresa do Brasil O presidenci\u00e1vel do PDT, Ciro Gomes, fez um alerta, em\u00a0v\u00eddeo\u00a0nas redes sociais nesta ter\u00e7a-feira (26), para a tentativa de privatiza\u00e7\u00e3o \u201ccriminosa\u201d da Petrobras anunciada pelo presidente da Rep\u00fablica, Jair Bolsonaro, e organizada pelo ministro da Fazenda, Paulo Guedes. \u201cO petr\u00f3leo \u00e9&#8230;<!-- AddThis Advanced Settings generic via filter on wp_trim_excerpt --><!-- AddThis Share Buttons generic via filter on wp_trim_excerpt --><\/p>\n","protected":false},"author":17,"featured_media":80478,"comment_status":"closed","ping_status":"closed","sticky":false,"template":"","format":"standard","meta":{"_monsterinsights_skip_tracking":false,"_monsterinsights_sitenote_active":false,"_monsterinsights_sitenote_note":"","_monsterinsights_sitenote_category":0,"_uf_show_specific_survey":0,"_uf_disable_surveys":false,"footnotes":""},"categories":[1390,975,1401,976],"tags":[220,48,718,5267],"class_list":["post-80469","post","type-post","status-publish","format-standard","has-post-thumbnail","hentry","category-editorias","category-manchete","category-nacional","category-noticias-em-destaque","tag-ciro-gomes","tag-lava-jato","tag-petrobras","tag-privatizacao-criminosa"],"acf":[],"_links":{"self":[{"href":"https:\/\/pdt-rj.org.br\/index.php\/wp-json\/wp\/v2\/posts\/80469","targetHints":{"allow":["GET"]}}],"collection":[{"href":"https:\/\/pdt-rj.org.br\/index.php\/wp-json\/wp\/v2\/posts"}],"about":[{"href":"https:\/\/pdt-rj.org.br\/index.php\/wp-json\/wp\/v2\/types\/post"}],"author":[{"embeddable":true,"href":"https:\/\/pdt-rj.org.br\/index.php\/wp-json\/wp\/v2\/users\/17"}],"replies":[{"embeddable":true,"href":"https:\/\/pdt-rj.org.br\/index.php\/wp-json\/wp\/v2\/comments?post=80469"}],"version-history":[{"count":4,"href":"https:\/\/pdt-rj.org.br\/index.php\/wp-json\/wp\/v2\/posts\/80469\/revisions"}],"predecessor-version":[{"id":80605,"href":"https:\/\/pdt-rj.org.br\/index.php\/wp-json\/wp\/v2\/posts\/80469\/revisions\/80605"}],"wp:featuredmedia":[{"embeddable":true,"href":"https:\/\/pdt-rj.org.br\/index.php\/wp-json\/wp\/v2\/media\/80478"}],"wp:attachment":[{"href":"https:\/\/pdt-rj.org.br\/index.php\/wp-json\/wp\/v2\/media?parent=80469"}],"wp:term":[{"taxonomy":"category","embeddable":true,"href":"https:\/\/pdt-rj.org.br\/index.php\/wp-json\/wp\/v2\/categories?post=80469"},{"taxonomy":"post_tag","embeddable":true,"href":"https:\/\/pdt-rj.org.br\/index.php\/wp-json\/wp\/v2\/tags?post=80469"}],"curies":[{"name":"wp","href":"https:\/\/api.w.org\/{rel}","templated":true}]}}