{"id":80464,"date":"2021-10-26T02:02:22","date_gmt":"2021-10-26T05:02:22","guid":{"rendered":"http:\/\/pdt-rj.org.br\/?p=80464"},"modified":"2021-10-26T02:03:18","modified_gmt":"2021-10-26T05:03:18","slug":"noventa-e-nove-anos-de-darcy-ribeiro-e-preciso-inventar-o-brasil-que-queremos","status":"publish","type":"post","link":"https:\/\/pdt-rj.org.br\/index.php\/noventa-e-nove-anos-de-darcy-ribeiro-e-preciso-inventar-o-brasil-que-queremos\/","title":{"rendered":"Noventa e nove anos de Darcy Ribeiro: \u00e9 preciso inventar o Brasil que queremos"},"content":{"rendered":"<p><em><strong>&#8220;Nesse seu anivers\u00e1rio, nada mais justo do que repensarmos juntos com suas obras e ensinamentos&#8221;<\/strong><\/em><\/p>\n<p>Se estivesse vivo, em um lugar al\u00e9m da mem\u00f3ria dos que amam este pa\u00eds, Darcy Ribeiro estaria completando 99 anos de vida neste dia 26 de outubro de 2021. E n\u00e3o h\u00e1 algo mais necess\u00e1rio para esse momento que o Brasil vive, do que exercitar o que Darcy Ribeiro aconselhou a todos os brasileiros em vida: \u201ca coisa mais importante para os brasileiros \u00e9 inventar o Brasil que queremos\u201d.<\/p>\n<p>Para celebrar o legado de 99 anos desse, que foi um dos pol\u00edticos e l\u00edderes mais importantes da hist\u00f3ria do Pa\u00eds, o PDT Nacional e o Movimento Cultural Darcy Ribeiro (MCDR) querem contar para as pessoas qual \u00e9 o Brasil que queremos, a partir das vozes de suas lideran\u00e7as e militantes.<\/p>\n<p>Afinal, Darcy Ribeiro sempre defendeu tudo o que o Brasil mais precisa hoje: educa\u00e7\u00e3o p\u00fablica de qualidade e em tempo integral, desenvolvimento, preserva\u00e7\u00e3o das riquezas naturais, trabalho para todos e diminui\u00e7\u00e3o das desigualdades.<\/p>\n<p>Certamente, estaria lutando contra os retrocessos trabalhistas, econ\u00f4micos, sociais e ambientais do atual desgoverno. Estaria lutando contra os ataques \u00e0 cultura e \u00e0 educa\u00e7\u00e3o p\u00fablica. E claro, contra o fascismo e outros \u201cismos\u201d que est\u00e3o colocando o pa\u00eds de volta no mapa da fome da pobreza.<\/p>\n<p>Darcy Ribeiro sempre acreditou no povo brasileiro, pois conhecia ele como poucos. E nesse seu anivers\u00e1rio nada mais justo do que repensarmos juntos com suas obras e ensinamentos, qual o Brasil que queremos. Sabendo que queremos um Brasil sonhado por Darcy, Leonel Brizola, Alberto Pasqualini e tantos outros.<\/p>\n<p>\u00c9 com o orgulho desses nomes que o PDT e o MCDR v\u00e3o responder:<\/p>\n<p>Qual \u00e9 o Brasil que queremos?<\/p>\n<p>&nbsp;<\/p>\n<p><em><strong>*Lauri Bernardes \u00e9 secret\u00e1rio-geral nacional do Movimento Cultural Darcy Ribeiro<\/strong><\/em><\/p>\n<!-- AddThis Advanced Settings generic via filter on the_content --><!-- AddThis Share Buttons generic via filter on the_content -->","protected":false},"excerpt":{"rendered":"<p>&#8220;Nesse seu anivers\u00e1rio, nada mais justo do que repensarmos juntos com suas obras e ensinamentos&#8221; Se estivesse vivo, em um lugar al\u00e9m da mem\u00f3ria dos que amam este pa\u00eds, Darcy Ribeiro estaria completando 99 anos de vida neste dia 26 de outubro de 2021. E n\u00e3o h\u00e1 algo mais necess\u00e1rio para esse momento que o&#8230;<!-- AddThis Advanced Settings generic via filter on wp_trim_excerpt --><!-- AddThis Share Buttons generic via filter on wp_trim_excerpt --><\/p>\n","protected":false},"author":17,"featured_media":80466,"comment_status":"closed","ping_status":"closed","sticky":false,"template":"","format":"standard","meta":{"_monsterinsights_skip_tracking":false,"_monsterinsights_sitenote_active":false,"_monsterinsights_sitenote_note":"","_monsterinsights_sitenote_category":0,"_uf_show_specific_survey":0,"_uf_disable_surveys":false,"footnotes":""},"categories":[1584,1390,4549,2606],"tags":[3598,22,3469,565,2450,38],"class_list":["post-80464","post","type-post","status-publish","format-standard","has-post-thumbnail","hentry","category-artigos","category-editorias","category-memoria","category-movimento-cultural-darcy-ribeiro","tag-alberto-pasqualini","tag-brasil","tag-lauri-bernardes","tag-leonel-brizola","tag-movimento-cultural-darcy-ribeiro","tag-pdt"],"acf":[],"_links":{"self":[{"href":"https:\/\/pdt-rj.org.br\/index.php\/wp-json\/wp\/v2\/posts\/80464","targetHints":{"allow":["GET"]}}],"collection":[{"href":"https:\/\/pdt-rj.org.br\/index.php\/wp-json\/wp\/v2\/posts"}],"about":[{"href":"https:\/\/pdt-rj.org.br\/index.php\/wp-json\/wp\/v2\/types\/post"}],"author":[{"embeddable":true,"href":"https:\/\/pdt-rj.org.br\/index.php\/wp-json\/wp\/v2\/users\/17"}],"replies":[{"embeddable":true,"href":"https:\/\/pdt-rj.org.br\/index.php\/wp-json\/wp\/v2\/comments?post=80464"}],"version-history":[{"count":1,"href":"https:\/\/pdt-rj.org.br\/index.php\/wp-json\/wp\/v2\/posts\/80464\/revisions"}],"predecessor-version":[{"id":80467,"href":"https:\/\/pdt-rj.org.br\/index.php\/wp-json\/wp\/v2\/posts\/80464\/revisions\/80467"}],"wp:featuredmedia":[{"embeddable":true,"href":"https:\/\/pdt-rj.org.br\/index.php\/wp-json\/wp\/v2\/media\/80466"}],"wp:attachment":[{"href":"https:\/\/pdt-rj.org.br\/index.php\/wp-json\/wp\/v2\/media?parent=80464"}],"wp:term":[{"taxonomy":"category","embeddable":true,"href":"https:\/\/pdt-rj.org.br\/index.php\/wp-json\/wp\/v2\/categories?post=80464"},{"taxonomy":"post_tag","embeddable":true,"href":"https:\/\/pdt-rj.org.br\/index.php\/wp-json\/wp\/v2\/tags?post=80464"}],"curies":[{"name":"wp","href":"https:\/\/api.w.org\/{rel}","templated":true}]}}