{"id":80455,"date":"2021-10-26T01:22:25","date_gmt":"2021-10-26T04:22:25","guid":{"rendered":"http:\/\/pdt-rj.org.br\/?p=80455"},"modified":"2021-11-07T13:37:07","modified_gmt":"2021-11-07T16:37:07","slug":"projeto-nacional-de-desenvolvimento-caminho-referendado-por-darcy-ribeiro-2","status":"publish","type":"post","link":"https:\/\/pdt-rj.org.br\/index.php\/projeto-nacional-de-desenvolvimento-caminho-referendado-por-darcy-ribeiro-2\/","title":{"rendered":"Projeto Nacional de Desenvolvimento: caminho referendado por Darcy Ribeiro"},"content":{"rendered":"<p><em><b>Na Academia Brasileira de Letras, o ex-senador do PDT exaltou a constante luta para emancipar o povo<\/b><\/em><\/p>\n<p>Antrop\u00f3logo, educador e ex-senador pelo PDT, Darcy Ribeiro, que completaria 99 anos nesta ter\u00e7a-feira (26), colocou a formula\u00e7\u00e3o de um Projeto Nacional de Desenvolvimento como caminho para transforma\u00e7\u00e3o da \u201catrasada\u201d realidade brasileira. O pensamento foi exposto, em 15 de abril de 1993, durante a posse como imortal da Academia Brasileira de Letras (ABL), onde ocupou a Cadeira 11.<\/p>\n<p>\u201cEste repto civilizacional desafia nossos estadistas a formular um projeto nacional de desenvolvimento para nos livrar do que seria uma nova condena\u00e7\u00e3o ao atraso\u201d, disse Darcy.<\/p>\n<p>\u201cO mesmo repto se coloca, tamb\u00e9m, a nossos educadores, chamados, por sua vez, a unir seus esfor\u00e7os para superar o precar\u00edssimo sistema educacional que temos, a come\u00e7ar pela escolariza\u00e7\u00e3o de todas as crian\u00e7as, a fim de estancar a produ\u00e7\u00e3o de mais analfabetos\u201d, completou.<\/p>\n<p>Com mais de 28 anos, a coerente posi\u00e7\u00e3o ressoa no que \u00e9 atualmente apresentado pelo partido. Atrav\u00e9s do plano de governo trabalhista de Ciro Gomes, pr\u00e9-candidato a presidente da Rep\u00fablica, o progresso economicamente respons\u00e1vel pode ser alcan\u00e7ado tendo, como um dos pilares, a universaliza\u00e7\u00e3o qualificada do ensino de tempo integral.<\/p>\n<p><b>Idealista<\/b><\/p>\n<p>Contra a repeti\u00e7\u00e3o do \u201cmesmo papel colonial, subalterno e de servidores do mercado mundial\u201d pelo Brasil, Darcy ratificou, portanto, o cont\u00ednuo anseio pedetista de promover a necess\u00e1ria mudan\u00e7a conceitual e estrutural de paradigmas do pa\u00eds.<\/p>\n<p>\u201c\u00c9 o que cumpre fazer para que, afinal, os brasileiros alcancem a condi\u00e7\u00e3o de povo para si, a fim de que o esfor\u00e7o ingente, de cinco s\u00e9culos de trabalho e sofrimento, resulte numa sociedade livre, soberana, feliz e pr\u00f3spera\u201d, afirmou.<\/p>\n<p>\u201cUrge vencer esse desafio, que a Hist\u00f3ria novamente nos prop\u00f5e, para sermos, afinal, a civiliza\u00e7\u00e3o inigual\u00e1vel que podemos ser [&#8230;] O Brasil \u00e9 nossa causa. Nossa tarefa. Nossa miss\u00e3o\u201d, concluiu.<\/p>\n<p>Para conferir a \u00edntegra do discurso, clique\u00a0<a href=\"https:\/\/www.academia.org.br\/academicos\/darcy-ribeiro\/discurso-de-posse\" target=\"_blank\" rel=\"nofollow noopener noreferrer\">aqui<\/a>.<\/p>\n<!-- AddThis Advanced Settings generic via filter on the_content --><!-- AddThis Share Buttons generic via filter on the_content -->","protected":false},"excerpt":{"rendered":"<p>Na Academia Brasileira de Letras, o ex-senador do PDT exaltou a constante luta para emancipar o povo Antrop\u00f3logo, educador e ex-senador pelo PDT, Darcy Ribeiro, que completaria 99 anos nesta ter\u00e7a-feira (26), colocou a formula\u00e7\u00e3o de um Projeto Nacional de Desenvolvimento como caminho para transforma\u00e7\u00e3o da \u201catrasada\u201d realidade brasileira. O pensamento foi exposto, em 15&#8230;<!-- AddThis Advanced Settings generic via filter on wp_trim_excerpt --><!-- AddThis Share Buttons generic via filter on wp_trim_excerpt --><\/p>\n","protected":false},"author":17,"featured_media":80456,"comment_status":"closed","ping_status":"closed","sticky":false,"template":"","format":"standard","meta":{"_monsterinsights_skip_tracking":false,"_monsterinsights_sitenote_active":false,"_monsterinsights_sitenote_note":"","_monsterinsights_sitenote_category":0,"_uf_show_specific_survey":0,"_uf_disable_surveys":false,"footnotes":""},"categories":[1390,4549,976],"tags":[5260,2696,22,220,277,38,1541],"class_list":["post-80455","post","type-post","status-publish","format-standard","has-post-thumbnail","hentry","category-editorias","category-memoria","category-noticias-em-destaque","tag-abl","tag-academia-brasileira-de-letras","tag-brasil","tag-ciro-gomes","tag-darcy-ribeiro","tag-pdt","tag-projeto-nacional-de-desenvolvimento"],"acf":[],"_links":{"self":[{"href":"https:\/\/pdt-rj.org.br\/index.php\/wp-json\/wp\/v2\/posts\/80455","targetHints":{"allow":["GET"]}}],"collection":[{"href":"https:\/\/pdt-rj.org.br\/index.php\/wp-json\/wp\/v2\/posts"}],"about":[{"href":"https:\/\/pdt-rj.org.br\/index.php\/wp-json\/wp\/v2\/types\/post"}],"author":[{"embeddable":true,"href":"https:\/\/pdt-rj.org.br\/index.php\/wp-json\/wp\/v2\/users\/17"}],"replies":[{"embeddable":true,"href":"https:\/\/pdt-rj.org.br\/index.php\/wp-json\/wp\/v2\/comments?post=80455"}],"version-history":[{"count":2,"href":"https:\/\/pdt-rj.org.br\/index.php\/wp-json\/wp\/v2\/posts\/80455\/revisions"}],"predecessor-version":[{"id":80458,"href":"https:\/\/pdt-rj.org.br\/index.php\/wp-json\/wp\/v2\/posts\/80455\/revisions\/80458"}],"wp:featuredmedia":[{"embeddable":true,"href":"https:\/\/pdt-rj.org.br\/index.php\/wp-json\/wp\/v2\/media\/80456"}],"wp:attachment":[{"href":"https:\/\/pdt-rj.org.br\/index.php\/wp-json\/wp\/v2\/media?parent=80455"}],"wp:term":[{"taxonomy":"category","embeddable":true,"href":"https:\/\/pdt-rj.org.br\/index.php\/wp-json\/wp\/v2\/categories?post=80455"},{"taxonomy":"post_tag","embeddable":true,"href":"https:\/\/pdt-rj.org.br\/index.php\/wp-json\/wp\/v2\/tags?post=80455"}],"curies":[{"name":"wp","href":"https:\/\/api.w.org\/{rel}","templated":true}]}}