{"id":80415,"date":"2021-10-22T22:18:58","date_gmt":"2021-10-23T01:18:58","guid":{"rendered":"http:\/\/pdt-rj.org.br\/?p=80415"},"modified":"2021-11-06T17:28:30","modified_gmt":"2021-11-06T20:28:30","slug":"prefiro-ciro-pdt-lanca-campanha-nacional-de-mobilizacao-pelo-pnd","status":"publish","type":"post","link":"https:\/\/pdt-rj.org.br\/index.php\/prefiro-ciro-pdt-lanca-campanha-nacional-de-mobilizacao-pelo-pnd\/","title":{"rendered":"Prefiro Ciro: PDT lan\u00e7a campanha nacional de mobiliza\u00e7\u00e3o pelo PND\u00a0"},"content":{"rendered":"<p class=\"yiv5075866545p1\"><em><span class=\"yiv5075866545s1\"><b>Interven\u00e7\u00f5es digitais e territoriais foram iniciadas por capitais de todas as regi\u00f5es do Brasil\u00a0<\/b><\/span><\/em><\/p>\n<p class=\"yiv5075866545p1\"><span class=\"yiv5075866545s1\">O PDT lan\u00e7ou, nesta sexta-feira (22), uma nova <a href=\"https:\/\/fb.watch\/8P3Y9daLTR\/\">campanha de mobiliza\u00e7\u00e3o em prol da pr\u00e9-candidatura de Ciro Gomes<\/a> a presidente da Rep\u00fablica e do Projeto Nacional de Desenvolvimento (PND). Com o slogan <a href=\"https:\/\/fb.watch\/8P3Y9daLTR\/\">\u201cPrefiro Ciro\u201d<\/a>, uma s\u00e9rie de interven\u00e7\u00f5es digitais e territoriais foram iniciadas a partir capitais de todas as regi\u00f5es do Brasil.\u00a0<\/span><\/p>\n<p class=\"yiv5075866545p1\"><span class=\"yiv5075866545s1\">No Rio de Janeiro (RJ), proje\u00e7\u00f5es foram exibidas em bairros como Lapa, no Centro, e S\u00e3o Crist\u00f3v\u00e3o, na Zona Norte. J\u00e1 em S\u00e3o Paulo (SP), pontos tradicionais foram estilizados, como Rua Augusta e Pra\u00e7a Roosevelt, no Centro, al\u00e9m da Vila Madalena.\u00a0<\/span><\/p>\n<p class=\"yiv5075866545p1\"><span class=\"yiv5075866545s1\">Os mineiros escolheram o edif\u00edcio Malleta, no Centro de Belo Horizonte (MG), para a exibir a marca. A Avenida Jo\u00e3o Pessoa, em Porto Alegre (RS), foi o ponto escolhido para refor\u00e7ar o apoio do ber\u00e7o do Trabalhismo.<\/span><\/p>\n<p class=\"yiv5075866545p1\"><span class=\"yiv5075866545s1\">Em Salvador (BA), a milit\u00e2ncia optou pelo Largo da Mariquita, no bairro do Rio Vermelho. Por Bel\u00e9m (PA), \u00e9 poss\u00edvel conferir imagens na Avenida Serzedelo Corr\u00eaa. Na cidade de Teresina (PI), o p\u00fablico aplaudiu o pedetista no cruzamento das avenidas Marechal Castelo Branco com J\u00f3quei Clube.<\/span><\/p>\n<figure id=\"attachment_80422\" aria-describedby=\"caption-attachment-80422\" style=\"width: 791px\" class=\"wp-caption aligncenter\"><img loading=\"lazy\" decoding=\"async\" class=\"wp-image-80422 \" src=\"http:\/\/pdt-rj.org.br\/wp-content\/uploads\/2021\/10\/Militantes-dos-movimentos-do-PDT-prestigiam-a-a\u00e7\u00e3o-no-Rio-de-Janeiro.jpeg\" alt=\"\" width=\"791\" height=\"413\" \/><figcaption id=\"caption-attachment-80422\" class=\"wp-caption-text\"><em><strong>Militantes dos movimentos do PDT prestigiam a a\u00e7\u00e3o no Rio de Janeiro<\/strong><\/em><\/figcaption><\/figure>\n<p class=\"yiv5075866545p2\"><b>Import\u00e2ncia<\/b><\/p>\n<p class=\"yiv5075866545p1\"><span class=\"yiv5075866545s1\">Ao explicar a abrang\u00eancia da proposta, Ciro indicou que, durante os pr\u00f3ximos meses, os pedetistas colocar\u00e3o em evid\u00eancia medidas que podem transformar a realidade nacional.\u00a0\u00a0<\/span><\/p>\n<p class=\"yiv5075866545p1\"><span class=\"yiv5075866545s1\">\u201cO PDT de todo Brasil se unir\u00e1, a partir de hoje, em uma a\u00e7\u00e3o digital e territorial in\u00e9dita de divulga\u00e7\u00e3o das nossas ideias para o Brasil.\u00a0<\/span><\/p>\n<p class=\"yiv5075866545p1\"><span class=\"yiv5075866545s1\">A a\u00e7\u00e3o utilizar\u00e1 mecanismos novos de mobiliza\u00e7\u00e3o e divulga\u00e7\u00e3o, incluindo performances e efeitos eletr\u00f4nicos\u201d, detalhou o ex-governador do Cear\u00e1.\u00a0<\/span><\/p>\n<p class=\"yiv5075866545p1\"><span class=\"yiv5075866545s1\">\u201cAs primeiras interven\u00e7\u00f5es come\u00e7am no in\u00edcio da noite de hoje e devem se prolongar at\u00e9 o final do ano. O intuito \u00e9 seguir mostrando que existe um Projeto Nacional de Desenvolvimento que pode resgatar o pa\u00eds das crises econ\u00f4mica, social e pol\u00edtica que est\u00e1 vivendo\u201d, salientou.\u00a0<\/span><\/p>\n<p class=\"yiv5075866545p1\"><span class=\"yiv5075866545s1\">O presidente nacional do partido, Carlos Lupi, ratificou que a op\u00e7\u00e3o trabalhista, sustentada em um plano de governo s\u00f3lido, desponta como uma alternativa vi\u00e1vel e diferenciada para as elei\u00e7\u00f5es de 2022.<\/span><\/p>\n<p class=\"yiv5075866545p1\"><span class=\"yiv5075866545s1\">\u201cVamos mostrar para nossa gente que existe esperan\u00e7a, uma sa\u00edda, um Projeto Nacional de Desenvolvimento\u201d, destacou Lupi.\u00a0<\/span><\/p>\n<p class=\"yiv5075866545p1\"><span class=\"yiv5075866545s1\">\u201cNem o presente duvidoso e nem o passado j\u00e1 sem gosto! Estamos aqui em SP com a Turma Boa no lan\u00e7amento do #PrefiroCiro\u201d, completou Antonio Neto, presidente da sigla na capital paulista.\u00a0<\/span><\/p>\n<figure id=\"attachment_80419\" aria-describedby=\"caption-attachment-80419\" style=\"width: 800px\" class=\"wp-caption aligncenter\"><img loading=\"lazy\" decoding=\"async\" class=\"wp-image-80419 \" src=\"http:\/\/pdt-rj.org.br\/wp-content\/uploads\/2021\/10\/L\u00edder-pedetista-e-sindical-Ant\u00f4nio-Neto-esteve-presente-no-Centro-de-S\u00e3o-Paulo.jpeg\" alt=\"\" width=\"800\" height=\"433\" \/><figcaption id=\"caption-attachment-80419\" class=\"wp-caption-text\"><em><strong>Antonio Neto, presidente\u00a0 da Central dos Sindicatos Brasileiros (CSB) e presidente do PDT de S\u00e3o Paulo (SP), na Central da capital paulista<\/strong><\/em><\/figcaption><\/figure>\n<p>Exaltada pelos jovens, a a\u00e7\u00e3o pedetista contou ainda com a divulga\u00e7\u00e3o de um v\u00eddeo (assista ao final) que contempla um apoio plural nas ruas e pela internet.<\/p>\n<p class=\"yiv5075866545p1\"><span class=\"yiv5075866545s1\">\u201c\u00c9 um engajamento nacional que aproxima as propostas trabalhistas dos cidad\u00e3os. Estaremos cada vez mais presentes para debater e conscientizar. \u00c9 s\u00f3 o come\u00e7o de um somat\u00f3rio de esfor\u00e7os para colocar o Brasil no caminho do progresso socialmente respons\u00e1vel\u201d, disse William Rodrigues, presidente nacional da Juventude Socialista.\u00a0<\/span><\/p>\n<p class=\"yiv5075866545p1\"><span class=\"yiv5075866545s1\">Confira o clipe:\u00a0<a href=\"https:\/\/fb.watch\/8P3Y9daLTR\/\" target=\"_blank\" rel=\"nofollow noopener noreferrer\">https:\/\/fb.watch\/8P3Y9daLTR\/<\/a><\/span><\/p>\n<p class=\"yiv5075866545p1\">\n<!-- AddThis Advanced Settings generic via filter on the_content --><!-- AddThis Share Buttons generic via filter on the_content -->","protected":false},"excerpt":{"rendered":"<p>Interven\u00e7\u00f5es digitais e territoriais foram iniciadas por capitais de todas as regi\u00f5es do Brasil\u00a0 O PDT lan\u00e7ou, nesta sexta-feira (22), uma nova campanha de mobiliza\u00e7\u00e3o em prol da pr\u00e9-candidatura de Ciro Gomes a presidente da Rep\u00fablica e do Projeto Nacional de Desenvolvimento (PND). Com o slogan \u201cPrefiro Ciro\u201d, uma s\u00e9rie de interven\u00e7\u00f5es digitais e territoriais&#8230;<!-- AddThis Advanced Settings generic via filter on wp_trim_excerpt --><!-- AddThis Share Buttons generic via filter on wp_trim_excerpt --><\/p>\n","protected":false},"author":17,"featured_media":80416,"comment_status":"closed","ping_status":"closed","sticky":false,"template":"","format":"standard","meta":{"_monsterinsights_skip_tracking":false,"_monsterinsights_sitenote_active":false,"_monsterinsights_sitenote_note":"","_monsterinsights_sitenote_category":0,"_uf_show_specific_survey":0,"_uf_disable_surveys":false,"footnotes":""},"categories":[1390,975,976],"tags":[2621,196,220,5256,1541,3981],"class_list":["post-80415","post","type-post","status-publish","format-standard","has-post-thumbnail","hentry","category-editorias","category-manchete","category-noticias-em-destaque","tag-antonio-neto","tag-carlos-lupi","tag-ciro-gomes","tag-prefiro-ciro","tag-projeto-nacional-de-desenvolvimento","tag-turma-boa"],"acf":[],"_links":{"self":[{"href":"https:\/\/pdt-rj.org.br\/index.php\/wp-json\/wp\/v2\/posts\/80415","targetHints":{"allow":["GET"]}}],"collection":[{"href":"https:\/\/pdt-rj.org.br\/index.php\/wp-json\/wp\/v2\/posts"}],"about":[{"href":"https:\/\/pdt-rj.org.br\/index.php\/wp-json\/wp\/v2\/types\/post"}],"author":[{"embeddable":true,"href":"https:\/\/pdt-rj.org.br\/index.php\/wp-json\/wp\/v2\/users\/17"}],"replies":[{"embeddable":true,"href":"https:\/\/pdt-rj.org.br\/index.php\/wp-json\/wp\/v2\/comments?post=80415"}],"version-history":[{"count":6,"href":"https:\/\/pdt-rj.org.br\/index.php\/wp-json\/wp\/v2\/posts\/80415\/revisions"}],"predecessor-version":[{"id":80424,"href":"https:\/\/pdt-rj.org.br\/index.php\/wp-json\/wp\/v2\/posts\/80415\/revisions\/80424"}],"wp:featuredmedia":[{"embeddable":true,"href":"https:\/\/pdt-rj.org.br\/index.php\/wp-json\/wp\/v2\/media\/80416"}],"wp:attachment":[{"href":"https:\/\/pdt-rj.org.br\/index.php\/wp-json\/wp\/v2\/media?parent=80415"}],"wp:term":[{"taxonomy":"category","embeddable":true,"href":"https:\/\/pdt-rj.org.br\/index.php\/wp-json\/wp\/v2\/categories?post=80415"},{"taxonomy":"post_tag","embeddable":true,"href":"https:\/\/pdt-rj.org.br\/index.php\/wp-json\/wp\/v2\/tags?post=80415"}],"curies":[{"name":"wp","href":"https:\/\/api.w.org\/{rel}","templated":true}]}}