{"id":80406,"date":"2021-10-22T11:02:53","date_gmt":"2021-10-22T14:02:53","guid":{"rendered":"http:\/\/pdt-rj.org.br\/?p=80406"},"modified":"2021-10-22T11:02:53","modified_gmt":"2021-10-22T14:02:53","slug":"escolas-da-rede-municipal-de-cabo-frio-rj-passam-por-obras-de-reforma-e-conservacao","status":"publish","type":"post","link":"https:\/\/pdt-rj.org.br\/index.php\/escolas-da-rede-municipal-de-cabo-frio-rj-passam-por-obras-de-reforma-e-conservacao\/","title":{"rendered":"Escolas da rede municipal de Cabo Frio (RJ) passam por obras de reforma e conserva\u00e7\u00e3o"},"content":{"rendered":"<p>Gerida por Jos\u00e9 Bonif\u00e1cio (PDT), a Prefeitura de Cabo Frio (RJ) est\u00e1 atuando na reforma e conserva\u00e7\u00e3o de unidades escolares da rede municipal de ensino, tanto no primeiro distrito como em Tamoios. O total de investimentos em infraestrutura, segundo a equipe de engenharia da Secretaria de Educa\u00e7\u00e3o, \u00e9 na ordem de R$ 15.793.033,97. A previs\u00e3o de entrega das melhorias \u00e9 janeiro de 2022.<\/p>\n<p>As escolas municipais Ara\u00e7\u00e1 (Ara\u00e7\u00e1), Nilo Batista e Francisca Nazareth de Souza (Campos Novos), Professora Cil\u00e9a Maria Barreto (Jardim Per\u00f3), Professora Patr\u00edcia Azevedo de Almeida (Jardim Esperan\u00e7a), S\u00e3o Crist\u00f3v\u00e3o (S\u00e3o Crist\u00f3v\u00e3o) e Creche Escola Parque Eldorado (Parque Eldorado) tiveram as obras conclu\u00eddas entre os meses de maio e agosto. Os valores somados chegam a R$ 3.584.721,84.<\/p>\n<p>Outras seis unidades est\u00e3o com obras em andamento, totalizando investimento de R$10.082.553,54: escolas municipais Vereador Leaquim Schuindt e Professora Elza Maria Santa Rosa Bernardo (Jardim Esperan\u00e7a), Luiz Lindenberg (Guarani), Am\u00e9rico Vesp\u00facio (Parque Burle), Francisco Franco (Ara\u00e7\u00e1) e Professora Alitta Maria do Valle (Unamar).<\/p>\n<p>Al\u00e9m disso, outros cinco pr\u00e9dios j\u00e1 possuem processo aberto, aguardando tramita\u00e7\u00e3o para o in\u00edcio das obras, que custar\u00e3o R$ 2.125.758,59. Ser\u00e3o contempladas as escolas municipais Pedro Jotha (S\u00e3o Jacintho), Robinson Carvalho de Azevedo (Parque Burle), Jo\u00e3o Bessa Teixeira (Uni\u00e3o), Deodoro Azevedo (Guarani) e de educa\u00e7\u00e3o infantil Neusa Agualusa da Costa (Tangar\u00e1).<\/p>\n<p>As unidades escolares Edith Castro dos Santos (Santo Ant\u00f4nio), Maria D\u00e1ria Saldanha e Talita Hernandes Perell\u00f3 (Jardim Esperan\u00e7a), Professor Achilles Almeida Barreto (Porto do Carro), Professor Carlos Alberto Gomes de Carvalho (Loteamento Colinas do Per\u00f3), Evaldo Salles e Etelvina Santana da Fonseca (Per\u00f3), Paulo Burle (Jardim Cai\u00e7ara), e Professora Catharina da Silveira Cordeiro (Monte Alegre) est\u00e3o em fase de planilhamento.<\/p>\n<p>Segundo o engenheiro Ricardo Tanner Muniz, as obras incluem melhorias no interior dos pr\u00e9dios, como pintura e conserva\u00e7\u00e3o, e tamb\u00e9m nas instala\u00e7\u00f5es el\u00e9tricas e hidr\u00e1ulicas, al\u00e9m de refor\u00e7o nas estruturas, constru\u00e7\u00e3o de quadra coberta e \u00e1rea de conviv\u00eancia, entre outros.<\/p>\n<p>A obra mais emblem\u00e1tica \u00e9 a reconstru\u00e7\u00e3o da escola municipal Luis Lindenberg. A unidade, que fica no bairro Guarani, vai abrigar alunos do 6\u00ba ao 9\u00ba ano. O valor total estimado da obra \u00e9 de R$ 6.247.700,07.<\/p>\n<p>A equipe de engenharia estuda ainda a situa\u00e7\u00e3o de outras unidades que passaram por levantamento para verifica\u00e7\u00e3o de necessidades para posterior execu\u00e7\u00e3o de planilhas e abertura de processo:<br \/>\n\u2022 Creche E. M. Professora Maria Am\u00e1lia Dos Santos Silveira (Jacar\u00e9)<br \/>\n\u2022 Creche E. M. Professora Wanda Maria Nogueira Gon\u00e7alves (Jardim Esperan\u00e7a)<br \/>\n\u2022 E. M. de Ed. Infantil Professora Ana Pereira Gon\u00e7alves (Unamar)<br \/>\n\u2022 E.M. de Ed. Infantil Professora Anita Teixeira da Silva (Santo Ant\u00f4nio)<br \/>\n\u2022 E.M. de Ed. Infantil do Pomar (Jacar\u00e9)<br \/>\n\u2022 E. M. de Ed. Infantil Cladyr da Rocha Mendes (Parque Burle)<br \/>\n\u2022 E. M. de Ed. Infantil Professora Dalcy Barroso Pillar (Praia do Siqueira)<br \/>\n\u2022 E. M. Professor Edilson Duarte (Jardim Cai\u00e7ara)<br \/>\n\u2022 E. M. Professor Renato Azevedo (S\u00e3o Francisco)<br \/>\n\u2022 E. M. Professora Alfredina Oliveira Francesconi (Jardim Esperan\u00e7a)<br \/>\n\u2022 E. M. Professora Cl\u00e1udia Muzio Freitas de Oliveira (Jardim Esperan\u00e7a)<br \/>\n\u2022 E. M. Professora Leomari Garcia Barreto (Tangar\u00e1)<br \/>\n\u2022 E. M. Themira Palmer (Manoel Corr\u00eaa)<br \/>\n\u2022 E. E. Municipalizada Tosana (Fazenda da Pedra)<br \/>\n\u2022 E. M. Jos\u00e9 Francisco da Silveira J\u00fanior (Jardim Esperan\u00e7a)<br \/>\n\u2022 E. M. Domingos Gouv\u00eaa (Portinho)<br \/>\n\u2022 E. M. Manoel Mendes de Souza (Jardim N\u00e1utilus)<br \/>\n\u2022 E.M. Maria Helena Bello da Costa (Sambur\u00e1)<\/p>\n<!-- AddThis Advanced Settings generic via filter on the_content --><!-- AddThis Share Buttons generic via filter on the_content -->","protected":false},"excerpt":{"rendered":"<p>Gerida por Jos\u00e9 Bonif\u00e1cio (PDT), a Prefeitura de Cabo Frio (RJ) est\u00e1 atuando na reforma e conserva\u00e7\u00e3o de unidades escolares da rede municipal de ensino, tanto no primeiro distrito como em Tamoios. O total de investimentos em infraestrutura, segundo a equipe de engenharia da Secretaria de Educa\u00e7\u00e3o, \u00e9 na ordem de R$ 15.793.033,97. A previs\u00e3o&#8230;<!-- AddThis Advanced Settings generic via filter on wp_trim_excerpt --><!-- AddThis Share Buttons generic via filter on wp_trim_excerpt --><\/p>\n","protected":false},"author":17,"featured_media":80408,"comment_status":"closed","ping_status":"closed","sticky":false,"template":"","format":"standard","meta":{"_monsterinsights_skip_tracking":false,"_monsterinsights_sitenote_active":false,"_monsterinsights_sitenote_note":"","_monsterinsights_sitenote_category":0,"_uf_show_specific_survey":0,"_uf_disable_surveys":false,"footnotes":""},"categories":[1390,1402],"tags":[4129,3068],"class_list":["post-80406","post","type-post","status-publish","format-standard","has-post-thumbnail","hentry","category-editorias","category-cidades","tag-cabo-frio-rj","tag-jose-bonifacio"],"acf":[],"_links":{"self":[{"href":"https:\/\/pdt-rj.org.br\/index.php\/wp-json\/wp\/v2\/posts\/80406","targetHints":{"allow":["GET"]}}],"collection":[{"href":"https:\/\/pdt-rj.org.br\/index.php\/wp-json\/wp\/v2\/posts"}],"about":[{"href":"https:\/\/pdt-rj.org.br\/index.php\/wp-json\/wp\/v2\/types\/post"}],"author":[{"embeddable":true,"href":"https:\/\/pdt-rj.org.br\/index.php\/wp-json\/wp\/v2\/users\/17"}],"replies":[{"embeddable":true,"href":"https:\/\/pdt-rj.org.br\/index.php\/wp-json\/wp\/v2\/comments?post=80406"}],"version-history":[{"count":2,"href":"https:\/\/pdt-rj.org.br\/index.php\/wp-json\/wp\/v2\/posts\/80406\/revisions"}],"predecessor-version":[{"id":80409,"href":"https:\/\/pdt-rj.org.br\/index.php\/wp-json\/wp\/v2\/posts\/80406\/revisions\/80409"}],"wp:featuredmedia":[{"embeddable":true,"href":"https:\/\/pdt-rj.org.br\/index.php\/wp-json\/wp\/v2\/media\/80408"}],"wp:attachment":[{"href":"https:\/\/pdt-rj.org.br\/index.php\/wp-json\/wp\/v2\/media?parent=80406"}],"wp:term":[{"taxonomy":"category","embeddable":true,"href":"https:\/\/pdt-rj.org.br\/index.php\/wp-json\/wp\/v2\/categories?post=80406"},{"taxonomy":"post_tag","embeddable":true,"href":"https:\/\/pdt-rj.org.br\/index.php\/wp-json\/wp\/v2\/tags?post=80406"}],"curies":[{"name":"wp","href":"https:\/\/api.w.org\/{rel}","templated":true}]}}