{"id":80361,"date":"2021-10-20T18:47:23","date_gmt":"2021-10-20T21:47:23","guid":{"rendered":"http:\/\/pdt-rj.org.br\/?p=80361"},"modified":"2021-11-06T17:28:56","modified_gmt":"2021-11-06T20:28:56","slug":"lideranca-nacional-do-pdt-recebe-delegacao-da-alianca-nacional-lgbti-em-brasilia","status":"publish","type":"post","link":"https:\/\/pdt-rj.org.br\/index.php\/lideranca-nacional-do-pdt-recebe-delegacao-da-alianca-nacional-lgbti-em-brasilia\/","title":{"rendered":"Lideran\u00e7a Nacional do PDT recebe delega\u00e7\u00e3o da Alian\u00e7a Nacional LGBTI+ em Bras\u00edlia"},"content":{"rendered":"<p><em><strong>Lupi, Manoel Dias e Amanda Anderson estiveram no encontro, marcado pelo debate em prol da defesa da democracia no Pa\u00eds<\/strong><\/em><\/p>\n<p>Nesta quarta-feira (20), o presidente nacional do PDT, Carlos Lupi, e o secret\u00e1rio-geral nacional Manoel Dias, e a presidente nacional do PDT Diversidade, Amanda Anderson, e o vice-presidente nacional do movimento, Thiago Costa, receberam a delega\u00e7\u00e3o da Alian\u00e7a Nacional LGBTI+ na sede nacional do partido, em Bras\u00edlia.<\/p>\n<p>A necessidade de buscar\u00a0 e manter a democracia no Brasil foi uma das pautas debatidas no encontro, no qual o diretor presidente da Alian\u00e7a, Toni Reis, explicitou a necessidade de positiva\u00e7\u00e3o dos direitos conquistados no Supremo Tribunal\u00a0 Federal (STF.)<\/p>\n<p>Na ocasi\u00e3o, foi entregue a Carta da Diversidade da Alian\u00e7a Nacional LGBTI+, documento que elenca os objetivos, princ\u00edpios e pautas priorit\u00e1rias da entidade no Congresso Nacional e no STF.<\/p>\n<p>De acordo com Lupi, a luta pela equidade de direitos perpassa o que \u00e9 defendido pelos Direitos Humanos, sendo o alicerce de um pa\u00eds onde, de fato, impera a democracia.<\/p>\n<p>&#8220;A sociedade que queremos e pretende-se civilizada deve defender a democracia e o fim do preconceito e da discrimina\u00e7\u00e3o. A luta pela liberdade \u00e9 princ\u00edpio da declara\u00e7\u00e3o dos direitos humanos e deve ser princ\u00edpio de todas as pessoas democratas&#8221;.<\/p>\n<p>Estiveram presentes no encontro Toni Reis (@toni_reis), diretor presidente da Alian\u00e7a Nacional LGBTI+, presidente da Associa\u00e7\u00e3o Brasileira de Fam\u00edlias Homotransafetivas (Abrafh) e integrante da executiva da Red GayLatino; Cl\u00e1udio Nascimento (@claudio.nascimento), diretor de pol\u00edticas p\u00fablicas da Alian\u00e7a e Amanda Baliza (@amandasoutob), da coordena\u00e7\u00e3o jur\u00eddica da Alian\u00e7a.<\/p>\n<p>Essa a\u00e7\u00e3o faz parte do Projeto Pacto LGBTI+, da Universidade Federal do Paran\u00e1, e do Projeto Sinergia das Alian\u00e7as, executado pela Alian\u00e7a Nacional LGBTI+, em parceria com a Red GayLatino e a Abrafh.<\/p>\n<!-- AddThis Advanced Settings generic via filter on the_content --><!-- AddThis Share Buttons generic via filter on the_content -->","protected":false},"excerpt":{"rendered":"<p>Lupi, Manoel Dias e Amanda Anderson estiveram no encontro, marcado pelo debate em prol da defesa da democracia no Pa\u00eds Nesta quarta-feira (20), o presidente nacional do PDT, Carlos Lupi, e o secret\u00e1rio-geral nacional Manoel Dias, e a presidente nacional do PDT Diversidade, Amanda Anderson, e o vice-presidente nacional do movimento, Thiago Costa, receberam a&#8230;<!-- AddThis Advanced Settings generic via filter on wp_trim_excerpt --><!-- AddThis Share Buttons generic via filter on wp_trim_excerpt --><\/p>\n","protected":false},"author":17,"featured_media":80365,"comment_status":"closed","ping_status":"closed","sticky":false,"template":"","format":"standard","meta":{"_monsterinsights_skip_tracking":false,"_monsterinsights_sitenote_active":false,"_monsterinsights_sitenote_note":"","_monsterinsights_sitenote_category":0,"_uf_show_specific_survey":0,"_uf_disable_surveys":false,"footnotes":""},"categories":[1390,1397,1401,976,1912],"tags":[5240,51,196,5245,54,591],"class_list":["post-80361","post","type-post","status-publish","format-standard","has-post-thumbnail","hentry","category-editorias","category-movimentos","category-nacional","category-noticias-em-destaque","category-diversidade","tag-alianca-nacional-lgbti","tag-amanda-anderson","tag-carlos-lupi","tag-carta-da-diversidade-da-alianca-nacional-lgbti","tag-direitos-humanos","tag-manoel-dias"],"acf":[],"_links":{"self":[{"href":"https:\/\/pdt-rj.org.br\/index.php\/wp-json\/wp\/v2\/posts\/80361","targetHints":{"allow":["GET"]}}],"collection":[{"href":"https:\/\/pdt-rj.org.br\/index.php\/wp-json\/wp\/v2\/posts"}],"about":[{"href":"https:\/\/pdt-rj.org.br\/index.php\/wp-json\/wp\/v2\/types\/post"}],"author":[{"embeddable":true,"href":"https:\/\/pdt-rj.org.br\/index.php\/wp-json\/wp\/v2\/users\/17"}],"replies":[{"embeddable":true,"href":"https:\/\/pdt-rj.org.br\/index.php\/wp-json\/wp\/v2\/comments?post=80361"}],"version-history":[{"count":2,"href":"https:\/\/pdt-rj.org.br\/index.php\/wp-json\/wp\/v2\/posts\/80361\/revisions"}],"predecessor-version":[{"id":80367,"href":"https:\/\/pdt-rj.org.br\/index.php\/wp-json\/wp\/v2\/posts\/80361\/revisions\/80367"}],"wp:featuredmedia":[{"embeddable":true,"href":"https:\/\/pdt-rj.org.br\/index.php\/wp-json\/wp\/v2\/media\/80365"}],"wp:attachment":[{"href":"https:\/\/pdt-rj.org.br\/index.php\/wp-json\/wp\/v2\/media?parent=80361"}],"wp:term":[{"taxonomy":"category","embeddable":true,"href":"https:\/\/pdt-rj.org.br\/index.php\/wp-json\/wp\/v2\/categories?post=80361"},{"taxonomy":"post_tag","embeddable":true,"href":"https:\/\/pdt-rj.org.br\/index.php\/wp-json\/wp\/v2\/tags?post=80361"}],"curies":[{"name":"wp","href":"https:\/\/api.w.org\/{rel}","templated":true}]}}