{"id":80345,"date":"2021-10-19T21:11:31","date_gmt":"2021-10-20T00:11:31","guid":{"rendered":"http:\/\/pdt-rj.org.br\/?p=80345"},"modified":"2021-10-19T21:11:31","modified_gmt":"2021-10-20T00:11:31","slug":"em-audiencia-na-camara-pdt-diversidade-apresenta-a-alianca-nacional-lgbti","status":"publish","type":"post","link":"https:\/\/pdt-rj.org.br\/index.php\/em-audiencia-na-camara-pdt-diversidade-apresenta-a-alianca-nacional-lgbti\/","title":{"rendered":"Em audi\u00eancia na C\u00e2mara, PDT Diversidade apresenta a Alian\u00e7a Nacional LGBTI+"},"content":{"rendered":"<p>A presidenta nacional do PDT Diversidade, Amanda Anderson, e o vice-presidente nacional do movimento, Thiago Costa, estiveram em audi\u00eancia, na C\u00e2mara Federal, com a deputada federal Tal\u00edria Petrone (PSOL), nesta ter\u00e7a-feira (19), para apresentar a Alian\u00e7a Nacional LGBTI+ e entregar a Carta da Diversidade com as principais pautas de promo\u00e7\u00e3o da cidadania LGBTI+.<\/p>\n<p>Na ocasi\u00e3o, o movimento tamb\u00e9m apresentou o Programa Plataforma do Respeito, que \u00e9 um projeto de combate \u00e0 desinforma\u00e7\u00e3o em mat\u00e9ria de Direitos Humanos, e o Programa Cumpram-se, o qual procura verificar se as decis\u00f5es do STF s\u00e3o plenamente aplicadas nas unidades federativas.<\/p>\n<p>Estiveram presentes na audi\u00eancia Toni Reis, diretor presidente da Alian\u00e7a Nacional LGBTI+, presidente da Associa\u00e7\u00e3o Brasileira de Fam\u00edlias Homotransafetivas (Abrafh) e integrante da executiva da Red GayLatino, Cl\u00e1udio Nascimento, diretor de pol\u00edticas p\u00fablicas da Alian\u00e7a, presidente do Grupo Arco-Iris de Cidadania LGBTI+, Amanda Baliza (@amandasoutob), da coordena\u00e7\u00e3o jur\u00eddica da Alian\u00e7a.<\/p>\n<!-- AddThis Advanced Settings generic via filter on the_content --><!-- AddThis Share Buttons generic via filter on the_content -->","protected":false},"excerpt":{"rendered":"<p>A presidenta nacional do PDT Diversidade, Amanda Anderson, e o vice-presidente nacional do movimento, Thiago Costa, estiveram em audi\u00eancia, na C\u00e2mara Federal, com a deputada federal Tal\u00edria Petrone (PSOL), nesta ter\u00e7a-feira (19), para apresentar a Alian\u00e7a Nacional LGBTI+ e entregar a Carta da Diversidade com as principais pautas de promo\u00e7\u00e3o da cidadania LGBTI+. Na ocasi\u00e3o,&#8230;<!-- AddThis Advanced Settings generic via filter on wp_trim_excerpt --><!-- AddThis Share Buttons generic via filter on wp_trim_excerpt --><\/p>\n","protected":false},"author":17,"featured_media":80348,"comment_status":"closed","ping_status":"closed","sticky":false,"template":"","format":"standard","meta":{"_monsterinsights_skip_tracking":false,"_monsterinsights_sitenote_active":false,"_monsterinsights_sitenote_note":"","_monsterinsights_sitenote_category":0,"_uf_show_specific_survey":0,"_uf_disable_surveys":false,"footnotes":""},"categories":[1390,1397,1912],"tags":[5240,51,5241,54,2710,59],"class_list":["post-80345","post","type-post","status-publish","format-standard","has-post-thumbnail","hentry","category-editorias","category-movimentos","category-diversidade","tag-alianca-nacional-lgbti","tag-amanda-anderson","tag-carta-da-diversidade","tag-direitos-humanos","tag-lgbti","tag-pdt-diversidade"],"acf":[],"_links":{"self":[{"href":"https:\/\/pdt-rj.org.br\/index.php\/wp-json\/wp\/v2\/posts\/80345","targetHints":{"allow":["GET"]}}],"collection":[{"href":"https:\/\/pdt-rj.org.br\/index.php\/wp-json\/wp\/v2\/posts"}],"about":[{"href":"https:\/\/pdt-rj.org.br\/index.php\/wp-json\/wp\/v2\/types\/post"}],"author":[{"embeddable":true,"href":"https:\/\/pdt-rj.org.br\/index.php\/wp-json\/wp\/v2\/users\/17"}],"replies":[{"embeddable":true,"href":"https:\/\/pdt-rj.org.br\/index.php\/wp-json\/wp\/v2\/comments?post=80345"}],"version-history":[{"count":2,"href":"https:\/\/pdt-rj.org.br\/index.php\/wp-json\/wp\/v2\/posts\/80345\/revisions"}],"predecessor-version":[{"id":80349,"href":"https:\/\/pdt-rj.org.br\/index.php\/wp-json\/wp\/v2\/posts\/80345\/revisions\/80349"}],"wp:featuredmedia":[{"embeddable":true,"href":"https:\/\/pdt-rj.org.br\/index.php\/wp-json\/wp\/v2\/media\/80348"}],"wp:attachment":[{"href":"https:\/\/pdt-rj.org.br\/index.php\/wp-json\/wp\/v2\/media?parent=80345"}],"wp:term":[{"taxonomy":"category","embeddable":true,"href":"https:\/\/pdt-rj.org.br\/index.php\/wp-json\/wp\/v2\/categories?post=80345"},{"taxonomy":"post_tag","embeddable":true,"href":"https:\/\/pdt-rj.org.br\/index.php\/wp-json\/wp\/v2\/tags?post=80345"}],"curies":[{"name":"wp","href":"https:\/\/api.w.org\/{rel}","templated":true}]}}