{"id":80272,"date":"2021-10-15T12:31:04","date_gmt":"2021-10-15T15:31:04","guid":{"rendered":"http:\/\/pdt-rj.org.br\/?p=80272"},"modified":"2021-10-15T12:31:37","modified_gmt":"2021-10-15T15:31:37","slug":"prefeitura-de-cabo-frio-rj-promove-capacitacao-sobre-turismo-historico","status":"publish","type":"post","link":"https:\/\/pdt-rj.org.br\/index.php\/prefeitura-de-cabo-frio-rj-promove-capacitacao-sobre-turismo-historico\/","title":{"rendered":"Prefeitura de Cabo Frio (RJ) promove capacita\u00e7\u00e3o sobre turismo hist\u00f3rico"},"content":{"rendered":"<p><em><b>Curso \u00e9 direcionado aos guias municipais e apresenta atividades te\u00f3ricas e pr\u00e1ticas<\/b><\/em><\/p>\n<p style=\"font-weight: 400;\">A Prefeitura de Cabo Frio (RJ), sob o comando de Jos\u00e9 Bonif\u00e1cio (PDT), deu in\u00edcio a uma capacita\u00e7\u00e3o t\u00e9cnica sobre turismo hist\u00f3rico. O curso est\u00e1 sendo ministrado para guias formados e cadastrados no Minist\u00e9rio do Turismo (Cadastur). Ao todo, 20 profissionais est\u00e3o participando. A grade \u00e9 composta por aulas on-line e presenciais, unindo teoria e pr\u00e1tica. A previs\u00e3o \u00e9 que o curso seja finalizado dia 11 de novembro, com a apresenta\u00e7\u00e3o de um trabalho de conclus\u00e3o obrigat\u00f3rio.<\/p>\n<p style=\"font-weight: 400;\">A capacita\u00e7\u00e3o \u00e9 realizada pelo professor e historiador Acioli J\u00fanior, e pelas t\u00e9cnicas da Secretaria de Turismo, Esporte e Lazer, Karen Varela e M\u00f4nica Aguiar. O curso \u00e9 composto por cinco aulas e um trabalho de conclus\u00e3o. Al\u00e9m da aula inaugural on-line, os guias de turismo ter\u00e3o ainda quatro aulas presenciais, cada uma com a dura\u00e7\u00e3o de tr\u00eas horas. Nelas, os alunos poder\u00e3o fazer o roteiro tur\u00edstico cabo-friense in loco, juntamente com os professores e as t\u00e9cnicas da Secretaria.<\/p>\n<p style=\"font-weight: 400;\">Focando em ampliar as capacita\u00e7\u00f5es, novas turmas dever\u00e3o ser abertas pela Secretaria de Turismo, Esporte e Lazer no pr\u00f3ximo ano, ap\u00f3s a alta temporada. Al\u00e9m dos ensinamentos voltados exclusivamente para o turismo hist\u00f3rico, um curso livre est\u00e1 sendo formatado para a \u00e1rea ambiental. A ideia \u00e9 que a nova capacita\u00e7\u00e3o tamb\u00e9m seja realizada com a metodologia on-line e presencial.<\/p>\n<p style=\"font-weight: 400;\">Destacando a import\u00e2ncia de explorar o potencial tur\u00edstico-hist\u00f3rico de Cabo Frio, e capacitando os guias de acordo com as exig\u00eancias t\u00e9cnicas e \u00e9ticas do Minist\u00e9rio do Turismo, o secret\u00e1rio de Turismo, Esporte e Lazer, Carlos Cunha, celebrou mais essa realiza\u00e7\u00e3o.<\/p>\n<p style=\"font-weight: 400;\">\u201cAntes da pandemia alguns roteiros foram lan\u00e7ados por historiadores, estando em desacordo com o que \u00e9 exigido pelo Minist\u00e9rio de Turismo, j\u00e1 que os \u00fanicos profissionais aptos a guiar turistas s\u00e3o realmente os guias de turismo. Com essa capacita\u00e7\u00e3o, estamos tirando o produto Turismo Hist\u00f3rico \u2018da prateleira\u2019. Readaptamos, demos nova roupagem, profissionalizamos, treinamos seus atores, e em novembro o devolveremos para as prateleiras de nosso destino tur\u00edstico\u201d, disse Carlos Cunha.<\/p>\n<p style=\"font-weight: 400;\">\u201cEstamos preparando Cabo Frio para o futuro. Os guias de turismo ser\u00e3o nossos principais vendedores e condutores. Eles estudaram para isso, e precisam ser valorizados e respeitados. Os cursos de especializa\u00e7\u00e3o de v\u00e1rias \u00e1reas, respeitando as especifica\u00e7\u00f5es de nossa cidade, chegam para qualificar ainda mais o trabalho desses profissionais\u201d, completou.<\/p>\n<!-- AddThis Advanced Settings generic via filter on the_content --><!-- AddThis Share Buttons generic via filter on the_content -->","protected":false},"excerpt":{"rendered":"<p>Curso \u00e9 direcionado aos guias municipais e apresenta atividades te\u00f3ricas e pr\u00e1ticas A Prefeitura de Cabo Frio (RJ), sob o comando de Jos\u00e9 Bonif\u00e1cio (PDT), deu in\u00edcio a uma capacita\u00e7\u00e3o t\u00e9cnica sobre turismo hist\u00f3rico. O curso est\u00e1 sendo ministrado para guias formados e cadastrados no Minist\u00e9rio do Turismo (Cadastur). Ao todo, 20 profissionais est\u00e3o participando&#8230;.<!-- AddThis Advanced Settings generic via filter on wp_trim_excerpt --><!-- AddThis Share Buttons generic via filter on wp_trim_excerpt --><\/p>\n","protected":false},"author":17,"featured_media":80273,"comment_status":"closed","ping_status":"closed","sticky":false,"template":"","format":"standard","meta":{"_monsterinsights_skip_tracking":false,"_monsterinsights_sitenote_active":false,"_monsterinsights_sitenote_note":"","_monsterinsights_sitenote_category":0,"_uf_show_specific_survey":0,"_uf_disable_surveys":false,"footnotes":""},"categories":[1390,1402],"tags":[5220,3068,4328,38,4270],"class_list":["post-80272","post","type-post","status-publish","format-standard","has-post-thumbnail","hentry","category-editorias","category-cidades","tag-capacitacao-tecnica-sobre-turismo-historico","tag-jose-bonifacio","tag-ministerio-do-turismo","tag-pdt","tag-prefeitura-de-cabo-frio-rj"],"acf":[],"_links":{"self":[{"href":"https:\/\/pdt-rj.org.br\/index.php\/wp-json\/wp\/v2\/posts\/80272","targetHints":{"allow":["GET"]}}],"collection":[{"href":"https:\/\/pdt-rj.org.br\/index.php\/wp-json\/wp\/v2\/posts"}],"about":[{"href":"https:\/\/pdt-rj.org.br\/index.php\/wp-json\/wp\/v2\/types\/post"}],"author":[{"embeddable":true,"href":"https:\/\/pdt-rj.org.br\/index.php\/wp-json\/wp\/v2\/users\/17"}],"replies":[{"embeddable":true,"href":"https:\/\/pdt-rj.org.br\/index.php\/wp-json\/wp\/v2\/comments?post=80272"}],"version-history":[{"count":2,"href":"https:\/\/pdt-rj.org.br\/index.php\/wp-json\/wp\/v2\/posts\/80272\/revisions"}],"predecessor-version":[{"id":80275,"href":"https:\/\/pdt-rj.org.br\/index.php\/wp-json\/wp\/v2\/posts\/80272\/revisions\/80275"}],"wp:featuredmedia":[{"embeddable":true,"href":"https:\/\/pdt-rj.org.br\/index.php\/wp-json\/wp\/v2\/media\/80273"}],"wp:attachment":[{"href":"https:\/\/pdt-rj.org.br\/index.php\/wp-json\/wp\/v2\/media?parent=80272"}],"wp:term":[{"taxonomy":"category","embeddable":true,"href":"https:\/\/pdt-rj.org.br\/index.php\/wp-json\/wp\/v2\/categories?post=80272"},{"taxonomy":"post_tag","embeddable":true,"href":"https:\/\/pdt-rj.org.br\/index.php\/wp-json\/wp\/v2\/tags?post=80272"}],"curies":[{"name":"wp","href":"https:\/\/api.w.org\/{rel}","templated":true}]}}